{"id":165276,"date":"2025-08-19T00:39:00","date_gmt":"2025-08-19T00:39:00","guid":{"rendered":"https:\/\/somoscordobeses.com\/2025\/08\/18\/liliana-olivero-lo-que-esta-en-juego-es-el-destino-de-nuestro-pais\/"},"modified":"2025-08-19T00:39:00","modified_gmt":"2025-08-19T00:39:00","slug":"liliana-olivero-lo-que-esta-en-juego-es-el-destino-de-nuestro-pais","status":"publish","type":"post","link":"http:\/\/cordobainforma.info\/index.php\/2025\/08\/19\/liliana-olivero-lo-que-esta-en-juego-es-el-destino-de-nuestro-pais\/","title":{"rendered":"Liliana Olivero: \u00abLo que est\u00e1 en juego es el destino de nuestro pa\u00eds\u00bb"},"content":{"rendered":"<div><img src=\"http:\/\/cordobainforma.info\/wp-content\/uploads\/2025\/08\/liliana-olivero-lo-que-esta-en-juego-es-el-destino-de-nuestro-pais.jpg\" class=\"ff-og-image-inserted\"><\/div>\n<p>Liliana Olivero encabeza la lista del Frente de Izquierda Unidad de cara a las elecciones legislativas del pr\u00f3ximo 26 de octubre. Este lunes, visit\u00f3 el programa C\u00f3rdoba en Foco que se emite por Canal 10 y el streaming de los SRT Media.<\/p>\n<p>La candidata a diputada, y referente local, asegur\u00f3 que este a\u00f1o ve que \u201clo que est\u00e1 en juego es el destino de nuestro pa\u00eds\u201d y asegur\u00f3 que el modelo de Javier Milei afect\u00f3 a los laburantes y las laburantes, a los jubilados, a la juventud, a las mujeres y a las disidencias.<\/p>\n<p>Estos sectores vienen perdiendo hace casi dos a\u00f1os, precis\u00f3 Olivero, mientras que la motosierra mile\u00edsta no afect\u00f3 los bolsillos de las grandes empresas.<\/p>\n<figure data-url=\"https:\/\/www.youtube.com\/watch?v=TNa7Zbi6PxM\" data-html data-tadevel-template=\"web\/multimedia\" data-type=\"video\">\n<div data-facade-target data-tadevel-template=\"web\/aspect-ratio\" data-sizer=\"aspect-ratio\"><template> <iframe allow=\"accelerometer; autoplay; clipboard-write; encrypted-media; gyroscope; picture-in-picture\" sandbox=\"allow-scripts allow-same-origin allow-popups allow-popups-to-escape-sandbox\" src=\"https:\/\/www.youtube.com\/embed\/TNa7Zbi6PxM?feature=oembed&amp;autoplay=1\" allowfullscreen data-tadevel-template=\"web\/multimedia-iframe\" frameborder=\"no\" loading=\"lazy\" scrolling=\"no\">[embedded content]<\/iframe><\/template><\/div><figcaption>\n<p>Liliana Olivero en C\u00f3rdoba en Foco de cara a las elecciones legislativas<\/p>\n<\/figcaption><\/figure>\n<p>\u201cSi no discutimos qu\u00e9 modelo de pa\u00eds queremos y con qu\u00e9 pol\u00edtica llegamos a ese pa\u00eds estamos viviendo un capitalismo que no tiene m\u00e1s para darnos, pero s\u00ed para sacarnos todo lo que pueda, como las conquistas hist\u00f3ricas\u201d, remarc\u00f3 la candidata.<\/p>\n<p>Adem\u00e1s, aprovech\u00f3 para criticar la complicidad de los gobernadores que le dieron las herramientas al presidente para llevar adelante la pol\u00edtica de ajuste que se vive actualmente en el pa\u00eds.&nbsp;<\/p>\n<p>\u201cEl Frente de Izquierda Unidad viene a presentar esa discusi\u00f3n\u201d, plante\u00f3. Y critic\u00f3 que se pague la deuda externa al Fondo Monetario Internacional y a los fondos buitres ya que con ese dinero se podr\u00edan hacer un mont\u00f3n de cosas como mejoras salariales y garantizar el funcionamiento de las universidades nacionales.<\/p>\n","protected":false},"excerpt":{"rendered":"<p>Liliana Olivero encabeza la lista del Frente de Izquierda Unidad de cara a las elecciones legislativas del pr\u00f3ximo 26 de octubre. Este lunes, visit\u00f3 el programa C\u00f3rdoba en Foco que se emite por Canal 10 y el streaming de los SRT Media. La candidata a diputada, y referente local, asegur\u00f3 que este a\u00f1o ve que [&hellip;]<\/p>\n","protected":false},"author":1,"featured_media":165277,"comment_status":"closed","ping_status":"closed","sticky":false,"template":"","format":"standard","meta":[],"categories":[2],"tags":[],"_links":{"self":[{"href":"http:\/\/cordobainforma.info\/index.php\/wp-json\/wp\/v2\/posts\/165276"}],"collection":[{"href":"http:\/\/cordobainforma.info\/index.php\/wp-json\/wp\/v2\/posts"}],"about":[{"href":"http:\/\/cordobainforma.info\/index.php\/wp-json\/wp\/v2\/types\/post"}],"author":[{"embeddable":true,"href":"http:\/\/cordobainforma.info\/index.php\/wp-json\/wp\/v2\/users\/1"}],"replies":[{"embeddable":true,"href":"http:\/\/cordobainforma.info\/index.php\/wp-json\/wp\/v2\/comments?post=165276"}],"version-history":[{"count":0,"href":"http:\/\/cordobainforma.info\/index.php\/wp-json\/wp\/v2\/posts\/165276\/revisions"}],"wp:featuredmedia":[{"embeddable":true,"href":"http:\/\/cordobainforma.info\/index.php\/wp-json\/wp\/v2\/media\/165277"}],"wp:attachment":[{"href":"http:\/\/cordobainforma.info\/index.php\/wp-json\/wp\/v2\/media?parent=165276"}],"wp:term":[{"taxonomy":"category","embeddable":true,"href":"http:\/\/cordobainforma.info\/index.php\/wp-json\/wp\/v2\/categories?post=165276"},{"taxonomy":"post_tag","embeddable":true,"href":"http:\/\/cordobainforma.info\/index.php\/wp-json\/wp\/v2\/tags?post=165276"}],"curies":[{"name":"wp","href":"https:\/\/api.w.org\/{rel}","templated":true}]}}