{"id":165228,"date":"2025-08-18T11:07:24","date_gmt":"2025-08-18T11:07:24","guid":{"rendered":"https:\/\/www.mujerhoy.com\/moda\/no-te-pierdas\/ideas-looks-basicos-entretiempo-mujeres-50-anos-20240828075410-nt.html"},"modified":"2025-08-18T11:07:24","modified_gmt":"2025-08-18T11:07:24","slug":"6-ideas-de-looks-con-basicos-de-entretiempo-con-los-que-verte-favorecida-a-los-50","status":"publish","type":"post","link":"http:\/\/cordobainforma.info\/index.php\/2025\/08\/18\/6-ideas-de-looks-con-basicos-de-entretiempo-con-los-que-verte-favorecida-a-los-50\/","title":{"rendered":"6 ideas de looks con b\u00e1sicos de entretiempo con los que verte favorecida a los 50"},"content":{"rendered":"<p><!-- AUTHOR --><\/p>\n<div class=\"voc-author-timesocial \">\n<!-- AUTHOR --><\/p>\n<div class=\"voc-author-timesocial__signature \">\n<!-- IMAGE AUTHOR -->\n<picture class=\"voc-image-signature\">\n<img class=\"voc-image-signature__img\" src=\"http:\/\/cordobainforma.info\/wp-content\/uploads\/2025\/08\/6-ideas-de-looks-con-basicos-de-entretiempo-con-los-que-verte-favorecida-a-los-50.jpg\" alt=\"Elena Romero Vargas\">\n<\/picture>\n<!-- INFO AUTHOR --> <\/div><\/div>\n<p><!-- COMPONENTS --><\/p>\n<p class=\"voc-paragraph\">Con los \u00faltimos coletazos del verano es el momento de empezar a pensar en <span id=\"U220883496180BB\">los estilismos de entretiempo<\/span>. Como cada temporada, <a href=\"https:\/\/www.mujerhoy.com\/moda\/tendencias\/tendencias-otono-2024-colores-prendas-estampados-temporada-20240730091002-nt.html\" target=\"_self\" data-voc-vtm-id=\"in-text-traffic\" title=\"este oto\u00f1o tambi\u00e9n viene cargado de tendencias\" data-mrf-link=\"www.mujerhoy.com\" rel=\"noopener noreferrer\">este oto\u00f1o tambi\u00e9n viene cargado de tendencias<\/a> que van a darle a tus looks un toque de lo m\u00e1s especial acorde al nuevo cambio de temperatura. Sin embargo, a la hora de buscar looks c\u00f3modos y acertados, no hay nada como <span id=\"U220883496180UNH\">optar por los b\u00e1sicos<\/span>.<\/p>\n<p class=\"voc-paragraph\">Las gabardinas, los<a href=\"https:\/\/www.mujerhoy.com\/moda\/tendencias\/como-comprar-vaqueros-perfectos-despues-50-que-estilos-favorecen-20240118065414-nt.html\" target=\"_self\" data-voc-vtm-id=\"in-text-traffic\" title=\" vaqueros rectos \" data-mrf-link=\"www.mujerhoy.com\" rel=\"noopener noreferrer\"> vaqueros rectos <\/a>o las camisas blancas son algunas de las prendas que no pueden faltar en cualquier armario de entretiempo y que <span id=\"U220883496180tzH\">nunca pasan de moda<\/span>. Una de las grandes ventajas de contar con estas piezas en tu guardarropa es que te permiten crear <a href=\"https:\/\/www.mujerhoy.com\/lujo-slow\/que-me-pongo-entretiempo-mejores-looks-basicos-lujo-silencioso-20240414095224-nt.html\" target=\"_self\" data-voc-vtm-id=\"in-text-traffic\" title=\"infinidad de estilismos distintos con pocas prendas\" data-mrf-link=\"www.mujerhoy.com\" rel=\"noopener noreferrer\">infinidad de estilismos distintos con pocas prendas<\/a>, lo que te solucionar\u00e1 muchos de esos d\u00edas en los que buscas ir sencilla sin renunciar al estilo.<\/p>\n<div class=\"v-c-cmp v-c-cmp--t1\">\n<div class=\"v-cmp-rld v-cmp-rld--1 \">\n<article class=\"v-a v-a--cmp-rld v-a--cmp-rld-1 v-a--p-l\">\n<div class=\"v-a-img-c \">\n<div class=\"v-a-fig\">\n<a href=\"https:\/\/www.mujerhoy.com\/mujerhoy_2017\/noticias\/202310\/15\/moda\/no-te-pierdas\/ideas-50-anos-street-style.xml#vtm_modulosEngag=mod-rel:moda:noticia:1:cmp:1-not\" class=\"v-a-link\" aria-label=\"Imagen\"><\/p>\n<div class=\"v-a-link\">\n<img loading=\"lazy\" src=\"http:\/\/cordobainforma.info\/wp-content\/uploads\/2025\/08\/6-ideas-de-looks-con-basicos-de-entretiempo-con-los-que-verte-favorecida-a-los-50-1.jpg\" class=\"v-a-img\" width=\"180\" height=\"110\" alt data-voc-vtm-id=\"in-text-traffic\">\n<\/div>\n<p><\/a>\n<\/div>\n<\/div>\n<\/article>\n<\/div>\n<\/div>\n<p class=\"voc-paragraph\">Si eres de las que ya est\u00e1s buscando inspiraci\u00f3n para los looks de la pr\u00f3xima temporada y quieres combinar la sencillez con la elegancia, te traemos lo que necesitas. <span id=\"U220883496180TCI\">Kelly Rutherford<\/span>, la celebritie que es todo un <a href=\"https:\/\/www.mujerhoy.com\/moda\/no-te-pierdas\/estilo-kelly-rutherford-20240111073859-nt.html\" target=\"_self\" data-voc-vtm-id=\"in-text-traffic\" title=\"icono de estilo Silver\" data-mrf-link=\"www.mujerhoy.com\" rel=\"noopener noreferrer\">icono de estilo Silver<\/a>, tiene los estilismos con b\u00e1sicos m\u00e1s bonitos que vas a querer copiar esta temporada. Estos outfits ser\u00e1n tus mejores aliados en los pr\u00f3ximos meses:<\/p>\n<div class=\"v-c-cmp\">\n<div class=\"v-cmp-m \">\n<div class=\"v-a v-a--cmp-m v-a--cmp-m-z\">\n<div class=\"v-a-img-c\">\n<figure class=\"v-a-fig\">\n<button class=\"v-a-link\" popovertarget=\"open-c-zoom5\"><br \/>\n<img loading=\"lazy\" src=\"http:\/\/cordobainforma.info\/wp-content\/uploads\/2025\/08\/6-ideas-de-looks-con-basicos-de-entretiempo-con-los-que-verte-favorecida-a-los-50-2.jpg\" class=\"v-a-img\" width=\"650\" height=\"900\" alt=\"Imagen - @kellyrutherford\"> <\/button><figcaption class=\"v-fc\">\n<span class=\"v-fc__t\"><br \/>\n@kellyrutherford<br \/>\n<\/span><br \/>\n<\/figcaption><\/figure>\n<\/div>\n<\/div>\n<\/div>\n<\/div>\n<div id=\"open-c-zoom5\" popover class=\"v-mdl v-mdl--fw\">\n<button class=\"v-x\" popovertarget=\"open-c-zoom5\" popovertargetaction=\"hide\"><br \/>\n<span class=\"v-i\"><br \/>\n<svg width=\"24\" height=\"23.996\" viewBox=\"0 0 24 23.996\">\n<path data-name=\"Uni\u00f3n 29\" d=\"M12,14.03,2.031,24,0,21.963,9.968,12,0,2.033,2.031,0,12,9.966,21.969,0,24,2.033,14.032,12,24,21.963,21.969,24Z\" \/>\n<\/svg><br \/>\n<\/span><br \/>\n<\/button><\/p>\n<div class=\"v-mdl__c\">\n<div class=\"v-mdl__w\">\n<img loading=\"lazy\" src=\"http:\/\/cordobainforma.info\/wp-content\/uploads\/2025\/08\/6-ideas-de-looks-con-basicos-de-entretiempo-con-los-que-verte-favorecida-a-los-50-2.jpg\" class=\"v-mdl__img-z\" width=\"650\" height=\"900\" alt=\"Imagen - @kellyrutherford\">\n<\/div>\n<\/div>\n<\/div>\n<p><span class=\"v-bdp\"><\/span><\/p>\n<p><h3 class=\"v-cmp-suh\">\nVaqueros y camisas<br \/>\n<\/h3>\n<\/p>\n<p class=\"voc-paragraph\">Kelly Rutherford es el mejor ejemplo de que, a la hora de vestir bien, el menos es m\u00e1s es la f\u00f3rmula que nunca falla. En este caso, combina dos prendas tan sencillas como vers\u00e1tiles: <span id=\"U2208834961807NF\">unos vaqueros y una camisa<\/span>. Si por separado tienen mil posibilidades, juntas crean el look ideal para diario. Adem\u00e1s, puedes elevar o rebajar tu estilismo jugando con los complementos. Comb\u00ednalo con <a href=\"https:\/\/www.mujerhoy.com\/moda\/no-te-pierdas\/slingbacks-bailarinas-destalonadas-zapatos-planos-primavera-20240416123101-nt.html\" target=\"_self\" data-voc-vtm-id=\"in-text-traffic\" title=\"merceditas destalonadas\" data-mrf-link=\"www.mujerhoy.com\" rel=\"noopener noreferrer\">merceditas destalonadas<\/a> para darle un aire m\u00e1s sofisticado o con <a href=\"https:\/\/www.mujerhoy.com\/moda\/no-te-pierdas\/zapatillas-blancas-clasicas-minimalistas-comodas-20230930164532-nt.html\" target=\"_self\" data-voc-vtm-id=\"in-text-traffic\" title=\"zapatillas blancas\" data-mrf-link=\"www.mujerhoy.com\" rel=\"noopener noreferrer\">zapatillas blancas<\/a> si prefieres priorizar el confort.<\/p>\n<div class=\"v-c-cmp\">\n<div class=\"v-cmp-m \">\n<div class=\"v-a v-a--cmp-m v-a--cmp-m-z\">\n<div class=\"v-a-img-c\">\n<figure class=\"v-a-fig\">\n<button class=\"v-a-link\" popovertarget=\"open-c-zoom8\"><br \/>\n<img loading=\"lazy\" src=\"http:\/\/cordobainforma.info\/wp-content\/uploads\/2025\/08\/6-ideas-de-looks-con-basicos-de-entretiempo-con-los-que-verte-favorecida-a-los-50-3.jpg\" class=\"v-a-img\" width=\"650\" height=\"900\" alt=\"Imagen - @kellyrutherford\"> <\/button><figcaption class=\"v-fc\">\n<span class=\"v-fc__t\"><br \/>\n@kellyrutherford<br \/>\n<\/span><br \/>\n<\/figcaption><\/figure>\n<\/div>\n<\/div>\n<\/div>\n<\/div>\n<div id=\"open-c-zoom8\" popover class=\"v-mdl v-mdl--fw\">\n<button class=\"v-x\" popovertarget=\"open-c-zoom8\" popovertargetaction=\"hide\"><br \/>\n<span class=\"v-i\"><br \/>\n<svg width=\"24\" height=\"23.996\" viewBox=\"0 0 24 23.996\">\n<path data-name=\"Uni\u00f3n 29\" d=\"M12,14.03,2.031,24,0,21.963,9.968,12,0,2.033,2.031,0,12,9.966,21.969,0,24,2.033,14.032,12,24,21.963,21.969,24Z\" \/>\n<\/svg><br \/>\n<\/span><br \/>\n<\/button><\/p>\n<div class=\"v-mdl__c\">\n<div class=\"v-mdl__w\">\n<img loading=\"lazy\" src=\"http:\/\/cordobainforma.info\/wp-content\/uploads\/2025\/08\/6-ideas-de-looks-con-basicos-de-entretiempo-con-los-que-verte-favorecida-a-los-50-3.jpg\" class=\"v-mdl__img-z\" width=\"650\" height=\"900\" alt=\"Imagen - @kellyrutherford\">\n<\/div>\n<\/div>\n<\/div>\n<p><span class=\"v-bdp\"><\/span><\/p>\n<p><h3 class=\"v-cmp-suh\">\nVaqueros y jers\u00e9is<br \/>\n<\/h3>\n<\/p>\n<p class=\"voc-paragraph\">Otra forma de llevar tus vaqueros este oto\u00f1o es combin\u00e1ndolo con <span id=\"U2208834961802LB\">jers\u00e9is calentitos para los d\u00edas m\u00e1s fr\u00edos<\/span>. Es el momento de empezar a sacar estas prendas de abrigo tan agradables como estilosas y si quieres hacer un look f\u00e1cil pero acertado con ellas no hay nada como llevarlas con los vaqueros que no te vas a quitar en toda la temporada. \u00bfEl truco de estilo de Rutherford? Completar el look con accesorios como los pa\u00f1uelos para darle un toque a\u00fan m\u00e1s especial.<\/p>\n<div class=\"v-c-cmp\">\n<div class=\"v-cmp-m \">\n<div class=\"v-a v-a--cmp-m v-a--cmp-m-z\">\n<div class=\"v-a-img-c\">\n<figure class=\"v-a-fig\">\n<button class=\"v-a-link\" popovertarget=\"open-c-zoom11\"><br \/>\n<img loading=\"lazy\" src=\"http:\/\/cordobainforma.info\/wp-content\/uploads\/2025\/08\/6-ideas-de-looks-con-basicos-de-entretiempo-con-los-que-verte-favorecida-a-los-50-4.jpg\" class=\"v-a-img\" width=\"650\" height=\"900\" alt=\"Imagen - @kellyrutherford\"> <\/button><figcaption class=\"v-fc\">\n<span class=\"v-fc__t\"><br \/>\n@kellyrutherford<br \/>\n<\/span><br \/>\n<\/figcaption><\/figure>\n<\/div>\n<\/div>\n<\/div>\n<\/div>\n<div id=\"open-c-zoom11\" popover class=\"v-mdl v-mdl--fw\">\n<button class=\"v-x\" popovertarget=\"open-c-zoom11\" popovertargetaction=\"hide\"><br \/>\n<span class=\"v-i\"><br \/>\n<svg width=\"24\" height=\"23.996\" viewBox=\"0 0 24 23.996\">\n<path data-name=\"Uni\u00f3n 29\" d=\"M12,14.03,2.031,24,0,21.963,9.968,12,0,2.033,2.031,0,12,9.966,21.969,0,24,2.033,14.032,12,24,21.963,21.969,24Z\" \/>\n<\/svg><br \/>\n<\/span><br \/>\n<\/button><\/p>\n<div class=\"v-mdl__c\">\n<div class=\"v-mdl__w\">\n<img loading=\"lazy\" src=\"http:\/\/cordobainforma.info\/wp-content\/uploads\/2025\/08\/6-ideas-de-looks-con-basicos-de-entretiempo-con-los-que-verte-favorecida-a-los-50-4.jpg\" class=\"v-mdl__img-z\" width=\"650\" height=\"900\" alt=\"Imagen - @kellyrutherford\">\n<\/div>\n<\/div>\n<\/div>\n<p><span class=\"v-bdp\"><\/span><\/p>\n<p><h3 class=\"v-cmp-suh\">\nFaldas blancas y jers\u00e9is<br \/>\n<\/h3>\n<\/p>\n<p class=\"voc-paragraph\">Si quieres elevar un poco m\u00e1s tus looks con jers\u00e9is,<span id=\"U220883496180S8\"> prueba a combinarlos con faldas<\/span>. Este look de Kelly Rutherford, adem\u00e1s, te da las claves para reinventar una de las tendencias m\u00e1s potentes de este verano: <a href=\"https:\/\/www.mujerhoy.com\/moda\/no-te-pierdas\/faldas-blancas-amplias-tendencia-20240415165753-nt.html\" target=\"_self\" data-voc-vtm-id=\"in-text-traffic\" title=\"la de las faldas blancas\" data-mrf-link=\"www.mujerhoy.com\" rel=\"noopener noreferrer\">la de las faldas blancas<\/a>. Si eres de las que ca\u00edste en la tentaci\u00f3n de hacerte con una de ellas, puedes seguir sac\u00e1ndole partido en oto\u00f1o llev\u00e1ndola con prendas m\u00e1s c\u00e1lidas y adecuadas a este momento del a\u00f1o.<\/p>\n<div class=\"v-c-cmp\">\n<div class=\"v-cmp-m \">\n<div class=\"v-a v-a--cmp-m v-a--cmp-m-z\">\n<div class=\"v-a-img-c\">\n<figure class=\"v-a-fig\">\n<button class=\"v-a-link\" popovertarget=\"open-c-zoom14\"><br \/>\n<img loading=\"lazy\" src=\"http:\/\/cordobainforma.info\/wp-content\/uploads\/2025\/08\/6-ideas-de-looks-con-basicos-de-entretiempo-con-los-que-verte-favorecida-a-los-50-5.jpg\" class=\"v-a-img\" width=\"650\" height=\"900\" alt=\"Imagen - @kellyrutherford\"> <\/button><figcaption class=\"v-fc\">\n<span class=\"v-fc__t\"><br \/>\n@kellyrutherford<br \/>\n<\/span><br \/>\n<\/figcaption><\/figure>\n<\/div>\n<\/div>\n<\/div>\n<\/div>\n<div id=\"open-c-zoom14\" popover class=\"v-mdl v-mdl--fw\">\n<button class=\"v-x\" popovertarget=\"open-c-zoom14\" popovertargetaction=\"hide\"><br \/>\n<span class=\"v-i\"><br \/>\n<svg width=\"24\" height=\"23.996\" viewBox=\"0 0 24 23.996\">\n<path data-name=\"Uni\u00f3n 29\" d=\"M12,14.03,2.031,24,0,21.963,9.968,12,0,2.033,2.031,0,12,9.966,21.969,0,24,2.033,14.032,12,24,21.963,21.969,24Z\" \/>\n<\/svg><br \/>\n<\/span><br \/>\n<\/button><\/p>\n<div class=\"v-mdl__c\">\n<div class=\"v-mdl__w\">\n<img loading=\"lazy\" src=\"http:\/\/cordobainforma.info\/wp-content\/uploads\/2025\/08\/6-ideas-de-looks-con-basicos-de-entretiempo-con-los-que-verte-favorecida-a-los-50-5.jpg\" class=\"v-mdl__img-z\" width=\"650\" height=\"900\" alt=\"Imagen - @kellyrutherford\">\n<\/div>\n<\/div>\n<\/div>\n<p><span class=\"v-bdp\"><\/span><\/p>\n<p><h3 class=\"v-cmp-suh\">\nFaldas vaqueras y camisas<br \/>\n<\/h3>\n<\/p>\n<p class=\"voc-paragraph\">En materia de faldas, una de las que tambi\u00e9n van a ser muy protagonistas este oto\u00f1o y que llevan varias temporadas formando parte de nuestro armario son <span id=\"U220883496180njG\">las vaqueras<\/span>. Tienen tantas posibilidades como su versi\u00f3n en pantal\u00f3n y puedes llevarla tanto en ocasiones m\u00e1s formales como en aquellas en las que prefieras un aire m\u00e1s juvenil. Este oto\u00f1o, pueba a combinarla con las camisas de tu fondo de armario para darle un toque corporativo de lo m\u00e1s chic.<\/p>\n<div class=\"v-c-cmp\">\n<div class=\"v-cmp-m \">\n<div class=\"v-a v-a--cmp-m v-a--cmp-m-z\">\n<div class=\"v-a-img-c\">\n<figure class=\"v-a-fig\">\n<button class=\"v-a-link\" popovertarget=\"open-c-zoom17\"><br \/>\n<img loading=\"lazy\" src=\"http:\/\/cordobainforma.info\/wp-content\/uploads\/2025\/08\/6-ideas-de-looks-con-basicos-de-entretiempo-con-los-que-verte-favorecida-a-los-50-6.jpg\" class=\"v-a-img\" width=\"650\" height=\"900\" alt=\"Imagen - @kellyrutherford\"> <\/button><figcaption class=\"v-fc\">\n<span class=\"v-fc__t\"><br \/>\n@kellyrutherford<br \/>\n<\/span><br \/>\n<\/figcaption><\/figure>\n<\/div>\n<\/div>\n<\/div>\n<\/div>\n<div id=\"open-c-zoom17\" popover class=\"v-mdl v-mdl--fw\">\n<button class=\"v-x\" popovertarget=\"open-c-zoom17\" popovertargetaction=\"hide\"><br \/>\n<span class=\"v-i\"><br \/>\n<svg width=\"24\" height=\"23.996\" viewBox=\"0 0 24 23.996\">\n<path data-name=\"Uni\u00f3n 29\" d=\"M12,14.03,2.031,24,0,21.963,9.968,12,0,2.033,2.031,0,12,9.966,21.969,0,24,2.033,14.032,12,24,21.963,21.969,24Z\" \/>\n<\/svg><br \/>\n<\/span><br \/>\n<\/button><\/p>\n<div class=\"v-mdl__c\">\n<div class=\"v-mdl__w\">\n<img loading=\"lazy\" src=\"http:\/\/cordobainforma.info\/wp-content\/uploads\/2025\/08\/6-ideas-de-looks-con-basicos-de-entretiempo-con-los-que-verte-favorecida-a-los-50-6.jpg\" class=\"v-mdl__img-z\" width=\"650\" height=\"900\" alt=\"Imagen - @kellyrutherford\">\n<\/div>\n<\/div>\n<\/div>\n<p><span class=\"v-bdp\"><\/span><\/p>\n<p><h3 class=\"v-cmp-suh\">\nTrajes de sastre<br \/>\n<\/h3>\n<\/p>\n<p class=\"voc-paragraph\">Si hablamos de estilismos elegantes sin complicaciones, no podemos pasar por alto los <span id=\"U220883496180DDB\">total looks<\/span>. En concreto, es el momento de recuperar los trajes de sastre que traen de vuelta uno de los imprescindibles entre las m\u00e1s elegantes: las americanas. Apuesta por uno en tonos neutros que te permiten desde la opci\u00f3n m\u00e1s sobria con complementos en tonos similares hasta otras m\u00e1s atrevidas incoporando, por ejemplo, <a href=\"https:\/\/www.mujerhoy.com\/moda\/tendencias\/bailarinas-rojas-para-transformar-looks-aburridos-20240326131020-nt.html\" target=\"_self\" data-voc-vtm-id=\"in-text-traffic\" title=\"zapatos de alg\u00fan color m\u00e1s especial\" data-mrf-link=\"www.mujerhoy.com\" rel=\"noopener noreferrer\">zapatos de alg\u00fan color m\u00e1s especial<\/a>.<\/p>\n<div class=\"v-c-cmp\">\n<div class=\"v-cmp-m \">\n<div class=\"v-a v-a--cmp-m v-a--cmp-m-z\">\n<div class=\"v-a-img-c\">\n<figure class=\"v-a-fig\">\n<button class=\"v-a-link\" popovertarget=\"open-c-zoom21\"><br \/>\n<img loading=\"lazy\" src=\"http:\/\/cordobainforma.info\/wp-content\/uploads\/2025\/08\/6-ideas-de-looks-con-basicos-de-entretiempo-con-los-que-verte-favorecida-a-los-50-7.jpg\" class=\"v-a-img\" width=\"650\" height=\"900\" alt=\"Imagen - @kellyrutherford\"> <\/button><figcaption class=\"v-fc\">\n<span class=\"v-fc__t\"><br \/>\n@kellyrutherford<br \/>\n<\/span><br \/>\n<\/figcaption><\/figure>\n<\/div>\n<\/div>\n<\/div>\n<\/div>\n<div id=\"open-c-zoom21\" popover class=\"v-mdl v-mdl--fw\">\n<button class=\"v-x\" popovertarget=\"open-c-zoom21\" popovertargetaction=\"hide\"><br \/>\n<span class=\"v-i\"><br \/>\n<svg width=\"24\" height=\"23.996\" viewBox=\"0 0 24 23.996\">\n<path data-name=\"Uni\u00f3n 29\" d=\"M12,14.03,2.031,24,0,21.963,9.968,12,0,2.033,2.031,0,12,9.966,21.969,0,24,2.033,14.032,12,24,21.963,21.969,24Z\" \/>\n<\/svg><br \/>\n<\/span><br \/>\n<\/button><\/p>\n<div class=\"v-mdl__c\">\n<div class=\"v-mdl__w\">\n<img loading=\"lazy\" src=\"http:\/\/cordobainforma.info\/wp-content\/uploads\/2025\/08\/6-ideas-de-looks-con-basicos-de-entretiempo-con-los-que-verte-favorecida-a-los-50-7.jpg\" class=\"v-mdl__img-z\" width=\"650\" height=\"900\" alt=\"Imagen - @kellyrutherford\">\n<\/div>\n<\/div>\n<\/div>\n<p><span class=\"v-bdp\"><\/span><\/p>\n<p><h3 class=\"v-cmp-suh\">\nGabardinas<br \/>\n<\/h3>\n<\/p>\n<p class=\"voc-paragraph\">\u00bfQu\u00e9 ser\u00eda de un armario de entretiempo sin <span id=\"U220883496180wc\">las gabardinas<\/span>? La prenda de abrigo por excelencia de esta temporada es fundamental si quieres ir bien vestida sin complicarte demasiado. Puedes llevarla tanto con vaqueros como con faldas o vestidos, as\u00ed como, dependiendo de tu estilo, puedes llevar desde modelos m\u00e1s cl\u00e1sicos hasta <a href=\"https:\/\/www.mujerhoy.com\/moda\/no-te-pierdas\/gabardinas-toque-especial-originales-perfectas-entretiempo-20240323143512-nt.html\" target=\"_self\" data-voc-vtm-id=\"in-text-traffic\" title=\"otros mucho m\u00e1s originales\" data-mrf-link=\"www.mujerhoy.com\" rel=\"noopener noreferrer\">otros mucho m\u00e1s originales<\/a> si buscas un resultado sencillo y rompedor.<\/p>\n<div class=\"v-c-cmp v-c-cmp--t1 \">\n<div class=\"v-cmp-rld v-cmp-rld--2 \">\n<div class=\"v-cnt-m v-cnt-m--m\">\n<div class=\"v-cnt-m__c\">\n<div class=\"v-cnt-m__w v-cnt-m__w--1\">\n<p class=\"v-cnt-m__t\">\nNO TE PIERDAS\n<\/p>\n<\/div>\n<\/div>\n<\/div>\n<div class=\"v-g v-g--2-c v-g--bdr-min-xs\">\n<div class=\"v-g__c \">\n<article class=\"v-a v-a--cmp-rld v-a--cmp-rld-2 v-a--p-l\">\n<div class=\"v-a-img-c\">\n<figure class=\"v-a-fig\">\n<a href=\"https:\/\/www.mujerhoy.com\/mujerhoy_2017\/noticias\/202310\/08\/moda\/no-te-pierdas\/trucos-estilo-influencers.xml#vtm_modulosEngag=mod-rel:moda:noticia:1:cmp:2-not\" class=\"v-a-link\" title=\"Los trucos de estilo favoritos de las influencers de m\u00e1s de 50 a\u00f1os para rejuvenecer sus looks\"><br \/>\n<img loading=\"lazy\" class=\"v-a-img\" src=\"http:\/\/cordobainforma.info\/wp-content\/uploads\/2025\/08\/6-ideas-de-looks-con-basicos-de-entretiempo-con-los-que-verte-favorecida-a-los-50-8.jpg\" alt=\"Los trucos de estilo favoritos de las influencers de m\u00e1s de 50 a\u00f1os para rejuvenecer sus looks\"><br \/>\n<\/a><br \/>\n<\/figure>\n<\/div>\n<\/article>\n<\/div>\n<div class=\"v-g__c \">\n<article class=\"v-a v-a--cmp-rld v-a--cmp-rld-2 v-a--p-l\">\n<div class=\"v-a-img-c\">\n<figure class=\"v-a-fig\">\n<a href=\"https:\/\/www.mujerhoy.com\/mujerhoy_2017\/noticias\/202202\/19\/moda\/no-te-pierdas\/chaquetas-tweed-mango-look-entretiempo.xml#vtm_modulosEngag=mod-rel:moda:noticia:2:cmp:2-not\" class=\"v-a-link\" title=\"La prenda que va a rejuvenecer tus looks de entretiempo es una chaqueta de tweed y las m\u00e1s bonitas est\u00e1n en Mango\"><br \/>\n<img loading=\"lazy\" class=\"v-a-img\" src=\"http:\/\/cordobainforma.info\/wp-content\/uploads\/2025\/08\/6-ideas-de-looks-con-basicos-de-entretiempo-con-los-que-verte-favorecida-a-los-50-9.jpg\" alt=\"La prenda que va a rejuvenecer tus looks de entretiempo es una chaqueta de tweed y las m\u00e1s bonitas est\u00e1n en Mango\"><br \/>\n<\/a><br \/>\n<\/figure>\n<\/div>\n<\/article>\n<\/div>\n<\/div>\n<\/div>\n<\/div>\n","protected":false},"excerpt":{"rendered":"<p>Con los \u00faltimos coletazos del verano es el momento de empezar a pensar en los estilismos de entretiempo. Como cada temporada, este oto\u00f1o tambi\u00e9n viene cargado de tendencias que van a darle a tus looks un toque de lo m\u00e1s especial acorde al nuevo cambio de temperatura. Sin embargo, a la hora de buscar looks [&hellip;]<\/p>\n","protected":false},"author":1,"featured_media":165229,"comment_status":"closed","ping_status":"closed","sticky":false,"template":"","format":"standard","meta":[],"categories":[24],"tags":[],"_links":{"self":[{"href":"http:\/\/cordobainforma.info\/index.php\/wp-json\/wp\/v2\/posts\/165228"}],"collection":[{"href":"http:\/\/cordobainforma.info\/index.php\/wp-json\/wp\/v2\/posts"}],"about":[{"href":"http:\/\/cordobainforma.info\/index.php\/wp-json\/wp\/v2\/types\/post"}],"author":[{"embeddable":true,"href":"http:\/\/cordobainforma.info\/index.php\/wp-json\/wp\/v2\/users\/1"}],"replies":[{"embeddable":true,"href":"http:\/\/cordobainforma.info\/index.php\/wp-json\/wp\/v2\/comments?post=165228"}],"version-history":[{"count":0,"href":"http:\/\/cordobainforma.info\/index.php\/wp-json\/wp\/v2\/posts\/165228\/revisions"}],"wp:featuredmedia":[{"embeddable":true,"href":"http:\/\/cordobainforma.info\/index.php\/wp-json\/wp\/v2\/media\/165229"}],"wp:attachment":[{"href":"http:\/\/cordobainforma.info\/index.php\/wp-json\/wp\/v2\/media?parent=165228"}],"wp:term":[{"taxonomy":"category","embeddable":true,"href":"http:\/\/cordobainforma.info\/index.php\/wp-json\/wp\/v2\/categories?post=165228"},{"taxonomy":"post_tag","embeddable":true,"href":"http:\/\/cordobainforma.info\/index.php\/wp-json\/wp\/v2\/tags?post=165228"}],"curies":[{"name":"wp","href":"https:\/\/api.w.org\/{rel}","templated":true}]}}