{"id":165216,"date":"2025-08-18T11:30:00","date_gmt":"2025-08-18T11:30:00","guid":{"rendered":"https:\/\/cordobainforma.info\/index.php\/2025\/08\/18\/con-capitanich-al-frente-el-justicialismo-busca-recuperar-protagonismo-frente-a-milei-y-zdero\/"},"modified":"2025-08-18T11:30:00","modified_gmt":"2025-08-18T11:30:00","slug":"con-capitanich-al-frente-el-justicialismo-busca-recuperar-protagonismo-frente-a-milei-y-zdero","status":"publish","type":"post","link":"http:\/\/cordobainforma.info\/index.php\/2025\/08\/18\/con-capitanich-al-frente-el-justicialismo-busca-recuperar-protagonismo-frente-a-milei-y-zdero\/","title":{"rendered":"Con Capitanich al frente, el justicialismo busca recuperar protagonismo frente a Milei y Zdero"},"content":{"rendered":"<div class=\"media_block\"><\/div>\n<div><img src=\"http:\/\/cordobainforma.info\/wp-content\/uploads\/2025\/08\/con-capitanich-al-frente-el-justicialismo-busca-recuperar-protagonismo-frente-a-milei-y-zdero.jpg\" class=\"ff-og-image-inserted\"><\/div>\n<p>El peronismo chaque\u00f1o confirm\u00f3 este s\u00e1bado la jugada que ven\u00eda insinu\u00e1ndose en los \u00faltimos d\u00edas: <strong>Jorge Capitanich encabezar\u00e1 la lista de senadores nacionales de Fuerza Patria<\/strong>, en f\u00f3rmula con la intendenta de Barranqueras, <strong>Magda Ayala<\/strong>. La decisi\u00f3n fue adoptada por unanimidad en el Congreso Provincial del Partido Justicialista realizado en Presidencia de la Plaza, y sell\u00f3 una foto de unidad tras las tensiones internas que marcaron las legislativas provinciales de mayo.<\/p>\n<p>La n\u00f3mina para el Senado se completa con el diputado Rodrigo Ocampo y la especialista en Educaci\u00f3n Mar\u00eda Laura Zacar\u00edas. En Diputados, el primer lugar qued\u00f3 para <strong>Sergio Dolce<\/strong>, intendente de Las Garcitas, acompa\u00f1ado por <strong>Julieta Campo<\/strong>, referente de la juventud peronista; <strong>Juan Manuel \u201cJuanchi\u201d Garc\u00eda<\/strong>, jefe comunal de Machagai; y <strong>Luisina Lita<\/strong>, dirigente de S\u00e1enz Pe\u00f1a.<\/p>\n<p>Capitanich plante\u00f3 en su discurso que el desaf\u00edo es <strong>\u201cvencer el escepticismo electoral\u201d<\/strong> y subray\u00f3: <em>\u201cNo todos somos iguales. No es lo mismo subir tarifas que congelarlas, no es lo mismo abandonar la obra p\u00fablica que sostenerla, no es lo mismo dejar hospitales sin insumos que garantizar la atenci\u00f3n m\u00e9dica\u201d<\/em>. En ese sentido, prometi\u00f3 que su rol en la C\u00e1mara Alta ser\u00e1 <strong>\u201cdefender al Chaco y a nuestra gente\u201d<\/strong>.<\/p>\n<p>La definici\u00f3n no solo orden\u00f3 las listas, sino que tambi\u00e9n abri\u00f3 la puerta a una <strong>reforma del PJ chaque\u00f1o<\/strong>. Se acord\u00f3 ampliar el Consejo partidario luego de las elecciones internas de noviembre, crear un registro de unidades b\u00e1sicas en toda la provincia y conformar un \u201cconsejo de notables\u201d con ex presidentes del partido. Todo con la mira puesta en <strong>2027<\/strong>.<\/p>\n<p>El frente Fuerza Patria, integrado por una decena de partidos aliados al justicialismo, busca mostrarse como la contracara de la alianza entre La Libertad Avanza y el radicalismo de Leandro Zdero, que el d\u00eda anterior oficializ\u00f3 a Juan Cruz Godoy y Silvana Schneider en la boleta para el Senado.<\/p>\n<p>El choque entre LLA y el peronismo anticipa una campa\u00f1a de alta tensi\u00f3n. Capitanich ya denunci\u00f3 que desde el oficialismo provincial se financia una <strong>\u201ccampa\u00f1a de desprestigio en redes\u201d<\/strong>, y apunt\u00f3 contra Milei y Zdero: <em>\u201cPrometieron cambio y solo trajeron retroceso y odio\u201d<\/em>.<\/p>\n<p>Con la unidad sellada y nombres de peso en la boleta, el peronismo chaque\u00f1o apuesta a recuperar terreno frente a un libertarismo que creci\u00f3 en mayo y que ahora busca proyectar su poder al Congreso. El <strong>26 de octubre<\/strong> se reeditar\u00e1 en Chaco una pulseada nacional en clave local: Milei y Zdero de un lado, Capitanich y Ayala del otro.<\/p>\n<div class=\"article__tags\">\n<p>En esta Nota<\/p>\n<\/p><\/div>\n","protected":false},"excerpt":{"rendered":"<p>El peronismo chaque\u00f1o confirm\u00f3 este s\u00e1bado la jugada que ven\u00eda insinu\u00e1ndose en los \u00faltimos d\u00edas: Jorge Capitanich encabezar\u00e1 la lista de senadores nacionales de Fuerza Patria, en f\u00f3rmula con la intendenta de Barranqueras, Magda Ayala. La decisi\u00f3n fue adoptada por unanimidad en el Congreso Provincial del Partido Justicialista realizado en Presidencia de la Plaza, y [&hellip;]<\/p>\n","protected":false},"author":1,"featured_media":165217,"comment_status":"closed","ping_status":"closed","sticky":false,"template":"","format":"standard","meta":[],"categories":[2],"tags":[],"_links":{"self":[{"href":"http:\/\/cordobainforma.info\/index.php\/wp-json\/wp\/v2\/posts\/165216"}],"collection":[{"href":"http:\/\/cordobainforma.info\/index.php\/wp-json\/wp\/v2\/posts"}],"about":[{"href":"http:\/\/cordobainforma.info\/index.php\/wp-json\/wp\/v2\/types\/post"}],"author":[{"embeddable":true,"href":"http:\/\/cordobainforma.info\/index.php\/wp-json\/wp\/v2\/users\/1"}],"replies":[{"embeddable":true,"href":"http:\/\/cordobainforma.info\/index.php\/wp-json\/wp\/v2\/comments?post=165216"}],"version-history":[{"count":0,"href":"http:\/\/cordobainforma.info\/index.php\/wp-json\/wp\/v2\/posts\/165216\/revisions"}],"wp:featuredmedia":[{"embeddable":true,"href":"http:\/\/cordobainforma.info\/index.php\/wp-json\/wp\/v2\/media\/165217"}],"wp:attachment":[{"href":"http:\/\/cordobainforma.info\/index.php\/wp-json\/wp\/v2\/media?parent=165216"}],"wp:term":[{"taxonomy":"category","embeddable":true,"href":"http:\/\/cordobainforma.info\/index.php\/wp-json\/wp\/v2\/categories?post=165216"},{"taxonomy":"post_tag","embeddable":true,"href":"http:\/\/cordobainforma.info\/index.php\/wp-json\/wp\/v2\/tags?post=165216"}],"curies":[{"name":"wp","href":"https:\/\/api.w.org\/{rel}","templated":true}]}}