{"id":165210,"date":"2025-08-18T06:01:33","date_gmt":"2025-08-18T06:01:33","guid":{"rendered":"https:\/\/cordobainforma.info\/index.php\/2025\/08\/18\/como-es-el-nuevo-corredor-comercial-que-esta-inspirado-en-una-iconica-obra-de-cordoba\/"},"modified":"2025-08-18T06:01:33","modified_gmt":"2025-08-18T06:01:33","slug":"como-es-el-nuevo-corredor-comercial-que-esta-inspirado-en-una-iconica-obra-de-cordoba","status":"publish","type":"post","link":"http:\/\/cordobainforma.info\/index.php\/2025\/08\/18\/como-es-el-nuevo-corredor-comercial-que-esta-inspirado-en-una-iconica-obra-de-cordoba\/","title":{"rendered":"C\u00f3mo es el <b>nuevo<\/b> corredor comercial que est\u00e1 inspirado en una ic\u00f3nica obra de <b>C\u00f3rdoba<\/b>"},"content":{"rendered":"<p>En cuanto a los espacios, tienen superficies cubiertas desde los 55 metros cuadrados, con la posibilidad de unificar de dos a cuadro unidades. C\u00f3mo es&nbsp;&#8230; <\/p>\n","protected":false},"excerpt":{"rendered":"<p>En cuanto a los espacios, tienen superficies cubiertas desde los 55 metros cuadrados, con la posibilidad de unificar de dos a cuadro unidades. C\u00f3mo es&nbsp;&#8230;<\/p>\n","protected":false},"author":1,"featured_media":0,"comment_status":"closed","ping_status":"closed","sticky":false,"template":"","format":"standard","meta":[],"categories":[23],"tags":[],"_links":{"self":[{"href":"http:\/\/cordobainforma.info\/index.php\/wp-json\/wp\/v2\/posts\/165210"}],"collection":[{"href":"http:\/\/cordobainforma.info\/index.php\/wp-json\/wp\/v2\/posts"}],"about":[{"href":"http:\/\/cordobainforma.info\/index.php\/wp-json\/wp\/v2\/types\/post"}],"author":[{"embeddable":true,"href":"http:\/\/cordobainforma.info\/index.php\/wp-json\/wp\/v2\/users\/1"}],"replies":[{"embeddable":true,"href":"http:\/\/cordobainforma.info\/index.php\/wp-json\/wp\/v2\/comments?post=165210"}],"version-history":[{"count":0,"href":"http:\/\/cordobainforma.info\/index.php\/wp-json\/wp\/v2\/posts\/165210\/revisions"}],"wp:attachment":[{"href":"http:\/\/cordobainforma.info\/index.php\/wp-json\/wp\/v2\/media?parent=165210"}],"wp:term":[{"taxonomy":"category","embeddable":true,"href":"http:\/\/cordobainforma.info\/index.php\/wp-json\/wp\/v2\/categories?post=165210"},{"taxonomy":"post_tag","embeddable":true,"href":"http:\/\/cordobainforma.info\/index.php\/wp-json\/wp\/v2\/tags?post=165210"}],"curies":[{"name":"wp","href":"https:\/\/api.w.org\/{rel}","templated":true}]}}