{"id":165175,"date":"2025-08-18T06:09:27","date_gmt":"2025-08-18T06:09:27","guid":{"rendered":"https:\/\/somoscordobeses.com\/2025\/08\/18\/massa-juega-a-las-escondidas-hasta-el-cierre-y-ahora-hablan-de-un-candidato-de-baja-intensidad\/"},"modified":"2025-08-18T06:09:27","modified_gmt":"2025-08-18T06:09:27","slug":"massa-juega-a-las-escondidas-hasta-el-cierre-y-ahora-hablan-de-un-candidato-de-baja-intensidad","status":"publish","type":"post","link":"http:\/\/cordobainforma.info\/index.php\/2025\/08\/18\/massa-juega-a-las-escondidas-hasta-el-cierre-y-ahora-hablan-de-un-candidato-de-baja-intensidad\/","title":{"rendered":"Massa juega a las escondidas hasta el cierre y ahora hablan de un candidato de \u00abbaja intensidad\u00bb"},"content":{"rendered":"<div><img src=\"http:\/\/cordobainforma.info\/wp-content\/uploads\/2025\/08\/massa-juega-a-las-escondidas-hasta-el-cierre-y-ahora-hablan-de-un-candidato-de-baja-intensidad.jpg\" class=\"ff-og-image-inserted\"><\/div>\n<p>El peronismo perece encaminado a repetir el error de la primera vuelta del 2023 cuando crey\u00f3 que iba a perder y desdobl\u00f3 las provinciales, que le hubieran garantizado los dos puntos para seguir en el poder. El an\u00e1lisis de ese momento era que la elecci\u00f3n estaba irremediablemente perdida y los m\u00e1s de 37 puntos que sac\u00f3 Massa cuando gan\u00f3 la primera vuelta, sorprendieron hasta al candidato.<\/p>\n<p>\u00abEs un peronismo con la autoestima baja\u00bb, reconoci\u00f3 a LPO uno de los dirigentes que en este momento trabaja en el cierre de las listas para la elecci\u00f3n de diputados nacionales de octubre. \u00abParecemos radicales, todos quieren meter diputados, pero ninguno quiere encabezar la lista\u00bb, agreg\u00f3 con humor, subido al consenso que circula por estas horas en el peronismo: Sergio Massa no ser\u00e1 candidato en octubre.<\/p>\n<p>Excepto que&nbsp;con Massa siempre hay que tener cuidado: antes de ser candidato a presidente explicaba porque no pod\u00eda ser candidato como ministro de Econom\u00eda. Este mi\u00e9rcoles envi\u00f3 un audio a Radio 10 en el que explic\u00f3 la importancia de la unidad y parec\u00eda decir que no iba a ser candidato. Excepto, que no lo dijo.<\/p>\n<p>LPO anticip\u00f3 en su momento, que m\u00e1s alla del operativo clamor que motoriz\u00f3 M\u00e1ximo Kirchner para ser candidato -operativo que tuvo un despliegue modesto-, todo indicaba que se trataba de un juego de posicionamiento, no una voluntad real de ir a octubre a dar la pelea contra Milei.<\/p>\n<p>La interna es la otra explicaci\u00f3n de la dificultad para enhebrar una estrategia optimista. Kicillof no quiere que encabece M\u00e1ximo, por m\u00e1s que declare lo contrario. Grabois no quiere que sea Massa. Y Massa cree que los intendentes van a jugar todo en septiembre y en octubre lo dejar\u00e1n solo, como hicieron en el 2023 en el ballotage.<\/p>\n<p>Salen a instalar a M\u00e1ximo para octubre, pero no ser\u00eda candidato<\/p>\n<p>Por eso, ahora hablan de buscar un \u00abcandidato de baja intensidad\u00bb, una suerte de Jorge Taiana, que no sea de nadie y cargue sin mayor problema con el costo de una eventual derrota.<\/p>\n<p>Kicillof no quiere que encabece M\u00e1ximo, por m\u00e1s que declare lo contrario. Grabois no quiere que sea Massa. Y Massa cree que los intendentes van a jugar todo en septiembre y en octubre lo dejar\u00e1n solo, como hicieron en el 2023 en el ballotage.<\/p>\n<p>La posibilidad que encabece un intendente, como Mariel Fern\u00e1ndez o Federico Achaval, est\u00e1 en crisis. Por un motivo evidente: Los intendentes que est\u00e1n con Kicillof no quieren que sea uno del kirchnerismo y los que est\u00e1n con Cristina y M\u00e1ximo no quieren a uno de Axel.<\/p>\n<p>Se suma a esto el diagn\u00f3stico sobre la situaci\u00f3n econ\u00f3mica, que es de especial inter\u00e9s para Massa. \u00abEl gobierno de Milei va hacia el fracaso, pero todav\u00eda no fracas\u00f3. La inflaci\u00f3n hoy es de dos puntos, mucho menos que la que dejamos\u00bb, reconoce un dirigente que habla seguido con Massa.<\/p>\n<p>El ex ministro de Econom\u00eda argumenta que hay que esperar que quede claro en la gente que el modelo de Milei no funciona, que haya un consenso sobre eso.<\/p>\n<figure contenteditable=\"false\"><\/figure>\n<p>Otra advertencia que circula entre la c\u00fapula del peronismo: \u00abSi ganamos en septiembre puede ser que los antiperonistas se asusten y se movilicen para votarnos en contra en octubre\u00bb.<\/p>\n<p>Seg\u00fan esta mirada, septiembre influye en octubre, pero no de manera positiva para el peronismo. Con una incertidumbre adicional: se votar\u00e1 por primera vez en la provincia con boleta \u00fanica y sin el arrastre de las listas seccionales y municipales.<\/p>\n<p>Por eso, en las reuniones que tienen por estas horas, que incluyen a Cristina Kirchner, se analiza un abordaje \u00abinteligente\u00bb de la elecci\u00f3n para no despertar el \u00abvoto estrat\u00e9gico\u00bb anti peronista. Los sondeos que manejan revelan que la segunda opci\u00f3n de los que no van a votar es Milei.<\/p>\n<p>\u00abCristina, Massa, M\u00e1ximo son un blanco f\u00e1cil para activar ese voto estrat\u00e9gico anti peronista, hay que ser inteligentes\u00bb, afirma uno de los que abona la teor\u00eda del candidato de baja intensidad.&nbsp;<\/p>\n<p>As\u00ed las cosas, por ahora, la \u00fanica pelea que atrae a los peronistas bonaerenses es la de septiembre, en un inesperado reconocimiento al desdoblamiento de Axel Kicillof, que jug\u00f3 su futuro de presidenciable a ese pleno.<\/p>\n","protected":false},"excerpt":{"rendered":"<p>El peronismo perece encaminado a repetir el error de la primera vuelta del 2023 cuando crey\u00f3 que iba a perder y desdobl\u00f3 las provinciales, que le hubieran garantizado los dos puntos para seguir en el poder. El an\u00e1lisis de ese momento era que la elecci\u00f3n estaba irremediablemente perdida y los m\u00e1s de 37 puntos que [&hellip;]<\/p>\n","protected":false},"author":1,"featured_media":165176,"comment_status":"closed","ping_status":"closed","sticky":false,"template":"","format":"standard","meta":[],"categories":[2],"tags":[],"_links":{"self":[{"href":"http:\/\/cordobainforma.info\/index.php\/wp-json\/wp\/v2\/posts\/165175"}],"collection":[{"href":"http:\/\/cordobainforma.info\/index.php\/wp-json\/wp\/v2\/posts"}],"about":[{"href":"http:\/\/cordobainforma.info\/index.php\/wp-json\/wp\/v2\/types\/post"}],"author":[{"embeddable":true,"href":"http:\/\/cordobainforma.info\/index.php\/wp-json\/wp\/v2\/users\/1"}],"replies":[{"embeddable":true,"href":"http:\/\/cordobainforma.info\/index.php\/wp-json\/wp\/v2\/comments?post=165175"}],"version-history":[{"count":0,"href":"http:\/\/cordobainforma.info\/index.php\/wp-json\/wp\/v2\/posts\/165175\/revisions"}],"wp:featuredmedia":[{"embeddable":true,"href":"http:\/\/cordobainforma.info\/index.php\/wp-json\/wp\/v2\/media\/165176"}],"wp:attachment":[{"href":"http:\/\/cordobainforma.info\/index.php\/wp-json\/wp\/v2\/media?parent=165175"}],"wp:term":[{"taxonomy":"category","embeddable":true,"href":"http:\/\/cordobainforma.info\/index.php\/wp-json\/wp\/v2\/categories?post=165175"},{"taxonomy":"post_tag","embeddable":true,"href":"http:\/\/cordobainforma.info\/index.php\/wp-json\/wp\/v2\/tags?post=165175"}],"curies":[{"name":"wp","href":"https:\/\/api.w.org\/{rel}","templated":true}]}}