{"id":165171,"date":"2025-08-18T02:34:49","date_gmt":"2025-08-18T02:34:49","guid":{"rendered":"https:\/\/www.clarin.com\/deportes\/alan-velasco-descargo-puso-llorar-despues-convertir-primer-gol-camiseta-boca-ind-rivadavia_0_jifFsKFQeR.html"},"modified":"2025-08-18T02:34:49","modified_gmt":"2025-08-18T02:34:49","slug":"alan-velasco-tambien-se-descargo-se-puso-a-llorar-despues-de-convertir-su-primer-gol-con-la-camiseta-de-boca-ante-ind-rivadavia","status":"publish","type":"post","link":"http:\/\/cordobainforma.info\/index.php\/2025\/08\/18\/alan-velasco-tambien-se-descargo-se-puso-a-llorar-despues-de-convertir-su-primer-gol-con-la-camiseta-de-boca-ante-ind-rivadavia\/","title":{"rendered":"Alan Velasco tambi\u00e9n se descarg\u00f3: se puso a llorar despu\u00e9s de convertir su primer gol con la camiseta de Boca ante Ind. Rivadavia"},"content":{"rendered":"<p><img src=\"http:\/\/cordobainforma.info\/wp-content\/uploads\/2025\/08\/alan-velasco-tambien-se-descargo-se-puso-a-llorar-despues-de-convertir-su-primer-gol-con-la-camiseta-de-boca-ante-ind-rivadavia.jpg\"><\/p>\n<div><img src=\"http:\/\/cordobainforma.info\/wp-content\/uploads\/2025\/08\/alan-velasco-tambien-se-descargo-se-puso-a-llorar-despues-de-convertir-su-primer-gol-con-la-camiseta-de-boca-ante-ind-rivadavia-2.jpg\" class=\"ff-og-image-inserted\"><\/div>\n<div id=\"element-body-0\" readability=\"64\">\n<p>Lleg\u00f3 y despert\u00f3 la expectativa acorde al valor de su pase, por encima de los <strong>10 millones de d\u00f3lares<\/strong> que lo pusieron en el podio de las <strong>incorporaciones m\u00e1s caras de la historia de Boca<\/strong>. Sin embargo, el tr\u00e1nsito de <strong>Alan Velasco <\/strong>hasta este octavo mes suyo con la azul y oro no fue tal lo imaginado. Y este domingo, pese a ser la primera vez que <strong>Miguel \u00c1ngel Russo<\/strong> lo mand\u00f3 al banco<strong>, empez\u00f3 a revertir su historia en el club.<\/strong><\/p>\n<\/div>\n<div id=\"element-body-1\" readability=\"24.93893129771\">\n<blockquote class=\"twitter-tweet\" readability=\"6.8015267175573\">\n<p lang=\"es\" dir=\"ltr\">\u00a1\u00a1\u00a1Y ES GOLEADA!!! Alan Velasco pone el 3-0 de Boca ante Independiente Rivadavia para que el Xeneize vuelva a ganar.<\/p>\n<p>\ud83d\udcfa ESPN Premium | Suscribite al Pack F\u00fatbol en <a href=\"https:\/\/t.co\/7jYILYACXi\">https:\/\/t.co\/7jYILYACXi<\/a> <a href=\"https:\/\/t.co\/AJCQqNvetl\">pic.twitter.com\/AJCQqNvetl<\/a><\/p>\n<p>\u2014 SportsCenter (@SC_ESPN) <a href=\"https:\/\/twitter.com\/SC_ESPN\/status\/1957250949849711005?ref_src=twsrc%5Etfw\">August 18, 2025<\/a><\/p><\/blockquote><\/div>\n<div id=\"element-body-2\" readability=\"47.291338582677\">\n<p>Fue casi con el tiempo cumplido cuando <strong>recibi\u00f3 la pelota por la punta izquierda habilitado por Milton Gim\u00e9nez, atac\u00f3 el \u00e1rea y defini\u00f3 al primer palo de Ezequiel Centuri\u00f3n, quien en primer t\u00e9rmino pareci\u00f3 contener el remate, pero se le termin\u00f3 escurriendo para convertirse en <a href=\"https:\/\/www.clarin.com\/deportes\/independiente-rivadavia-vs-boca-juniors-torneo-clausura-2025-liga-profesional-futbol-minuto-minuto-directo_0_6S4aw1hBhz.html\" target=\"_blank\" title=\"el gol que cerr\u00f3 la goleada de un Boca que volvi\u00f3 al triunfo luego de 120 d\u00edas y 12 partidos\" alt=\"el gol que cerr\u00f3 la goleada de un Boca que volvi\u00f3 al triunfo luego de 120 d\u00edas y 12 partidos\" rel=\"noopener noreferrer\">el gol que cerr\u00f3 la goleada de un Boca que volvi\u00f3 al triunfo luego de 120 d\u00edas y 12 partidos<\/a><\/strong>.<\/p>\n<\/div>\n<div id=\"element-body-3\" readability=\"25.235294117647\">\n<blockquote class=\"twitter-tweet\" readability=\"6.8823529411765\">\n<p lang=\"es\" dir=\"ltr\">\u00a1UN D\u00cdA QUE NO VA A OLVIDAR NUNCA! Alan Velasco no pudo contener la emoci\u00f3n tras anotar su PRIMER GOL con la camiseta de Boca.<\/p>\n<p>\ud83d\udcfa ESPN Premium | Suscribite al Pack F\u00fatbol en <a href=\"https:\/\/t.co\/7jYILYACXi\">https:\/\/t.co\/7jYILYACXi<\/a> <a href=\"https:\/\/t.co\/jhMOsuHCsr\">pic.twitter.com\/jhMOsuHCsr<\/a><\/p>\n<p>\u2014 SportsCenter (@SC_ESPN) <a href=\"https:\/\/twitter.com\/SC_ESPN\/status\/1957251784054915522?ref_src=twsrc%5Etfw\">August 18, 2025<\/a><\/p><\/blockquote><\/div>\n<div id=\"element-body-5\" readability=\"64\">\n<p>De inmediato, su cara lo dijo todo. <strong>Se empez\u00f3 a desfigurar la sonrisa inicial para empezar a transformarse en un llanto desconsolado<\/strong>, potenciado por el abrazo de sus compa\u00f1eros, quienes se unieron para celebrar el momento tan esperado por todos. Tambi\u00e9n por \u00e9l, que hab\u00eda convertido por \u00faltima vez en <strong>octubre de 2024 <\/strong>cuando todav\u00eda jugaba en la <strong>MLS <\/strong>con <strong>FC Dallas<\/strong>.<\/p>\n<\/div>\n<div id=\"element-body-6\" readability=\"60\">\n<p>Es que -desde aquel penal que fall\u00f3 en la serie ante Alianza Lima- <strong>Velasco padeci\u00f3 cada minuto que jug\u00f3 en Boca y lo poco o mucho que le aport\u00f3 al equipo fue observado con lupa por la gente y as\u00ed pareci\u00f3 sentirlo<\/strong>, a juzgar por la reacci\u00f3n que tuvo en el festejo. <\/p>\n<\/div>\n<div id=\"element-body-7\" readability=\"62\">\n<p>Antes de la noche mendocina, Velasco hab\u00eda <strong>comenzado como titular los ocho encuentros <\/strong>que comand\u00f3 Russo en su tercer ciclo xeneize: <strong>los tres del Mundial de Clubes, los cuatro del Clausura y el choque ante Atl\u00e9tico Tucum\u00e1n que signific\u00f3 la eliminaci\u00f3n en dieciseisavos de final de la Copa Argentina. <\/strong>Justamente ese encuentro jugado en Santiago del Estero y el siguiente ante Hurac\u00e1n en el Duc\u00f3 fueron los \u00fanicos dos en los que no sali\u00f3 y jug\u00f3 los 90 minutos.<\/p>\n<\/div>\n","protected":false},"excerpt":{"rendered":"<p>Lleg\u00f3 y despert\u00f3 la expectativa acorde al valor de su pase, por encima de los 10 millones de d\u00f3lares que lo pusieron en el podio de las incorporaciones m\u00e1s caras de la historia de Boca. Sin embargo, el tr\u00e1nsito de Alan Velasco hasta este octavo mes suyo con la azul y oro no fue tal [&hellip;]<\/p>\n","protected":false},"author":1,"featured_media":165172,"comment_status":"closed","ping_status":"closed","sticky":false,"template":"","format":"standard","meta":[],"categories":[20],"tags":[],"_links":{"self":[{"href":"http:\/\/cordobainforma.info\/index.php\/wp-json\/wp\/v2\/posts\/165171"}],"collection":[{"href":"http:\/\/cordobainforma.info\/index.php\/wp-json\/wp\/v2\/posts"}],"about":[{"href":"http:\/\/cordobainforma.info\/index.php\/wp-json\/wp\/v2\/types\/post"}],"author":[{"embeddable":true,"href":"http:\/\/cordobainforma.info\/index.php\/wp-json\/wp\/v2\/users\/1"}],"replies":[{"embeddable":true,"href":"http:\/\/cordobainforma.info\/index.php\/wp-json\/wp\/v2\/comments?post=165171"}],"version-history":[{"count":0,"href":"http:\/\/cordobainforma.info\/index.php\/wp-json\/wp\/v2\/posts\/165171\/revisions"}],"wp:featuredmedia":[{"embeddable":true,"href":"http:\/\/cordobainforma.info\/index.php\/wp-json\/wp\/v2\/media\/165172"}],"wp:attachment":[{"href":"http:\/\/cordobainforma.info\/index.php\/wp-json\/wp\/v2\/media?parent=165171"}],"wp:term":[{"taxonomy":"category","embeddable":true,"href":"http:\/\/cordobainforma.info\/index.php\/wp-json\/wp\/v2\/categories?post=165171"},{"taxonomy":"post_tag","embeddable":true,"href":"http:\/\/cordobainforma.info\/index.php\/wp-json\/wp\/v2\/tags?post=165171"}],"curies":[{"name":"wp","href":"https:\/\/api.w.org\/{rel}","templated":true}]}}