{"id":165165,"date":"2025-08-17T13:39:29","date_gmt":"2025-08-17T13:39:29","guid":{"rendered":"https:\/\/somoscordobeses.com\/2025\/08\/17\/educando-a-javier\/"},"modified":"2025-08-17T13:39:29","modified_gmt":"2025-08-17T13:39:29","slug":"educando-a-javier","status":"publish","type":"post","link":"http:\/\/cordobainforma.info\/index.php\/2025\/08\/17\/educando-a-javier\/","title":{"rendered":"Educando a Javier"},"content":{"rendered":"<div><img src=\"http:\/\/cordobainforma.info\/wp-content\/uploads\/2025\/08\/educando-a-javier.jpg\" class=\"ff-og-image-inserted\"><\/div>\n<p>Una r\u00e1pida aclaraci\u00f3n: la intenci\u00f3n no es brindar consejos educativos para que el Presidente se comporte mejor, a la altura de la investidura que representa, como un buen ciudadano, como un adulto que pueda ser tomado de ejemplo por ni\u00f1os y j\u00f3venes.<\/p>\n<p>No es por no intentarlo, es porque no se puede. Y no se puede porque Javier Milei ya fue educado de una manera indeleble.<\/p>\n<p>La primera educaci\u00f3n que lo marc\u00f3 a fuego y lo lleva a ser como es proviene de la crueldad que recibi\u00f3 de sus padres y de sus compa\u00f1eros de escuela, generando patolog\u00edas que \u2013seg\u00fan los especialistas\u2013 al no ser tratadas a tiempo ya son muy dif\u00edciles de revertir. <\/p>\n<div readability=\"8.5\">\n<p> Esto no les gusta a los autoritarios <\/p>\n<div readability=\"8\">\n<p> El ejercicio del periodismo profesional y cr\u00edtico es un pilar fundamental de la democracia. Por eso molesta a quienes creen ser los due\u00f1os de la verdad. <\/p>\n<\/div>\n<\/div>\n<p>La segunda educaci\u00f3n la recibi\u00f3 de grande y convalid\u00f3 a la anterior. Un sector importante de la sociedad le ense\u00f1\u00f3 que su agresividad discursiva, sus limitaciones ling\u00fc\u00edsticas, su humor m\u00e1s infantil que ir\u00f3nico, sus obsesivas met\u00e1foras sexuales y su incapacidad para aceptar diferencias, son herramientas leg\u00edtimas para relacionarse dentro de una comunidad. <\/p>\n<p>Educar a alguien no es hacerle aprender algo que no sabe, sino hacer de \u00e9l alguien que no era. La chance de educar\u2026<\/p>\n<p>No es que los sectores que naturalizan a Milei sean como \u00e9l, no necesariamente. Pero s\u00ed que lo precisan as\u00ed, como una herramienta \u00fatil para alcanzar determinados objetivos, revalid\u00e1ndolo tal como es. <\/p>\n<p><strong>Sin filtro.<\/strong> Hace diez d\u00edas, prometi\u00f3 que no insultar\u00eda m\u00e1s, habl\u00f3 de \u201cla dictadura de las formas\u201d y dijo: \u201cVamos a enfrentarlos respet\u00e1ndoles sus formas.\u201d Dando a entender que quienes lo critican por insultar a quienes no piensan igual, son \u201cdictadores\u201d que lo pretenden reeducar.<\/p>\n<p>Las cr\u00f3nicas posteriores indicaron que el giro obedec\u00eda a la preocupaci\u00f3n por la ca\u00edda de su imagen. Tambi\u00e9n se mencionaron las encuestas que se\u00f1alan que alrededor del 75% de las personas rechazan sus formas. <\/p>\n<p>Durante la campa\u00f1a presidencial 2023 hubo otros momentos en los que el libertario se esforz\u00f3 por mostrarse respetuoso, pero siempre fueron momentos ef\u00edmeros. Ahora volvi\u00f3 a ocurrir.<\/p>\n<p>Milei no cambia porque no puede cambiar, ni aunque esta semana haya recibido el reclamo del Departamento de Estado de su admirado Donald Trump, alarmado por sus agresiones a la prensa. Y si alg\u00fan d\u00eda sus formas de verdad fueran un l\u00edmite infranqueable para sus votantes, es probable que \u00e9l ya no posea la capacidad de modificar ese aspecto constitutivo de su personalidad. Como el escorpi\u00f3n, es m\u00e1s fuerte que \u00e9l.<\/p>\n<p>El jueves pasado, en el acto en La Plata, record\u00f3 que \u201chace poco me compromet\u00ed a no insultar\u201d. Un minuto despu\u00e9s comenz\u00f3 con sus habituales agresiones: degenerados, ensobrados, tirano, comunista, enano, par\u00e1sitos, zombis, termos y \u201ccabeza de pulpo\u201d. Este \u00faltimo insulto, explic\u00f3, es porque \u201clos pulpos tienen el sistema digestivo en la cabeza, digamos, o sea, tienen excremento en la cabeza\u201d.<\/p>\n<p>Dicen que educar a una persona no es hacerle aprender algo que no sabe, sino hacer de \u00e9l alguien que no era. <\/p>\n<p>La chance de educar al ni\u00f1o cruel que Milei lleva adentro choca con la imposibilidad de resolver con educaci\u00f3n los traumas que lo llevaron a ser quien es. <\/p>\n<p>Tiendo a creer que esos traumas no s\u00f3lo no le impidieron ser Presidente, sino que fueron \u00fatiles para vincularse con una sociedad traumatizada. Lo que, adem\u00e1s, signific\u00f3 para \u00e9l una validaci\u00f3n de su educaci\u00f3n anterior.<\/p>\n<p>Puede que haya un porcentaje de quienes lo eligieron en el balotaje que hoy no lo volver\u00edan a hacer porque no aceptan que un jefe de Estado se exprese as\u00ed. Pero no ser\u00e1n las formas las que convenzan a la mayor parte de aquellos votantes de no volver a elegirlo. En todo caso, las formas pueden ser un motivo m\u00e1s, no el principal.<\/p>\n<p>El principal ser\u00e1 el econ\u00f3mico.<\/p>\n<p>Si la inflaci\u00f3n continuara descendiendo, la desocupaci\u00f3n dejara de crecer, el poder adquisitivo subiera y se recuperara tanto el consumo como la actividad econ\u00f3mica, entonces los insultos de Milei ser\u00e1n s\u00f3lo un detalle para o\u00eddos sensibles. <\/p>\n<p>Pero si la recuperaci\u00f3n econ\u00f3mica no termina de llegar, no habr\u00e1 futuro para \u00e9l por m\u00e1s pulcritud discursiva que adquiera. Ese suele ser el instante en el que todo lo que antes se toleraba, se empieza a castigar; y ni el menor nuevo desliz es dejado pasar por aquellos que antes tanto lo celebraban. <\/p>\n<p>En la Argentina, esa es la regla, no la excepci\u00f3n. <\/p>\n<p><strong>2025 vs. 2023<\/strong>. Dando por cierta la l\u00f3gica mile\u00edsta de que 2023 fue \u201cel peor a\u00f1o del peor gobierno de la historia\u201d, habr\u00e1 que tomarlo como referencia para ver qu\u00e9 tan bien estamos tras veinte meses de gesti\u00f3n del \u201cmejor gobierno de la historia\u201d.<\/p>\n<p>La actividad industrial cay\u00f3 un 8,4% frente al \u00faltimo mes de Alberto Fern\u00e1ndez. La comparaci\u00f3n entre junio de 2025 y junio de 2023, da una ca\u00edda mayor: 13%. Por ejemplo, la producci\u00f3n de gaseosas, agua y cerveza, cay\u00f3 33%, lo mismo que la de los productos para la construcci\u00f3n. La de textiles y calzados, es un 30% menor; la de neum\u00e1ticos, un 50%. <\/p>\n<p>\u2026 al ni\u00f1o cruel que Milei lleva adentro choca con la imposibilidad de resolver los traumas que lo llevaron a ser as\u00ed<\/p>\n<p>La actividad de la construcci\u00f3n registra una ca\u00edda del 29% en comparaci\u00f3n a cuando Milei lleg\u00f3 al poder. La superficie autorizada para construcciones privadas (la p\u00fablica est\u00e1 paralizada) es 17% menor en el mismo per\u00edodo. Como consecuencia, en dos a\u00f1os se perdieron 56 mil empleos en el sector.<\/p>\n<p>Seg\u00fan la UIA, desde agosto de 2023, la industria perdi\u00f3 37 mil empleos. Hubo sectores como el de los minerales no met\u00e1licos, la siderurgia, fundici\u00f3n, metalmec\u00e1nica, caucho y pl\u00e1stico, que tuvieron ca\u00eddas de entre el 14% y el 20%.<\/p>\n<p>En junio, el \u00edndice de capacidad industrial instalada fue 58,8%. Diez puntos menos que en el \u201cannus horribilis\u201d de 2023. Incluso peor que durante los meses de septiembre, octubre y noviembre de 2020, durante la pandemia.<\/p>\n<p>Seg\u00fan el Centro de Econom\u00eda Pol\u00edtica Argentina, los salarios del sector privado est\u00e1n, en t\u00e9rminos reales, 0,6% abajo del \u00faltimo mes de Fern\u00e1ndez. Los p\u00fablicos acumulan una p\u00e9rdida del 14,3%. <\/p>\n<p>En total, los salarios de la econom\u00eda formal, cayeron el 5,5% en ese per\u00edodo. <\/p>\n<p><strong>Econom\u00eda real. <\/strong>Cuando se habla de la ca\u00edda del consumo masivo en los \u00faltimos dos a\u00f1os, se justifica en lo que se llam\u00f3 \u201cel plan platita\u201d del ministro Massa. Pero incluso comparando con un mal 2024, se observa una disminuci\u00f3n del 4,3% a nivel nacional y un 11,7% en el AMBA (fuente: Focus Market). <\/p>\n<p>Seg\u00fan el \u00faltimo informe de Scentia, las ventas en supermercados cayeron un 6% en un a\u00f1o y un 6,4% en los mayoristas. Para CAME, las ventas minoristas totales bajaron un 6,7% en los \u00faltimos doce meses.<\/p>\n<p>La tasa de desempleo trep\u00f3 al 7,9%, por encima del 5,7% que dej\u00f3 Fern\u00e1ndez, lo que representan 500 mil nuevos desempleados. Si bien es cierto que el 5,7% de hace dos a\u00f1os fue el m\u00e1s bajo de la serie hist\u00f3rica del Indec, el actual \u00edndice marca la desocupaci\u00f3n m\u00e1s elevada desde la pandemia.<\/p>\n<p>El aumento del desempleo es el correlato del cierre de 15 mil empresas (fuente: Enac) y la crisis de muchas otras. Entre las afectadas en los \u00faltimos meses aparecen Acindar, Longvie, Petroqu\u00edmica R\u00edo Tercero, Ledesma, Mastellone, Molinos, Arenera NRG, General Motors, la ex-Jonhson &amp; Jonhson, Ver\u00f3nica, Scania, Sancor, Los Grobo, Agrofina, Georgalos y Ferrum.<\/p>\n<p>Hoy, con tasas de referencia del 70% anual y del 80% para giros en descubierto, la situaci\u00f3n de las empresas, del consumo y de la actividad econ\u00f3mica no tendr\u00eda por qu\u00e9 mejorar.<\/p>\n<p>Por eso, el creciente malestar por las formas del Presidente es s\u00f3lo un s\u00edntoma. <\/p>\n<p>Si en los pr\u00f3ximos meses el Gobierno consigue empezar a solucionar los conflictos de la econom\u00eda real, Milei podr\u00e1 seguir insultando sin preocuparse demasiado por \u201clos dictadores de las formas\u201d. <\/p>\n<p>Si no lo logra, la pol\u00e9mica por los insultos ser\u00e1 el menor de sus problemas.<\/p>\n","protected":false},"excerpt":{"rendered":"<p>Una r\u00e1pida aclaraci\u00f3n: la intenci\u00f3n no es brindar consejos educativos para que el Presidente se comporte mejor, a la altura de la investidura que representa, como un buen ciudadano, como un adulto que pueda ser tomado de ejemplo por ni\u00f1os y j\u00f3venes. No es por no intentarlo, es porque no se puede. Y no se [&hellip;]<\/p>\n","protected":false},"author":1,"featured_media":165166,"comment_status":"closed","ping_status":"closed","sticky":false,"template":"","format":"standard","meta":[],"categories":[2],"tags":[],"_links":{"self":[{"href":"http:\/\/cordobainforma.info\/index.php\/wp-json\/wp\/v2\/posts\/165165"}],"collection":[{"href":"http:\/\/cordobainforma.info\/index.php\/wp-json\/wp\/v2\/posts"}],"about":[{"href":"http:\/\/cordobainforma.info\/index.php\/wp-json\/wp\/v2\/types\/post"}],"author":[{"embeddable":true,"href":"http:\/\/cordobainforma.info\/index.php\/wp-json\/wp\/v2\/users\/1"}],"replies":[{"embeddable":true,"href":"http:\/\/cordobainforma.info\/index.php\/wp-json\/wp\/v2\/comments?post=165165"}],"version-history":[{"count":0,"href":"http:\/\/cordobainforma.info\/index.php\/wp-json\/wp\/v2\/posts\/165165\/revisions"}],"wp:featuredmedia":[{"embeddable":true,"href":"http:\/\/cordobainforma.info\/index.php\/wp-json\/wp\/v2\/media\/165166"}],"wp:attachment":[{"href":"http:\/\/cordobainforma.info\/index.php\/wp-json\/wp\/v2\/media?parent=165165"}],"wp:term":[{"taxonomy":"category","embeddable":true,"href":"http:\/\/cordobainforma.info\/index.php\/wp-json\/wp\/v2\/categories?post=165165"},{"taxonomy":"post_tag","embeddable":true,"href":"http:\/\/cordobainforma.info\/index.php\/wp-json\/wp\/v2\/tags?post=165165"}],"curies":[{"name":"wp","href":"https:\/\/api.w.org\/{rel}","templated":true}]}}