{"id":165131,"date":"2025-08-17T03:33:13","date_gmt":"2025-08-17T03:33:13","guid":{"rendered":"https:\/\/www.escribiendocine.com\/noticias\/2025\/08\/17\/20254-critica-de-the-balconettes-noemie-merlant-en-una-comedia-negra-disruptiva"},"modified":"2025-08-17T03:33:13","modified_gmt":"2025-08-17T03:33:13","slug":"critica-de-the-balconettes-noemie-merlant-en-una-comedia-negra-disruptiva","status":"publish","type":"post","link":"http:\/\/cordobainforma.info\/index.php\/2025\/08\/17\/critica-de-the-balconettes-noemie-merlant-en-una-comedia-negra-disruptiva\/","title":{"rendered":"Cr\u00edtica de \u201cThe Balconettes\u201d: No\u00e9mie Merlant en una comedia negra disruptiva"},"content":{"rendered":"<div class=\"media_block\"><\/div>\n<div><img src=\"http:\/\/cordobainforma.info\/wp-content\/uploads\/2025\/08\/critica-de-the-balconettes-noemie-merlant-en-una-comedia-negra-disruptiva.jpg\" class=\"ff-og-image-inserted\"><\/div>\n<div readability=\"16.034482758621\">\n<div class=\"col-xs-12 col-sm-6 col-md-12 col-lg-3 no-padding col-der\" readability=\"7\">\n<p> <span class=\"fecha\">domingo 17 de agosto de 2025 <\/span> <\/p>\n<\/p><\/div><\/div>\n<div readability=\"69\">\n<p>En <strong>The Balconettes<\/strong> (Les Femmes au balcon, 2024), la actriz de <strong>Retrato de una mujer en llamas<\/strong> (Portrait de la jeune fille en feu, 2019) y <strong>T\u00e1r <\/strong>(2022) vuelve a colocarse detr\u00e1s de la c\u00e1mara con este film presentado en Cannes, que cuenta con la colaboraci\u00f3n de C\u00e9line Sciamma (directora de <strong>Retrato de una mujer en llamas<\/strong> y <strong>Petite Maman<\/strong>, entre otras) en la producci\u00f3n y el guion.<\/p>\n<p>La historia comienza con un gui\u00f1o a <strong>La ventana indiscreta<\/strong> (Rear Window, 1954) de Alfred Hitchcock: la c\u00e1mara recorre la rutina diaria de un vecindario de Marsella durante una ola de calor, observando la vida de tres amigas muy distintas (interpretadas por Souheila Yacoub, Sanda Codreanu y la propia Merlant), quienes se sienten atra\u00eddas por su joven y escultural vecino (Lucas Bravo, de la serie <strong>Emily en Par\u00eds<\/strong>). Un d\u00eda lo visitan en su departamento y, entre coqueteos y alcohol, algo se sale de control: al d\u00eda siguiente, el muchacho aparece muerto.<\/p>\n<p>La pel\u00edcula se transforma entonces en una comedia negra al estilo de <strong>\u00bfQu\u00e9 pas\u00f3 ayer?<\/strong> (The Hangover, 2009), o, m\u00e1s acertadamente, <strong>Malos pensamientos<\/strong> (Very Bad Things, 1998), e incluso puede leerse como una versi\u00f3n femenina de este tipo de relatos, al estilo de <strong>Despedida de soltera<\/strong> (Bachelorette, 2012). Los enredos, las malas decisiones y el caos que se desata conducen a una verdadera odisea sangrienta.<\/p>\n<p>La trama transita entre el drama y la comedia negra, con escenas que incluyen penes amputados, consultas ginecol\u00f3gicas y cuerpos semidesnudos, todo presentado con una naturalidad descarada. Al mismo tiempo, se construye un discurso rebelde en torno a los mandatos que la sociedad impone sobre los cuerpos femeninos, sean o no hegem\u00f3nicos. Una de las amigas hace videos er\u00f3ticos en la web, otra realiza un taller de escritura, y la tercera mantiene una relaci\u00f3n estable que le genera m\u00e1s frustraciones que certezas. Todas, desde distintos lugares, buscan reconectarse con sus deseos y tomar el control de sus vidas, alej\u00e1ndose de las masculinidades t\u00f3xicas que las rodean.<\/p>\n<p>Esta producci\u00f3n francesa experimenta con la mezcla de g\u00e9neros y registros de forma deliberadamente ca\u00f3tica, como si romper con los c\u00e1nones sociales impuestos a las mujeres implicara tambi\u00e9n desafiar las estructuras narrativas tradicionales. Es una apuesta por la libertad expresiva en todas sus formas.<\/p>\n<p>Lo que queda claro es que No\u00e9mie Merlant no est\u00e1 dispuesta a hacer concesiones de ning\u00fan tipo ni a transitar caminos convencionales, y eso resulta admirable. Alguien que expone \u2014y se expone\u2014 en todo su esplendor para arriesgar con una pel\u00edcula que desconcierta y sorprende por igual merece atenci\u00f3n y respeto como una voz autoral emergente.<\/p>\n<p><iframe src=\"https:\/\/www.youtube.com\/embed\/lnPLt_zwuMk\" width=\"560\" height=\"314\" allowfullscreen=\"allowfullscreen\">[embedded content]<\/iframe><\/p>\n<\/p><\/div>\n","protected":false},"excerpt":{"rendered":"<p>domingo 17 de agosto de 2025 En The Balconettes (Les Femmes au balcon, 2024), la actriz de Retrato de una mujer en llamas (Portrait de la jeune fille en feu, 2019) y T\u00e1r (2022) vuelve a colocarse detr\u00e1s de la c\u00e1mara con este film presentado en Cannes, que cuenta con la colaboraci\u00f3n de C\u00e9line Sciamma [&hellip;]<\/p>\n","protected":false},"author":1,"featured_media":165132,"comment_status":"open","ping_status":"closed","sticky":false,"template":"","format":"standard","meta":[],"categories":[21],"tags":[],"_links":{"self":[{"href":"http:\/\/cordobainforma.info\/index.php\/wp-json\/wp\/v2\/posts\/165131"}],"collection":[{"href":"http:\/\/cordobainforma.info\/index.php\/wp-json\/wp\/v2\/posts"}],"about":[{"href":"http:\/\/cordobainforma.info\/index.php\/wp-json\/wp\/v2\/types\/post"}],"author":[{"embeddable":true,"href":"http:\/\/cordobainforma.info\/index.php\/wp-json\/wp\/v2\/users\/1"}],"replies":[{"embeddable":true,"href":"http:\/\/cordobainforma.info\/index.php\/wp-json\/wp\/v2\/comments?post=165131"}],"version-history":[{"count":0,"href":"http:\/\/cordobainforma.info\/index.php\/wp-json\/wp\/v2\/posts\/165131\/revisions"}],"wp:featuredmedia":[{"embeddable":true,"href":"http:\/\/cordobainforma.info\/index.php\/wp-json\/wp\/v2\/media\/165132"}],"wp:attachment":[{"href":"http:\/\/cordobainforma.info\/index.php\/wp-json\/wp\/v2\/media?parent=165131"}],"wp:term":[{"taxonomy":"category","embeddable":true,"href":"http:\/\/cordobainforma.info\/index.php\/wp-json\/wp\/v2\/categories?post=165131"},{"taxonomy":"post_tag","embeddable":true,"href":"http:\/\/cordobainforma.info\/index.php\/wp-json\/wp\/v2\/tags?post=165131"}],"curies":[{"name":"wp","href":"https:\/\/api.w.org\/{rel}","templated":true}]}}