{"id":165129,"date":"2025-08-17T12:02:51","date_gmt":"2025-08-17T12:02:51","guid":{"rendered":"http:\/\/cordobainforma.info\/index.php\/2025\/08\/17\/jornada-clave-bolivia-celebra-elecciones-generales\/"},"modified":"2025-08-17T12:02:51","modified_gmt":"2025-08-17T12:02:51","slug":"jornada-clave-bolivia-celebra-elecciones-generales","status":"publish","type":"post","link":"http:\/\/cordobainforma.info\/index.php\/2025\/08\/17\/jornada-clave-bolivia-celebra-elecciones-generales\/","title":{"rendered":"Jornada clave: Bolivia celebra elecciones generales"},"content":{"rendered":"<p><img src=\"http:\/\/cordobainforma.info\/wp-content\/uploads\/2025\/08\/jornada-clave-bolivia-celebra-elecciones-generales.jpg\"><\/p>\n<p>A las 8:00 de la ma\u00f1ana, hora local de Bolivia, <strong>empezaron este domingo las elecciones generales<\/strong> en las cuales <a href=\"https:\/\/eldeber.com.bo\/pais\/mas-de-75-millones-de-personas-iran-las-urnas-este-domingo-para-elegir_526590\/\" target=\"_blank\" rel=\"noopener noreferrer\">m\u00e1s de 7,5 millones<\/a>&nbsp;de personas est\u00e1n llamadas a votar para elegir a sus nuevas autoridades, entre las que sobresale la dupla presidencial&nbsp;para el per\u00edodo 2025-2030.<\/p>\n<p>Adem\u00e1s de presidente y vicepresidente, escoger\u00e1n a los 36 integrantes del Senado y a los 130 miembros de la C\u00e1mara de Diputados, para as\u00ed <strong>completar la Asamblea Legislativa Plurinacional<\/strong>.<\/p>\n<p>Tambi\u00e9n deber\u00e1n seleccionar a siete diputados ind\u00edgenas originarios campesinos y a nueve representantes ante organismos parlamentarios supraestatales, uno por cada departamento.<\/p>\n<figure class=\"RTImage-root\">\n<div class=\"RTImage-image RTImage-original\"><picture class=\"Picture-root Picture-original\"><!--[if IE 9]><video style=\"display: none;\"><![endif]--><source media=\"(-webkit-min-device-pixel-ratio: 2) and (min-resolution: 120dpi)\" srcset=\"http:\/\/cordobainforma.info\/wp-content\/uploads\/2025\/08\/jornada-clave-bolivia-celebra-elecciones-generales-2.jpg 850w, http:\/\/cordobainforma.info\/wp-content\/uploads\/2025\/08\/jornada-clave-bolivia-celebra-elecciones-generales-2.jpg 1960w\"><source srcset=\"http:\/\/cordobainforma.info\/wp-content\/uploads\/2025\/08\/jornada-clave-bolivia-celebra-elecciones-generales-2.jpg 460w, http:\/\/cordobainforma.info\/wp-content\/uploads\/2025\/08\/jornada-clave-bolivia-celebra-elecciones-generales-2.jpg 980w\"><!--[if IE 9]><\/video><![endif]--><img data-sizes=\"auto\" src=\"http:\/\/cordobainforma.info\/wp-content\/uploads\/2025\/08\/jornada-clave-bolivia-celebra-elecciones-generales-2.jpg\" class=\"Picture-root Picture-original lazyload\" alt><\/picture><!-- noscript pattern --><noscript><img src=\"http:\/\/cordobainforma.info\/wp-content\/uploads\/2025\/08\/jornada-clave-bolivia-celebra-elecciones-generales-2.jpg\" alt><\/noscript><\/div><figcaption class=\"RTImage-footer\"><span class=\"RTImage-caption\"><span class=\"RTImage-captionItem\">Una mujer deposita su voto en elecciones de Bolivia.<\/span><\/span><span class=\"RTImage-source\"><span class=\"RTImage-captionItem\">Spencer Platt<\/span><span class=\"RTImage-captionItem\"> \/ Gettyimages.ru <\/span><\/span><\/figcaption><\/figure>\n<p>Para estos sufragios el Tribunal Supremo Electoral (TSE) <a href=\"https:\/\/www.oep.org.bo\/elecciones-generales-2025\/nacional-2025\/\" target=\"_blank\" rel=\"noopener noreferrer\">habilit\u00f3<\/a> a nueve partidos y alianzas pol\u00edticas: Autonom\u00eda Para Bolivia-S\u00famate; Alianza Libertad y Progreso; Alianza Popular; Alianza Libre; Alianza Unidad; Movimiento de Renovaci\u00f3n Nacional; Partido Dem\u00f3crata Cristiano; Movimiento Al Socialismo-Instrumento Pol\u00edtico por la Soberan\u00eda de los Pueblos; y Alianza Fuerza del Pueblo.<\/p>\n<p><strong>\u00abNo hay que dejar de ser un pa\u00eds democr\u00e1tico\u00bb<\/strong>, <a href=\"https:\/\/www.tiktok.com\/@agenciabolivianaabi\/video\/7538571656797768966?_r=1&amp;_t=ZM-8ysz2NwJmfm\" target=\"_blank\" rel=\"noopener noreferrer\">exhort\u00f3<\/a> el mandatario boliviano, Luis Arce, quien llam\u00f3 a la poblaci\u00f3n a sufragar \u00abactivamente\u00bb por su opci\u00f3n favorita. \u00abVamos a acatar lo que el pueblo boliviano decida\u00bb, se\u00f1al\u00f3 al canal local RTP.<\/p>\n<h3>Candidaturas<\/h3>\n<p>El TSE&nbsp;public\u00f3 un listado con todos los postulantes habilitados y entre los aspirantes a&nbsp;la Presidencia y Vicepresidencia que contin\u00faan en la contienda est\u00e1n:<\/p>\n<ul>\n<li>Andr\u00f3nico Rodr\u00edguez y Mariana Prado Noya (Alianza Popular).<\/li>\n<li>Max Jhonny Fern\u00e1ndez (Alianza Fuerza del Pueblo).<\/li>\n<li>Manfred Reyes y Juan Carlos Medrano (Autonom\u00eda Para Bolivia-S\u00famate).<\/li>\n<li>Jorge &#8216;Tuto&#8217; Quiroga y Juan Pablo Velasco (Alianza Libre).<\/li>\n<li>Rodrigo Paz Pereira y&nbsp;Edmand Lara (Partido Dem\u00f3crata Cristiano).<\/li>\n<li>Pavel Antonio Aracena y V\u00edctor Hugo N\u00fa\u00f1ez del Prado (Alianza Libertad y Progreso).<\/li>\n<li>Carlos Eduardo del Castillo y Esteban Mil\u00e1n (Movimiento Al Socialismo).<\/li>\n<li>Samuel Doria y Jos\u00e9 Luis Lupo (Alianza Unidad).<\/li>\n<\/ul>\n<p>M\u00f3nica Copa y Jorge Richter, del Movimiento Renovaci\u00f3n Nacional, <strong>se retiraron de la carrera electoral<\/strong> a fines del mes anterior.<\/p>\n<p>Seg\u00fan la ley electoral de Bolivia, para que el cargo a la Presidencia se defina en la primera vuelta, el aspirante deber\u00e1 obtener m\u00e1s del 50 % de los sufragios&nbsp;o un m\u00ednimo de 40 % con al menos 10 puntos de ventaja.&nbsp;De no conseguirlo,&nbsp;<strong>habr\u00e1 balotaje el 19 de octubre<\/strong>.<\/p>\n<div class=\"EmbedBlock-root EmbedBlock-twitter\">\n<div class=\"TwitterEmbed\">\n<blockquote class=\"twitter-tweet\" data-twitter=\"twitter-tweet\" data-media-max-width=\"560\">\n<p lang=\"es\" dir=\"ltr\">\ud83c\udde7\ud83c\uddf4\ud83d\uddf3Experto analiza el panorama pol\u00edtico de Bolivia y la posibilidad de una segunda vuelta electoralEl doctor en ciencias pol\u00edticas Marcelo Arequipa adelanta que Bolivia podr\u00eda enfrentar por primera vez en su historia una segunda vuelta electoral.<a href=\"https:\/\/t.co\/BUoq72GyiF\">https:\/\/t.co\/BUoq72GyiF<\/a><a href=\"https:\/\/t.co\/iyLXJKi8q9\">pic.twitter.com\/iyLXJKi8q9<\/a><\/p>\n<p>\u2014 RT en Espa\u00f1ol (@ActualidadRT) <a href=\"https:\/\/twitter.com\/ActualidadRT\/status\/1955821428986790347?ref_src=twsrc%5Etfw\">August 14, 2025<\/a><\/p><\/blockquote>\n<\/div>\n<\/div>\n<p>Los resultados preliminares, conocido como el sistema Sirepre, estar\u00e1n disponibles en la p\u00e1gina web del \u00d3rgano Electoral Plurinacional (OEP). Se trata de&nbsp;datos electorales no vinculantes ni definitivos, son un trazado que sirve de <strong>pre\u00e1mbulo para el c\u00f3mputo oficial<\/strong>, que tambi\u00e9n ser\u00e1 publicado en el mismo sitio.<\/p>\n<h3>Los retos que heredar\u00e1n<\/h3>\n<p>Tanto el Banco Mundial como diversos reportes <a href=\"https:\/\/www.bancomundial.org\/es\/country\/bolivia\/overview#1\" target=\"_blank\" rel=\"noopener noreferrer\">muestran<\/a> que Bolivia presenta un <strong>aumento de la deuda p\u00fablica<\/strong>, as\u00ed como una reducci\u00f3n de las reservas internacionales y de los ahorros fiscales.<\/p>\n<p>El Instituto Nacional de Estad\u00edsticas (INE) <a href=\"https:\/\/www.ine.gob.bo\/index.php\/el-indice-de-precios-al-consumidor-registro-una-variacion-positiva-de-106-en-diciembre-de-2024\/\" target=\"_blank\" rel=\"noopener noreferrer\">inform\u00f3<\/a> a principios de a\u00f1o que el pa\u00eds cerr\u00f3 2024 con una inflaci\u00f3n acumulada de 9,97 %, <strong>la m\u00e1s alta desde 2008<\/strong>, cuando <a href=\"https:\/\/eldeber.com.bo\/economia\/bolivia-registra-una-inflacion-acumulada-de-997-para-2024-la-mas-alta-desde-2008_216371\/#:~:text=INDICADORES-,Bolivia%20registra%20una%20inflaci%C3%B3n%20acumulada%20de%209%2C97%20%25%20para%202024,la%20m%C3%A1s%20alta%20desde%202008&amp;text=La%20inflaci%C3%B3n%20anual%20registrada%20no,inflaci%C3%B3n%20de%203%2C60%20%25.\" target=\"_blank\" rel=\"noopener noreferrer\">registr\u00f3<\/a> un alza de precios de 11,8 %. Y el mes pasado <a href=\"https:\/\/www.ine.gob.bo\/index.php\/indice-de-precios-al-consumidor-registro-variacion-positiva-en-julio-2025\/\" target=\"_blank\" rel=\"noopener noreferrer\">ascendi\u00f3<\/a> hasta 16,92 % en lo que va del a\u00f1o.<\/p>\n<div class=\"ReadMore-root Section-root Section-is1to3-xs_is1to1\" data-widgets=\"ReadMore\">\n<div class=\"Section-container Section-isRow-isTop-isWrap\">\n<article class=\"Card-root Card-is1to1 Card-default \">\n<div class=\"Card-imageWrap\">\n<div class=\"Card-picture\"> <picture class=\"Picture-root Picture-default\"><!--[if IE 9]><video style=\"display: none;\"><![endif]--><source media=\"(-webkit-min-device-pixel-ratio: 2) and (min-resolution: 120dpi)\" srcset=\"http:\/\/cordobainforma.info\/wp-content\/uploads\/2025\/08\/jornada-clave-bolivia-celebra-elecciones-generales-3.jpg 850w, http:\/\/cordobainforma.info\/wp-content\/uploads\/2025\/08\/jornada-clave-bolivia-celebra-elecciones-generales-4.jpg 1960w\"><source srcset=\"http:\/\/cordobainforma.info\/wp-content\/uploads\/2025\/08\/jornada-clave-bolivia-celebra-elecciones-generales-3.jpg, https:\/\/actualidad.rt.com\/actualidad\/460, http:\/\/cordobainforma.info\/wp-content\/uploads\/2025\/08\/jornada-clave-bolivia-celebra-elecciones-generales-4.jpg 980w\"><!--[if IE 9]><\/video><![endif]--><img data-sizes=\"auto\" src=\"http:\/\/cordobainforma.info\/wp-content\/uploads\/2025\/08\/jornada-clave-bolivia-celebra-elecciones-generales-3.jpg\" class=\"Picture-root Picture-default lazyload\" alt=\"Bolivia se alista para presidenciales y todo apunta a balotaje\"><\/picture><!-- noscript pattern --><noscript><img src=\"http:\/\/cordobainforma.info\/wp-content\/uploads\/2025\/08\/jornada-clave-bolivia-celebra-elecciones-generales-4.jpg\" alt=\"Bolivia se alista para presidenciales y todo apunta a balotaje\"><\/noscript> <\/div><\/div>\n<\/article><\/div><\/div>\n<p>Sumado a esto, en los \u00faltimos meses <strong>presenta un d\u00e9ficit comercial<\/strong>, cuya mayor escalada se dio en febrero, cuando <a href=\"https:\/\/www.ine.gob.bo\/index.php\/a-febrero-de-2025-se-registro-deficit-de-us327-millones-en-el-saldo-comercial\/\" target=\"_blank\" rel=\"noopener noreferrer\">registr\u00f3<\/a> un saldo comercial acumulado negativo de 327 millones de d\u00f3lares, \u00abafectado por factores adversos, como el cambio clim\u00e1tico y conflictos sociales internos\u00bb, seg\u00fan el INE.<\/p>\n<p>Para Arce&nbsp;detr\u00e1s hay una matriz: \u00abEl problema de la econom\u00eda se reduce a decir: <strong>\u00bfde d\u00f3nde sacamos los d\u00f3lares?<\/strong>\u00ab. En la entrevista de esta semana con RTP, <a href=\"https:\/\/www.youtube.com\/live\/wMcmRpQpt1k?si=xvw-yZciZBJzKSVo&amp;t=1299\" target=\"_blank\" rel=\"noopener noreferrer\">avis\u00f3<\/a> que \u00abla soluci\u00f3n es resolver el problema de la tenencia de d\u00f3lares en el Banco Central y esos son los cr\u00e9ditos internacionales que venimos <a href=\"https:\/\/actualidad-rt.com\/video\/517262-bolivia-escasez-combustible-problemas-puertos-chilenos\" target=\"_blank\" rel=\"noopener noreferrer\">reclamando<\/a> nosotros desde el 2023&#8243;.<\/p>\n<p>Hasta el momento, la Asamblea Plurinacional mantiene retenidos cr\u00e9ditos que superan los 1.800 millones de d\u00f3lares. El pr\u00f3ximo legislativo que se formar\u00e1 para los pr\u00f3ximos cinco a\u00f1os tendr\u00e1 que decidir si sostiene la denegaci\u00f3n al pr\u00f3ximo gobierno.<\/p>\n","protected":false},"excerpt":{"rendered":"<p>A las 8:00 de la ma\u00f1ana, hora local de Bolivia, empezaron este domingo las elecciones generales en las cuales m\u00e1s de 7,5 millones&nbsp;de personas est\u00e1n llamadas a votar para elegir a sus nuevas autoridades, entre las que sobresale la dupla presidencial&nbsp;para el per\u00edodo 2025-2030. Adem\u00e1s de presidente y vicepresidente, escoger\u00e1n a los 36 integrantes del [&hellip;]<\/p>\n","protected":false},"author":1,"featured_media":165130,"comment_status":"closed","ping_status":"closed","sticky":false,"template":"","format":"standard","meta":[],"categories":[22],"tags":[],"_links":{"self":[{"href":"http:\/\/cordobainforma.info\/index.php\/wp-json\/wp\/v2\/posts\/165129"}],"collection":[{"href":"http:\/\/cordobainforma.info\/index.php\/wp-json\/wp\/v2\/posts"}],"about":[{"href":"http:\/\/cordobainforma.info\/index.php\/wp-json\/wp\/v2\/types\/post"}],"author":[{"embeddable":true,"href":"http:\/\/cordobainforma.info\/index.php\/wp-json\/wp\/v2\/users\/1"}],"replies":[{"embeddable":true,"href":"http:\/\/cordobainforma.info\/index.php\/wp-json\/wp\/v2\/comments?post=165129"}],"version-history":[{"count":0,"href":"http:\/\/cordobainforma.info\/index.php\/wp-json\/wp\/v2\/posts\/165129\/revisions"}],"wp:featuredmedia":[{"embeddable":true,"href":"http:\/\/cordobainforma.info\/index.php\/wp-json\/wp\/v2\/media\/165130"}],"wp:attachment":[{"href":"http:\/\/cordobainforma.info\/index.php\/wp-json\/wp\/v2\/media?parent=165129"}],"wp:term":[{"taxonomy":"category","embeddable":true,"href":"http:\/\/cordobainforma.info\/index.php\/wp-json\/wp\/v2\/categories?post=165129"},{"taxonomy":"post_tag","embeddable":true,"href":"http:\/\/cordobainforma.info\/index.php\/wp-json\/wp\/v2\/tags?post=165129"}],"curies":[{"name":"wp","href":"https:\/\/api.w.org\/{rel}","templated":true}]}}