{"id":165121,"date":"2025-08-17T10:56:08","date_gmt":"2025-08-17T10:56:08","guid":{"rendered":"https:\/\/www.mujerhoy.com\/moda\/no-te-pierdas\/cinco-vestidos-boho-comodisimos-lucir-sandalias-planas-20250817125607-nt.html"},"modified":"2025-08-17T10:56:08","modified_gmt":"2025-08-17T10:56:08","slug":"cinco-vestidos-boho-comodisimos-para-lucir-con-sandalias-planas","status":"publish","type":"post","link":"http:\/\/cordobainforma.info\/index.php\/2025\/08\/17\/cinco-vestidos-boho-comodisimos-para-lucir-con-sandalias-planas\/","title":{"rendered":"Cinco vestidos boho comod\u00edsimos para lucir con sandalias planas"},"content":{"rendered":"<div class=\"media_block\"><\/div>\n<p><!-- AUTHOR --><\/p>\n<div class=\"voc-author-timesocial \">\n<!-- AUTHOR --><\/p>\n<div class=\"voc-author-timesocial__signature \">\n<!-- IMAGE AUTHOR -->\n<picture class=\"voc-image-signature\">\n<img class=\"voc-image-signature__img\" src=\"http:\/\/cordobainforma.info\/wp-content\/uploads\/2025\/08\/cinco-vestidos-boho-comodisimos-para-lucir-con-sandalias-planas.jpg\" alt=\"Carla Dom\u00ednguez\">\n<\/picture>\n<!-- INFO AUTHOR --> <\/div><\/div>\n<p><!-- COMPONENTS --><\/p>\n<p class=\"voc-paragraph\">Hay pocas combinaciones m\u00e1s apetecibles en verano que <a href=\"https:\/\/www.mujerhoy.com\/moda\/no-te-pierdas\/vestido-verano-basicos-zara-baratos-nuevo-20250731090114-nt.html\" data-voc-vtm-id=\"in-text-traffic\" title=\"un vestido boho\" data-mrf-link=\"www.mujerhoy.com\">un vestido boho<\/a> y unas sandalias planas. Es una de esas combinaciones que funcionan sin esfuerzo todo el verano. Al final te sientes desde la ma\u00f1ana hasta la noche sin echar de menos los tacones ni los estilismos complicados.<\/p>\n<p class=\"voc-paragraph\"><a href=\"https:\/\/www.mujerhoy.com\/moda\/no-te-pierdas\/mejores-prendas-boho-chic-tendencia-primavera-sfera-20250319130828-nt.html\" data-voc-vtm-id=\"in-text-traffic\" title=\"El estilo boho\" data-mrf-link=\"www.mujerhoy.com\">El estilo boho<\/a>, con sus tejidos vaporosos, estampados naturales y cortes fluidos, es perfecto para moverse con libertad, dejar que la piel respire y seguir teniendo <strong>ese toque chic que nos encanta.<\/strong> No es casualidad que cada verano vuelva a conquistar las calles y las escapadas junto al mar.<\/p>\n<div class=\"v-c-cmp v-c-cmp--t1 \">\n<div class=\"v-cmp-rld v-cmp-rld--2 \">\n<div class=\"v-cnt-m v-cnt-m--m\">\n<div class=\"v-cnt-m__c\">\n<div class=\"v-cnt-m__w v-cnt-m__w--1\">\n<p class=\"v-cnt-m__t\">\nTAMBI\u00c9N TE INTERESA\n<\/p>\n<\/div>\n<\/div>\n<\/div>\n<div class=\"v-g v-g--2-c v-g--bdr-min-xs\">\n<div class=\"v-g__c \">\n<article class=\"v-a v-a--cmp-rld v-a--cmp-rld-2 v-a--p-l\">\n<div class=\"v-a-img-c\">\n<figure class=\"v-a-fig\">\n<a href=\"https:\/\/www.mujerhoy.com\/moda\/no-te-pierdas\/novedades-zara-tendencia-piel-ante-edicion-limitada-entretiempo-20250731072618-nt.html#vtm_modulosEngag=mod-rel:moda:noticia:1:cmp:2-not\" class=\"v-a-link\" title=\"Las novedades de Zara de la semana: faldas de piel para el oto\u00f1o, vestidos de flecos y el mono que te pondr\u00e1s en septiembre\"><br \/>\n<img loading=\"lazy\" class=\"v-a-img\" src=\"http:\/\/cordobainforma.info\/wp-content\/uploads\/2025\/08\/cinco-vestidos-boho-comodisimos-para-lucir-con-sandalias-planas-1.jpg\" alt=\"Las novedades de Zara de la semana: faldas de piel para el oto\u00f1o, vestidos de flecos y el mono que te pondr\u00e1s en septiembre\"><br \/>\n<\/a><br \/>\n<\/figure>\n<\/div>\n<\/article>\n<\/div>\n<div class=\"v-g__c \">\n<article class=\"v-a v-a--cmp-rld v-a--cmp-rld-2 v-a--p-l\">\n<div class=\"v-a-img-c\">\n<figure class=\"v-a-fig\">\n<a href=\"https:\/\/www.mujerhoy.com\/moda\/no-te-pierdas\/caftan-favorito-espanolas-mejor-vestidas-sello-made-laganini-20250801181830-nt.html#vtm_modulosEngag=mod-rel:moda:noticia:2:cmp:2-not\" class=\"v-a-link\" title=\"El caft\u00e1n favorito de las espa\u00f1olas mejor vestidas tiene sello made in Spain\"><br \/>\n<img loading=\"lazy\" class=\"v-a-img\" src=\"http:\/\/cordobainforma.info\/wp-content\/uploads\/2025\/08\/cinco-vestidos-boho-comodisimos-para-lucir-con-sandalias-planas-2.jpg\" alt=\"El caft\u00e1n favorito de las espa\u00f1olas mejor vestidas tiene sello made in Spain\"><br \/>\n<\/a><br \/>\n<\/figure>\n<\/div>\n<\/article>\n<\/div>\n<\/div>\n<\/div>\n<\/div>\n<p class=\"voc-paragraph\">Y si hay un calzado que encaja a la perfecci\u00f3n con esa filosof\u00eda, son sin duda las <strong>sandalias planas<\/strong>. Ya sean de cuero, con pedrer\u00eda, tipo pala, con tiras trenzadas o al estilo gladiador, las sandalias sin tac\u00f3n realzan el estilo boho sin robarle protagonismo. Son el complemento natural de esos vestidos que se mueven con el viento y que tan bien sientan a cualquier edad y silueta.<\/p>\n<p class=\"voc-paragraph\">Este verano, <strong>no necesitas complicarte para ir perfecta.<\/strong> Solo necesitas un buen vestido boho y unas sandalias planas c\u00f3modas y estilosas. En esta selecci\u00f3n encontrar\u00e1s opciones para todos los gustos \u2014desde el blanco bordado m\u00e1s cl\u00e1sico hasta el patchwork m\u00e1s atrevido\u2014 con ideas para combinarlos y sacarles el m\u00e1ximo partido.Prep\u00e1rate para descubrir <strong>los vestidos boho m\u00e1s bonitos, c\u00f3modos y vers\u00e1tiles de la temporada.<\/strong><\/p>\n<p><h3 class=\"v-cmp-suh\">\nLos mejores vestidos boho para el verano<br \/>\n<\/h3>\n<\/p>\n<div class=\"v-c-cmp \">\n<div class=\"v-cmp-m v-cmp-m--t1\">\n<article class=\"v-a v-a--cmp-m v-c-cmp--m-p\">\n<div class=\"v-a-img-c v-a-img-c--fw-xs\">\n<div class=\"v-a-fig\">\n<div class=\"v-a-link\">\n<img loading=\"lazy\" src=\"http:\/\/cordobainforma.info\/wp-content\/uploads\/2025\/08\/cinco-vestidos-boho-comodisimos-para-lucir-con-sandalias-planas-3.jpg\" class=\"v-a-img\" width=\"650\" height=\"975\" alt=\"Vestido blanco con bordados de Parfois.\" data-voc-vtm-id=\"in-text-traffic\">\n<\/div><figcaption class=\"v-fc\">\n<span class=\"v-fc__t\"><br \/>\nVestido blanco con bordados de Parfois.<br \/>\n<\/span><br \/>\n<span class=\"v-fc__p\"><br \/>\nParfois<br \/>\n<\/span><br \/>\n<\/figcaption><\/div>\n<\/div>\n<\/article>\n<\/div>\n<\/div>\n<p><h3 class=\"v-cmp-suh\">\nVestido blanco con bordados de Parfois (45,99 euros)<br \/>\n<\/h3>\n<\/p>\n<p class=\"voc-paragraph\">Se trata de un vestido de la nueva colecci\u00f3n de Parfois. Es un dise\u00f1o midi en color blanco con detalle de bordados a contraste en colo azul. Un modelo impecable para la temporada de verano, con escote cuadrado y tirantes muy finitos. Un dise\u00f1o que podr\u00e1s encontrar solo online.<\/p>\n<div class=\"v-c-cmp \">\n<div class=\"v-cmp-m v-cmp-m--t1\">\n<article class=\"v-a v-a--cmp-m v-c-cmp--m-p\">\n<div class=\"v-a-img-c v-a-img-c--fw-xs\">\n<div class=\"v-a-fig\">\n<div class=\"v-a-link\">\n<img loading=\"lazy\" src=\"http:\/\/cordobainforma.info\/wp-content\/uploads\/2025\/08\/cinco-vestidos-boho-comodisimos-para-lucir-con-sandalias-planas-4.jpg\" class=\"v-a-img\" width=\"650\" height=\"975\" alt=\"Vestido boho con estampado de Par&amp;Escala.\" data-voc-vtm-id=\"in-text-traffic\">\n<\/div><figcaption class=\"v-fc\">\n<span class=\"v-fc__t\"><br \/>\nVestido boho con estampado de Par&amp;Escala.<br \/>\n<\/span><br \/>\n<span class=\"v-fc__p\"><br \/>\nPar&amp;Escala.<br \/>\n<\/span><br \/>\n<\/figcaption><\/div>\n<\/div>\n<\/article>\n<\/div>\n<\/div>\n<p><h3 class=\"v-cmp-suh\">\nVestido boho con estampado de Par&amp;Escala (125 euros)<br \/>\n<\/h3>\n<\/p>\n<p class=\"voc-paragraph\">La firma se ha convertido en una de las favoritas de las influencers en verano. Cuenta con dise\u00f1os muy fluidos, veraniegos y de estilo bohemio. Este dise\u00f1o es uno de nuestros favoritos con fondo blanco y estampado en tonos tierra. Est\u00e1 confeccionado en algod\u00f3n 100%.<\/p>\n<div class=\"v-c-cmp \">\n<div class=\"v-cmp-m v-cmp-m--t1\">\n<article class=\"v-a v-a--cmp-m v-c-cmp--m-p\">\n<div class=\"v-a-img-c v-a-img-c--fw-xs\">\n<div class=\"v-a-fig\">\n<div class=\"v-a-link\">\n<img loading=\"lazy\" src=\"http:\/\/cordobainforma.info\/wp-content\/uploads\/2025\/08\/cinco-vestidos-boho-comodisimos-para-lucir-con-sandalias-planas-5.jpg\" class=\"v-a-img\" width=\"650\" height=\"975\" alt=\"Vestido con estampado en rosa de Antik Batik.\" data-voc-vtm-id=\"in-text-traffic\">\n<\/div><figcaption class=\"v-fc\">\n<span class=\"v-fc__t\"><br \/>\nVestido con estampado en rosa de Antik Batik.<br \/>\n<\/span><br \/>\n<span class=\"v-fc__p\"><br \/>\nAntik Batik.<br \/>\n<\/span><br \/>\n<\/figcaption><\/div>\n<\/div>\n<\/article>\n<\/div>\n<\/div>\n<p><h3 class=\"v-cmp-suh\">\nVestido con estampado en rosa de Antik Batik (204 euro<br \/>\n<\/h3>\n<\/p>\n<p class=\"voc-paragraph\">Es la firma favorta de la reina Letizia y sus hijas en verano. La marca francesa cuenta con dise\u00f1o fluidos y muy originales para la temporada de verano. Este vestido es de color rosa con estampado de cachemire y lazada. Es un dise\u00f1o que puedes conseguir ahora rebajado a 204 euros.<\/p>\n<div class=\"v-c-cmp \">\n<div class=\"v-cmp-m v-cmp-m--t1\">\n<article class=\"v-a v-a--cmp-m v-c-cmp--m-p\">\n<div class=\"v-a-img-c v-a-img-c--fw-xs\">\n<div class=\"v-a-fig\">\n<div class=\"v-a-link\">\n<img loading=\"lazy\" src=\"http:\/\/cordobainforma.info\/wp-content\/uploads\/2025\/08\/cinco-vestidos-boho-comodisimos-para-lucir-con-sandalias-planas-6.jpg\" class=\"v-a-img\" width=\"650\" height=\"975\" alt=\"Vestido midi en beis de Kiabi.\" data-voc-vtm-id=\"in-text-traffic\">\n<\/div><figcaption class=\"v-fc\">\n<span class=\"v-fc__t\"><br \/>\nVestido midi en beis de Kiabi.<br \/>\n<\/span><br \/>\n<span class=\"v-fc__p\"><br \/>\nKiabi.<br \/>\n<\/span><br \/>\n<\/figcaption><\/div>\n<\/div>\n<\/article>\n<\/div>\n<\/div>\n<p><h3 class=\"v-cmp-suh\">\nVestido midi en beis de Kiabi (25 euros)<br \/>\n<\/h3>\n<\/p>\n<p class=\"voc-paragraph\">Otro dise\u00f1o muy f\u00e1cil de lucir en verano es este vestido de Kiabi. Se trata de un vestido midi en color beis con espalda descubierta y escote en pico. Un modelo s\u00faper veranieg y fresquito. Para darle un toque m\u00e1s boho, puedes a\u00f1adir accesorios como joyas o bolsos.<\/p>\n<div class=\"v-c-cmp \">\n<div class=\"v-cmp-m v-cmp-m--t1\">\n<article class=\"v-a v-a--cmp-m v-c-cmp--m-p\">\n<div class=\"v-a-img-c v-a-img-c--fw-xs\">\n<div class=\"v-a-fig\">\n<div class=\"v-a-link\">\n<img loading=\"lazy\" src=\"http:\/\/cordobainforma.info\/wp-content\/uploads\/2025\/08\/cinco-vestidos-boho-comodisimos-para-lucir-con-sandalias-planas-7.jpg\" class=\"v-a-img\" width=\"650\" height=\"975\" alt=\"Vestido con estampado boho de Ba&amp;sh.\" data-voc-vtm-id=\"in-text-traffic\">\n<\/div><figcaption class=\"v-fc\">\n<span class=\"v-fc__t\"><br \/>\nVestido con estampado boho de Ba&amp;sh.<br \/>\n<\/span><br \/>\n<span class=\"v-fc__p\"><br \/>\nBa&amp;sh<br \/>\n<\/span><br \/>\n<\/figcaption><\/div>\n<\/div>\n<\/article>\n<\/div>\n<\/div>\n<p><h3 class=\"v-cmp-suh\">\nVestido con estampado boho de Ba&amp;\u00ad (171,50 euros)<br \/>\n<\/h3>\n<\/p>\n<p class=\"voc-paragraph\">Las marcas francesas tienen descuentos muy competitivos. Un dise\u00f1o muy especial que est\u00e1 ahora rebajado es este de la firma Ba&amp;\u00ad. Es un vestido con estampado \u00e9tnico en colores rosados y violeta. Un dise\u00f1o midi con fruncido en la cintura y escote en pico.<\/p>\n<div class=\"v-c-cmp v-c-cmp--t1 \">\n<div class=\"v-cmp-rld v-cmp-rld--2 \">\n<div class=\"v-cnt-m v-cnt-m--m\">\n<div class=\"v-cnt-m__c\">\n<div class=\"v-cnt-m__w v-cnt-m__w--1\">\n<p class=\"v-cnt-m__t\">\nTAMBI\u00c9N TE INTERESA\n<\/p>\n<\/div>\n<\/div>\n<\/div>\n<div class=\"v-g v-g--2-c v-g--bdr-min-xs\">\n<div class=\"v-g__c \">\n<article class=\"v-a v-a--cmp-rld v-a--cmp-rld-2 v-a--p-l\">\n<div class=\"v-a-img-c\">\n<figure class=\"v-a-fig\">\n<a href=\"https:\/\/www.mujerhoy.com\/moda\/no-te-pierdas\/reina-letizia-revoluciono-mallorca-vestido-lencero-plateado-atlantida-film-festival-20250803192600-nt.html#vtm_modulosEngag=mod-rel:moda:noticia:1:cmp:2-not\" class=\"v-a-link\" title=\"El d\u00eda en el que la reina Letizia revolucion\u00f3 Mallorca con un vestido lencero: el mejor look del Atl\u00e1ntida Film Fest\"><br \/>\n<img loading=\"lazy\" class=\"v-a-img\" src=\"http:\/\/cordobainforma.info\/wp-content\/uploads\/2025\/08\/cinco-vestidos-boho-comodisimos-para-lucir-con-sandalias-planas-8.jpg\" alt=\"El d\u00eda en el que la reina Letizia revolucion\u00f3 Mallorca con un vestido lencero: el mejor look del Atl\u00e1ntida Film Fest\"><br \/>\n<\/a><br \/>\n<\/figure>\n<\/div>\n<\/article>\n<\/div>\n<div class=\"v-g__c \">\n<article class=\"v-a v-a--cmp-rld v-a--cmp-rld-2 v-a--p-l\">\n<div class=\"v-a-img-c\">\n<figure class=\"v-a-fig\">\n<a href=\"https:\/\/www.mujerhoy.com\/moda\/no-te-pierdas\/nuevo-hym-vestidos-romanticos-vaqueros-basicos-entretiempo-20250730192131-nt.html#vtm_modulosEngag=mod-rel:moda:noticia:2:cmp:2-not\" class=\"v-a-link\" title=\"Las novedades de H&amp;M de la semana: vestidos rom\u00e1nticos, tejido denim y b\u00e1sicos para oto\u00f1o\"><br \/>\n<img loading=\"lazy\" class=\"v-a-img\" src=\"http:\/\/cordobainforma.info\/wp-content\/uploads\/2025\/08\/cinco-vestidos-boho-comodisimos-para-lucir-con-sandalias-planas-9.jpg\" alt=\"Las novedades de H&amp;M de la semana: vestidos rom\u00e1nticos, tejido denim y b\u00e1sicos para oto\u00f1o\"><br \/>\n<\/a><br \/>\n<\/figure>\n<\/div>\n<\/article>\n<\/div>\n<\/div>\n<\/div>\n<\/div>\n","protected":false},"excerpt":{"rendered":"<p>Hay pocas combinaciones m\u00e1s apetecibles en verano que un vestido boho y unas sandalias planas. Es una de esas combinaciones que funcionan sin esfuerzo todo el verano. Al final te sientes desde la ma\u00f1ana hasta la noche sin echar de menos los tacones ni los estilismos complicados. El estilo boho, con sus tejidos vaporosos, estampados [&hellip;]<\/p>\n","protected":false},"author":1,"featured_media":165122,"comment_status":"closed","ping_status":"closed","sticky":false,"template":"","format":"standard","meta":[],"categories":[24],"tags":[],"_links":{"self":[{"href":"http:\/\/cordobainforma.info\/index.php\/wp-json\/wp\/v2\/posts\/165121"}],"collection":[{"href":"http:\/\/cordobainforma.info\/index.php\/wp-json\/wp\/v2\/posts"}],"about":[{"href":"http:\/\/cordobainforma.info\/index.php\/wp-json\/wp\/v2\/types\/post"}],"author":[{"embeddable":true,"href":"http:\/\/cordobainforma.info\/index.php\/wp-json\/wp\/v2\/users\/1"}],"replies":[{"embeddable":true,"href":"http:\/\/cordobainforma.info\/index.php\/wp-json\/wp\/v2\/comments?post=165121"}],"version-history":[{"count":0,"href":"http:\/\/cordobainforma.info\/index.php\/wp-json\/wp\/v2\/posts\/165121\/revisions"}],"wp:featuredmedia":[{"embeddable":true,"href":"http:\/\/cordobainforma.info\/index.php\/wp-json\/wp\/v2\/media\/165122"}],"wp:attachment":[{"href":"http:\/\/cordobainforma.info\/index.php\/wp-json\/wp\/v2\/media?parent=165121"}],"wp:term":[{"taxonomy":"category","embeddable":true,"href":"http:\/\/cordobainforma.info\/index.php\/wp-json\/wp\/v2\/categories?post=165121"},{"taxonomy":"post_tag","embeddable":true,"href":"http:\/\/cordobainforma.info\/index.php\/wp-json\/wp\/v2\/tags?post=165121"}],"curies":[{"name":"wp","href":"https:\/\/api.w.org\/{rel}","templated":true}]}}