{"id":165111,"date":"2025-08-17T10:00:00","date_gmt":"2025-08-17T10:00:00","guid":{"rendered":"http:\/\/cordobainforma.info\/index.php\/2025\/08\/17\/el-triste-y-solitario-final-de-san-martin\/"},"modified":"2025-08-17T10:00:00","modified_gmt":"2025-08-17T10:00:00","slug":"el-triste-y-solitario-final-de-san-martin","status":"publish","type":"post","link":"http:\/\/cordobainforma.info\/index.php\/2025\/08\/17\/el-triste-y-solitario-final-de-san-martin\/","title":{"rendered":"El triste y solitario final de San Mart\u00edn"},"content":{"rendered":"<div class=\"media_block\"><\/div>\n<div><img src=\"http:\/\/cordobainforma.info\/wp-content\/uploads\/2025\/08\/el-triste-y-solitario-final-de-san-martin.jpg\" class=\"ff-og-image-inserted\"><\/div>\n<p>El 10 de febrero de 1824, el <strong>General Jos\u00e9 de San Mart\u00edn<\/strong> se embarc\u00f3 junto a su hija Mercedes en el nav\u00edo <em>Le Bayonnais<\/em>, rumbo a <strong>Francia<\/strong>. Poco antes, hab\u00eda hecho construir un sepulcro para su esposa. y en la l\u00e1pida graba:<a target=\"_blank\" href=\"https:\/\/www.perfil.com\/noticias\/actualidad\/leopoldo-torre-nilsson-el-director-de-cine-que-hizo-que-europa-aplaudiera-a-argentina.phtml\" rel=\"noopener noreferrer\"> \u201cAqu\u00ed yace Remedios Escalada, esposa y amiga del General San Mart\u00edn\u201d,<\/a> hizo grabar en su l\u00e1pida. Fue a su sepultura, dialog\u00f3 con ella en silencio y luego se despidi\u00f3 de ella y de Argentina, y cruz\u00f3 el Oc\u00e9ano Atl\u00e1ntico, rumbo a su exilio definitivo.<\/p>\n<p>Al llegar a El Havre, el 23 de abril de 1824, <strong>la polic\u00eda de Luis XVIII hizo una requisa de su equipaje<\/strong>, encontrando libros y diarios de contenido republicano. Se los retuvieron, pero despu\u00e9s se los devolvieron. Le impidieron residir en Francia. D\u00edas m\u00e1s tarde se embarc\u00f3 para Inglaterra donde permaneci\u00f3 poco tiempo, dejando a su hija pupila en un colegio. Particip\u00f3 de varias reuniones sociales y en una de ellas ret\u00f3 a duelo a Bernardino Rivadavia, hecho que finalmente no se produjo, aunque si la separaci\u00f3n definitiva entre ambos.<\/p>\n<p>El 11 de septiembre de 1824 parti\u00f3 hacia <strong>Bruselas<\/strong>, para residir en un \u00e1mbito donde pudiera tener una mayor tranquilidad econ\u00f3mica. M\u00e1s luego, la soledad se sent\u00eda y fue buscar a su hija a Gran Breta\u00f1a.<\/p>\n<div class=\"subscription\" readability=\"6.683257918552\">\n<p> Esto no les gusta a los autoritarios <\/p>\n<div class=\"subscription__container\" readability=\"6.1467391304348\">\n<div class=\"subscription__text-wrapper\" readability=\"31.20652173913\">\n<p> El ejercicio del periodismo profesional y cr\u00edtico es un pilar fundamental de la democracia. Por eso molesta a quienes creen ser los due\u00f1os de la verdad. <\/p>\n<\/p><\/div><\/div><\/div>\n<p>En aquel tiempo su econom\u00eda estaba bastante comprometida ya que Per\u00fa no le enviaba a tiempo la pensi\u00f3n vitalicia que le hab\u00edan otorgado por decreto, por su condici\u00f3n de Protector del Per\u00fa, tras lograr la independencia de Espa\u00f1a el <a target=\"_blank\" href=\"https:\/\/radio.perfil.com\/noticias\/podcasts\/el-28-de-julio-de-1821-jose-de-san-martin-proclamo-la-independencia-del-peru.phtml\" rel=\"noopener noreferrer\">28 de julio de 1821, en Lima<\/a>.<\/p>\n<p>A fines de 1828 se embarc\u00f3 para Buenos Aires, pero enterado de la Revoluci\u00f3n de Lavalle -que termin\u00f3 con el gobierno y con el <a target=\"_blank\" href=\"https:\/\/www.perfil.com\/noticias\/columnistas\/dorrego-el-gobernador-popular-20140906-0013.phtml\" rel=\"noopener noreferrer\">fusilamiento de Manuel Dorrego-<\/a> decidi\u00f3 no desembarcar, neg\u00e1ndose a recibir el gobierno que le ofrec\u00eda Juan Galo de Lavalle, pues se negaba rotundamente a participar de una sostenida guerra fratricida. En febrero de 1829 se traslad\u00f3 a Montevideo, donde permaneci\u00f3 hasta fines de abril, y regres\u00f3 a Europa.<\/p>\n<p>En 1830, dej\u00f3 Bruselas, ya que Par\u00eds le abri\u00f3 sus puertas, luego de la ca\u00edda de Carlos X de Borb\u00f3n con la revoluci\u00f3n de julio de ese a\u00f1o. Luis Felipe de Orleans era el nuevo rey. Eso marc\u00f3 el fin de los Borbones y el comienzo de su residencia en Francia.<br \/>Gracias a la gesti\u00f3n de Bernardo O\u2019Higgins, en 1832 el Gobierno del Per\u00fa le envi\u00f3 parte de la pensi\u00f3n adeudada, con lo cual su situaci\u00f3n econ\u00f3mica apremiante tuvo un respiro.<\/p>\n<p class=\"destacadoNota\"><a target=\"_blank\" href=\"https:\/\/www.perfil.com\/noticias\/actualidad\/san-martin-el-heroe-correntino-vivio-la-primera-devastacion-patria-salvajelvidaria-su-patria-salvaje.phtml\" rel=\"noopener noreferrer\">San Mart\u00edn, el h\u00e9roe correntino que vivi\u00f3 la primera devastaci\u00f3n de su patria salvaje<\/a><\/p>\n<p>Para ese entonces, Mercedes se casaba con Mariano Balcarce y adem\u00e1s se produjo el encuentro con Alejandro Aguado, ex compa\u00f1ero de armas en el Ej\u00e9rcito Espa\u00f1ol, quien se hab\u00eda convertido en banquero de la corona espa\u00f1ola. <\/p>\n<p>Aguado se convirti\u00f3 en el mecenas de San Mart\u00edn y, a partir de ese momento, su situaci\u00f3n cambiar\u00eda sustancialmente. Entre otras cosas, pudo comprar la Casa de Grand Bourg, donde el Libertador residi\u00f3 desde 1834 hasta 1848, cuando se traslad\u00f3 junto a su familia a Boulogne sur Mer.<\/p>\n<p>En esa casa, lo visit\u00f3 &#8211; entre otros- <strong>Domingo Faustino Sarmiento<\/strong>, en 1846 y 1847.<\/p>\n<p>En 1848, le escribi\u00f3 al presidente del Per\u00fa Mariscal Castilla.<\/p>\n<p>\u201cAhora s\u00f3lo me resta, para terminar mi exposici\u00f3n, decir a usted las razones que motivaron el ostracismo voluntario de mi patria\u201d, le dec\u00eda a Castilla y, a continuaci\u00f3n, le detall\u00f3 la guerra sostenida que el gobierno de Buenos Aires le hac\u00eda en sus papeles ministeriales, no obstante que estaba totalmente alejado de cualquier facci\u00f3n pol\u00edtica. Tambi\u00e9n se lament\u00f3 del uso de su nombre que hac\u00eda la oposici\u00f3n al gobierno, sin su aprobaci\u00f3n ni conocimiento para mostrarlo como el hombre capaz de organizar el Estado. Toda esa situaci\u00f3n lo llev\u00f3 a embarcarse para Europa).<\/p>\n<p class=\"destacadoNota\"><a target=\"_blank\" href=\"https:\/\/www.perfil.com\/noticias\/sociedad\/discusion-por-los-restos-de-san-martin-20100903-0021.phtml\" rel=\"noopener noreferrer\">Discusi\u00f3n por los restos de San Mart\u00edn<\/a><\/p>\n<p>Dos a\u00f1os m\u00e1s tarde, el<strong> 17 de Agosto de 1850<\/strong>, a las tres de la tarde (hora de Francia) falleci\u00f3 en compa\u00f1\u00eda de su hija Mercedes, su yerno Mariano Balcarce, sus nietas Mar\u00eda Mercedes y Josefa Dominga, su m\u00e9dico, el Dr. Jord\u00e1n y el Sr. Javier Rosales, encargado diplom\u00e1tico de Chile en Francia.<\/p>\n<p>Ese d\u00eda San Mart\u00edn se levant\u00f3 sereno y se traslad\u00f3 a la habitaci\u00f3n de su hija, donde pidi\u00f3 que le leyeran los diarios, comi\u00f3 algo e hizo poner rap\u00e9 en una caja para invitar a su m\u00e9dico cuando llegase. El profesional lo visit\u00f3 esa ma\u00f1ana. Nada de anormal descubrieron en \u00e9l quienes lo acompa\u00f1aban, pero a las dos de la tarde entr\u00f3 en crisis y sin abandonar la habitaci\u00f3n lo colocaron en la cama de Mercedes, a quien le exclam\u00f3<em> \u201ces la fatiga de la muerte\u201d <\/em>y luego dirigi\u00e9ndose a Balcarce, le pronunci\u00f3 la \u00faltimas palabras \u201cMariano, a mi cuarto\u201d y despu\u00e9s de un movimiento convulsivo, expir\u00f3.<\/p>\n<blockquote readability=\"0\">\n<p><a target=\"_blank\" href=\"https:\/\/www.perfil.com\/noticias\/opinion\/sarmiento-y-su-cruzada-para-fortalecer-la-democracia-con-el-idioma.phtml\" rel=\"noopener noreferrer\">En esa casa de Grand Bourg lo visit\u00f3 &#8211; entre otros- Domingo Faustino Sarmiento, en 1846 y 1847<\/a><\/p>\n<\/blockquote>\n<p>Al d\u00eda siguiente llegaron dos amigos, el Sr. Jos\u00e9 Guerrico y el Sr. F\u00e9lix Fr\u00edas, quien expres\u00f3: \u201ctuve la dolorosa satisfacci\u00f3n de contemplar los despojos mortales de ese hombre cuya vida pertenece a las brillantes p\u00e1ginas de la historia americana. Su rostro conservaba los rasgos marcados de su car\u00e1cter severo y respetable, ten\u00eda un crucifijo sobre el pecho y hab\u00eda otro sobre una mesa, al lado, entre dos cirios encendidos, dos hermanas de caridad rogaban por el alma del difunto\u201d.<\/p>\n<p>El d\u00eda 18, el Sr. Rosales y el due\u00f1o de la casa donde viv\u00eda San Mart\u00edn, el Dr. Henry Adolphe G\u00e9rard, un destacado abogado de la localidad y bibliotecario de Boulogne, se dirigieron al se\u00f1or Alcalde, present\u00e1ndole una nota donde la hac\u00edan saber que hab\u00eda fallecido el Gral. San Mart\u00edn, y le solicitaban la autorizaci\u00f3n para depositar <a target=\"_blank\" href=\"https:\/\/www.perfil.com\/noticias\/sociedad\/notre-dame-sella-el-fracaso-de-la-literatura-y-el-exito-de-las-imagenes.phtml\" rel=\"noopener noreferrer\">el cuerpo en una cripta de la Iglesia de Notre Dame<\/a>. Dec\u00edan que sus restos embalsamados ser\u00edan depositados en un ata\u00fad de plomo, el cual a su vez ser\u00eda contenido en otro de roble y todo dentro de otro de madera de pino, raz\u00f3n por la que las condiciones de salubridad estar\u00edan plenamente garantizadas. La nota lleva la firma de Rosales, pero se cree que la redact\u00f3 G\u00e9rard.<\/p>\n<p>El Alcalde solicit\u00f3 al Dr. Cousin, m\u00e9dico del Registro Civil, que certificara que se hab\u00edan tomados las medidas para garantizar la salubridad p\u00fablica. El se\u00f1alado m\u00e9dico -el d\u00eda 19- dej\u00f3 constancia de haber verificado que el cuerpo embalsamado fue depositado en un triple ata\u00fad, que el del medio es de plomo soldado con la finalidad de prevenir cualquier emanaci\u00f3n nociva capaz de comprometer la salubridad p\u00fablica.<\/p>\n<p>El sepelio se realiz\u00f3 el d\u00eda 20 de Agosto a las 6 de la ma\u00f1ana, acompa\u00f1ando el coche f\u00fanebre rodeado seis hombres con capas negras; el Dr. Mariano Balcarce, los Sres. J. P. Darthez, F. J. Rosales, Jos\u00e9 Guerrico, Felix Fr\u00edas, A. G\u00e9rard y un vecino del mismo.<\/p>\n<p>Despu\u00e9s de 30 a\u00f1os sus restos mortales embalsamados llegaron a Buenos Aires, donde descansan en la <strong>Catedral Metropolitana.<\/strong><\/p>\n<h4><em>Dr.en Leyes, Presidente Asociaci\u00f3n Cultural Sanmartiniana de San Juan; Acad\u00e9mico de N\u00famero del Instituto Nacional Sanmartiniano <\/em><\/h4>\n","protected":false},"excerpt":{"rendered":"<p>El 10 de febrero de 1824, el General Jos\u00e9 de San Mart\u00edn se embarc\u00f3 junto a su hija Mercedes en el nav\u00edo Le Bayonnais, rumbo a Francia. Poco antes, hab\u00eda hecho construir un sepulcro para su esposa. y en la l\u00e1pida graba: \u201cAqu\u00ed yace Remedios Escalada, esposa y amiga del General San Mart\u00edn\u201d, hizo grabar [&hellip;]<\/p>\n","protected":false},"author":1,"featured_media":165112,"comment_status":"closed","ping_status":"closed","sticky":false,"template":"","format":"standard","meta":[],"categories":[2],"tags":[],"_links":{"self":[{"href":"http:\/\/cordobainforma.info\/index.php\/wp-json\/wp\/v2\/posts\/165111"}],"collection":[{"href":"http:\/\/cordobainforma.info\/index.php\/wp-json\/wp\/v2\/posts"}],"about":[{"href":"http:\/\/cordobainforma.info\/index.php\/wp-json\/wp\/v2\/types\/post"}],"author":[{"embeddable":true,"href":"http:\/\/cordobainforma.info\/index.php\/wp-json\/wp\/v2\/users\/1"}],"replies":[{"embeddable":true,"href":"http:\/\/cordobainforma.info\/index.php\/wp-json\/wp\/v2\/comments?post=165111"}],"version-history":[{"count":0,"href":"http:\/\/cordobainforma.info\/index.php\/wp-json\/wp\/v2\/posts\/165111\/revisions"}],"wp:featuredmedia":[{"embeddable":true,"href":"http:\/\/cordobainforma.info\/index.php\/wp-json\/wp\/v2\/media\/165112"}],"wp:attachment":[{"href":"http:\/\/cordobainforma.info\/index.php\/wp-json\/wp\/v2\/media?parent=165111"}],"wp:term":[{"taxonomy":"category","embeddable":true,"href":"http:\/\/cordobainforma.info\/index.php\/wp-json\/wp\/v2\/categories?post=165111"},{"taxonomy":"post_tag","embeddable":true,"href":"http:\/\/cordobainforma.info\/index.php\/wp-json\/wp\/v2\/tags?post=165111"}],"curies":[{"name":"wp","href":"https:\/\/api.w.org\/{rel}","templated":true}]}}