{"id":165106,"date":"2025-08-17T06:42:53","date_gmt":"2025-08-17T06:42:53","guid":{"rendered":"http:\/\/cordobainforma.info\/index.php\/2025\/08\/17\/tasas-al-80-y-pymes-en-tension-la-politica-cambiaria-pone-freno-a-la-reactivacion-economica\/"},"modified":"2025-08-17T06:42:53","modified_gmt":"2025-08-17T06:42:53","slug":"tasas-al-80-y-pymes-en-tension-la-politica-cambiaria-pone-freno-a-la-reactivacion-economica","status":"publish","type":"post","link":"http:\/\/cordobainforma.info\/index.php\/2025\/08\/17\/tasas-al-80-y-pymes-en-tension-la-politica-cambiaria-pone-freno-a-la-reactivacion-economica\/","title":{"rendered":"Tasas al 80% y pymes en tensi\u00f3n: la pol\u00edtica cambiaria pone freno a la reactivaci\u00f3n <b>econ\u00f3mica<\/b>"},"content":{"rendered":"<p>En la \u00faltima semana, una seguidilla de medidas oficiales \u2013suba de encajes, restricci\u00f3n monetaria a bancos y licitaciones fallidas con bajo&nbsp;&#8230; <\/p>\n","protected":false},"excerpt":{"rendered":"<p>En la \u00faltima semana, una seguidilla de medidas oficiales \u2013suba de encajes, restricci\u00f3n monetaria a bancos y licitaciones fallidas con bajo&nbsp;&#8230;<\/p>\n","protected":false},"author":1,"featured_media":0,"comment_status":"closed","ping_status":"closed","sticky":false,"template":"","format":"standard","meta":[],"categories":[23],"tags":[],"_links":{"self":[{"href":"http:\/\/cordobainforma.info\/index.php\/wp-json\/wp\/v2\/posts\/165106"}],"collection":[{"href":"http:\/\/cordobainforma.info\/index.php\/wp-json\/wp\/v2\/posts"}],"about":[{"href":"http:\/\/cordobainforma.info\/index.php\/wp-json\/wp\/v2\/types\/post"}],"author":[{"embeddable":true,"href":"http:\/\/cordobainforma.info\/index.php\/wp-json\/wp\/v2\/users\/1"}],"replies":[{"embeddable":true,"href":"http:\/\/cordobainforma.info\/index.php\/wp-json\/wp\/v2\/comments?post=165106"}],"version-history":[{"count":0,"href":"http:\/\/cordobainforma.info\/index.php\/wp-json\/wp\/v2\/posts\/165106\/revisions"}],"wp:attachment":[{"href":"http:\/\/cordobainforma.info\/index.php\/wp-json\/wp\/v2\/media?parent=165106"}],"wp:term":[{"taxonomy":"category","embeddable":true,"href":"http:\/\/cordobainforma.info\/index.php\/wp-json\/wp\/v2\/categories?post=165106"},{"taxonomy":"post_tag","embeddable":true,"href":"http:\/\/cordobainforma.info\/index.php\/wp-json\/wp\/v2\/tags?post=165106"}],"curies":[{"name":"wp","href":"https:\/\/api.w.org\/{rel}","templated":true}]}}