{"id":165105,"date":"2025-08-17T08:13:50","date_gmt":"2025-08-17T08:13:50","guid":{"rendered":"http:\/\/cordobainforma.info\/index.php\/2025\/08\/17\/el-costo-economico-de-la-oferta-electoral-la-voz\/"},"modified":"2025-08-17T08:13:50","modified_gmt":"2025-08-17T08:13:50","slug":"el-costo-economico-de-la-oferta-electoral-la-voz","status":"publish","type":"post","link":"http:\/\/cordobainforma.info\/index.php\/2025\/08\/17\/el-costo-economico-de-la-oferta-electoral-la-voz\/","title":{"rendered":"El costo econ\u00f3mico de la oferta electoral &#8211; La Voz"},"content":{"rendered":"<p>Hace casi una d\u00e9cada, cuando en el mundo comenzaba a emerger el fen\u00f3meno pol\u00edtico de la derecha populista, el soci\u00f3logo ingl\u00e9s William Davies&nbsp;&#8230; <\/p>\n","protected":false},"excerpt":{"rendered":"<p>Hace casi una d\u00e9cada, cuando en el mundo comenzaba a emerger el fen\u00f3meno pol\u00edtico de la derecha populista, el soci\u00f3logo ingl\u00e9s William Davies&nbsp;&#8230;<\/p>\n","protected":false},"author":1,"featured_media":0,"comment_status":"closed","ping_status":"closed","sticky":false,"template":"","format":"standard","meta":[],"categories":[23],"tags":[],"_links":{"self":[{"href":"http:\/\/cordobainforma.info\/index.php\/wp-json\/wp\/v2\/posts\/165105"}],"collection":[{"href":"http:\/\/cordobainforma.info\/index.php\/wp-json\/wp\/v2\/posts"}],"about":[{"href":"http:\/\/cordobainforma.info\/index.php\/wp-json\/wp\/v2\/types\/post"}],"author":[{"embeddable":true,"href":"http:\/\/cordobainforma.info\/index.php\/wp-json\/wp\/v2\/users\/1"}],"replies":[{"embeddable":true,"href":"http:\/\/cordobainforma.info\/index.php\/wp-json\/wp\/v2\/comments?post=165105"}],"version-history":[{"count":0,"href":"http:\/\/cordobainforma.info\/index.php\/wp-json\/wp\/v2\/posts\/165105\/revisions"}],"wp:attachment":[{"href":"http:\/\/cordobainforma.info\/index.php\/wp-json\/wp\/v2\/media?parent=165105"}],"wp:term":[{"taxonomy":"category","embeddable":true,"href":"http:\/\/cordobainforma.info\/index.php\/wp-json\/wp\/v2\/categories?post=165105"},{"taxonomy":"post_tag","embeddable":true,"href":"http:\/\/cordobainforma.info\/index.php\/wp-json\/wp\/v2\/tags?post=165105"}],"curies":[{"name":"wp","href":"https:\/\/api.w.org\/{rel}","templated":true}]}}