{"id":165068,"date":"2025-08-17T04:00:43","date_gmt":"2025-08-17T04:00:43","guid":{"rendered":"https:\/\/www.clarin.com\/deportes\/lionel-messi-20-anos-seleccion-90-segundos-efimeros-roja-injusta-gloria-eterna-records-imposibles_0_PuPszcyMNG.html"},"modified":"2025-08-17T04:00:43","modified_gmt":"2025-08-17T04:00:43","slug":"lionel-messi-y-sus-20-anos-en-la-seleccion-de-los-90-segundos-efimeros-y-una-roja-injusta-a-la-gloria-eterna-y-los-records-imposibles","status":"publish","type":"post","link":"http:\/\/cordobainforma.info\/index.php\/2025\/08\/17\/lionel-messi-y-sus-20-anos-en-la-seleccion-de-los-90-segundos-efimeros-y-una-roja-injusta-a-la-gloria-eterna-y-los-records-imposibles\/","title":{"rendered":"Lionel Messi y sus 20 a\u00f1os en la Selecci\u00f3n: de los 90 segundos ef\u00edmeros y una roja injusta a la gloria eterna y los r\u00e9cords imposibles"},"content":{"rendered":"<p><img src=\"http:\/\/cordobainforma.info\/wp-content\/uploads\/2025\/08\/lionel-messi-y-sus-20-anos-en-la-seleccion-de-los-90-segundos-efimeros-y-una-roja-injusta-a-la-gloria-eterna-y-los-records-imposibles.jpg\"><\/p>\n<div><img src=\"http:\/\/cordobainforma.info\/wp-content\/uploads\/2025\/08\/lionel-messi-y-sus-20-anos-en-la-seleccion-de-los-90-segundos-efimeros-y-una-roja-injusta-a-la-gloria-eterna-y-los-records-imposibles-2.jpg\" class=\"ff-og-image-inserted\"><\/div>\n<div id=\"element-body-0\" readability=\"64\">\n<p>Fueron 90 ef\u00edmeros segundos. Un suspiro. Un abrir y cerrar de ojos. Son 20 a\u00f1os, dos d\u00e9cadas, una historia ligada a la celeste y blanca como ning\u00fan otro futbolista logr\u00f3, ni siquiera <strong>Diego Maradona<\/strong>, esa imagen ic\u00f3nica y pesada que lo persigui\u00f3 durante a\u00f1os en la comparaci\u00f3n. Hasta que finalmente super\u00f3 el trauma y logr\u00f3 ponerse a la par. <strong>Lionel Messi<\/strong> es para toda una generaci\u00f3n de argentinos lo que fue el Diego. Las dos grandes estrellas de nuestra historia futbol\u00edstica.<\/p>\n<\/div>\n<div id=\"element-body-1\" readability=\"68\">\n<p>Este domingo 17 de agosto, D\u00eda de la Ni\u00f1ez, se cumplen 20 a\u00f1os del debut de aquel ni\u00f1o, Lionel Andr\u00e9s Messi, en la Selecci\u00f3n Mayor, ante Hungr\u00eda, en Budapest, y que apenas disfrut\u00f3 90 segundos desde su ingreso en el segundo tiempo, ese breve espacio en que tard\u00f3 el \u00e1rbitro en mostrarle la tarjeta roja. La primera de las tres de su carrera. Aquellas fueron las primeras l\u00e1grimas en el seleccionado. Hubo muchas m\u00e1s despu\u00e9s. Hasta la sonrisa final de una historia que a\u00fan no termin\u00f3.<\/p>\n<\/div>\n<div id=\"element-body-2\" readability=\"71\">\n<p>En un programa de televisi\u00f3n del club <strong>Barcelona<\/strong>, un joven periodista le pregunt\u00f3 sobre Maradona. Messi, quien a\u00fan no hab\u00eda debutado en el club catal\u00e1n, dijo, adem\u00e1s de elogiar a Diego, que le gustar\u00eda jugar alg\u00fan d\u00eda en la Selecci\u00f3n Argentina. En el Mundial Sub 17 que se jug\u00f3 en Finlandia en 2003, los entrenadores espa\u00f1oles le aseguraron a Hugo Tocalli, el t\u00e9cnico argentino, que \u201csi sumaban a Messi a ese equipo, seguro eran campeones\u201d. Y un d\u00eda, Tocalli recibi\u00f3 un video del chico rosarino. Maravillado, le avis\u00f3 a Jos\u00e9 Pekerman. Y este a Julio Grondona. El engranaje empez\u00f3 a funcionar.<\/p>\n<\/div>\n<div id=\"element-body-4\" readability=\"69\">\n<p>Un d\u00eda despu\u00e9s de cumplir 17 a\u00f1os, el 25 de junio de 2004, <strong>Messi pis\u00f3 por primera vez el predio de Ezeiza que ahora lleva su nombre<\/strong>. El 29 de junio, ante Paraguay, disput\u00f3 sus primeros minutos con la Sub 20 en la cancha de Argentinos Juniors. As\u00ed, el f\u00fatbol argentino blind\u00f3 a su promesa. Luego, en 2005, jug\u00f3 el Sudamericano Sub 20 en Colombia y el Mundial en Pa\u00edses Bajos, donde fue campe\u00f3n, goleador y figura. En agosto de ese mismo a\u00f1o le lleg\u00f3 la primera citaci\u00f3n. Fue para el amistoso con Hungr\u00eda en Budapest.<\/p>\n<\/div>\n<div id=\"element-body-5\" readability=\"64\">\n<p>El encuentro transcurr\u00eda por carriles normales. A los 18 minutos, Maxi Rodr\u00edguez marc\u00f3 el 1-0 y a los 28 igual\u00f3 para los locales Torghelle. En la parte final, hubo dos minutos de puro v\u00e9rtigo. A los 17, Gabriel Heinze estableci\u00f3 el 2-1. Enseguida, Pekerman decidi\u00f3 el ingreso de Messi por Lisandro L\u00f3pez.<\/p>\n<\/div>\n<div id=\"element-body-6\" readability=\"63\">\n<p>La Pulga recibi\u00f3 de Lucas Bernardi la \u00fanica pelota que toc\u00f3. Pasando apenas la mitad de la cancha intent\u00f3 llevarla como un rayo hasta el arco de Gabor Kilary, el arquero h\u00fangaro. No pudo ser. Vilmos Vanczak lo corri\u00f3 de atr\u00e1s, le ara\u00f1\u00f3 la camiseta con su mano izquierda y Lionel reaccion\u00f3 con un manotazo que conect\u00f3 m\u00e1s en el hombro que en el rostro del defensor. Igual, el \u00e1rbitro<strong> Markus Merk<\/strong> fue implacable: cobr\u00f3 la falta a los 43 segundos del ingreso de Lionel y 47 segundos despu\u00e9s (fueron 90 los segundos en que el zurdo estuvo en el campo) le sac\u00f3 la roja directa.<\/p>\n<\/div>\n<div id=\"element-body-7\" readability=\"63\">\n<p>De esa manera, <strong>Messi se transform\u00f3 en el jugador que m\u00e1s r\u00e1pido hab\u00eda sido expulsado en la historia de la Selecci\u00f3n<\/strong>. Hasta entonces, s\u00f3lo seis futbolistas hab\u00edan visto la roja en su estreno con la camiseta albiceleste y el r\u00e9cord lo compart\u00edan <strong>Francisco Russo<\/strong> (en 1973) y <strong>Cristian Kily Gonz\u00e1lez<\/strong> (en 1995), quienes hab\u00edan estado tres minutos en el campo antes de ser echados.<\/p>\n<\/div>\n<div id=\"element-body-9\" readability=\"69\">\n<p><em>\u201cNo le hice nada, no le pegu\u00e9. Encar\u00e9, lo pas\u00e9, me agarr\u00f3 de la camiseta y saqu\u00e9 el brazo para seguir la jugada\u201d<\/em>, explic\u00f3 Messi aquel d\u00eda. <em>\u201cSu expulsi\u00f3n fue exagerada e injusta. Esto le pas\u00f3 por querer jugar, por encarar. Yo lo felicit\u00e9 por esa intenci\u00f3n\u201d,<\/em> lo justific\u00f3 Pekerman. <em>\u201c(Merk) Se extralimit\u00f3. Le falt\u00f3 pulso. Ten\u00eda que entender que estaba echando a un chico de 18 a\u00f1os que reci\u00e9n entraba y que estaba debutando en una selecci\u00f3n. Debi\u00f3 ser m\u00e1s comprensivo\u201d<\/em>, evalu\u00f3 Hern\u00e1n Crespo. <em>\u201cCon esa decisi\u00f3n apresurada, arruin\u00f3 el partido y destruy\u00f3 la ilusi\u00f3n de un chico\u201d<\/em>, se quej\u00f3 Juan Pablo Sorin.<\/p>\n<\/div>\n<div id=\"element-body-10\" readability=\"70\">\n<p>Dos d\u00e9cadas despu\u00e9s, la historia de Messi en la Selecci\u00f3n result\u00f3 un cuento de hadas. Es el m\u00e1ximo goleador hist\u00f3rico, con 113 goles, 59 m\u00e1s que <strong>Gabriel Batistuta<\/strong>, que qued\u00f3 relegado a un lejano segundo puesto. El que m\u00e1s jug\u00f3, con 193 encuentros, 46 m\u00e1s que <strong>Javier Mascherano<\/strong>. Es el \u00fanico en marcar 10 hat-tricks (incluyendo los 5 goles a Estonia), superando ampliamente los tres de<strong> Domingo Tarasconi<\/strong> en los a\u00f1os 20, <strong>Herminio Masantonio<\/strong> en los 40 y Gabriel Batistuta en los 90. Disput\u00f3 cinco mundiales, hubo cuatro frustraciones y gan\u00f3 la Copa del Mundo en Qatar 2022. El a\u00f1o que viene jugar\u00e1 la sexta Copa del Mundo, todo un r\u00e9cord.<\/p>\n<\/div>\n<div id=\"element-body-12\" readability=\"63\">\n<p>Tambi\u00e9n disput\u00f3 siete ediciones de la Copa Am\u00e9rica, perdi\u00f3 tres finales pero luego dio vueltas ol\u00edmpicas, en Brasil 2021 y en Estados Unidos 2024. Adem\u00e1s, gan\u00f3 la <strong>Finalissima<\/strong> en 2022 ante Italia. \u00bfHay m\u00e1s? Claro que hay y habr\u00e1 m\u00e1s, porque la historia a\u00fan no termin\u00f3.<\/p>\n<\/div>\n","protected":false},"excerpt":{"rendered":"<p>Fueron 90 ef\u00edmeros segundos. Un suspiro. Un abrir y cerrar de ojos. Son 20 a\u00f1os, dos d\u00e9cadas, una historia ligada a la celeste y blanca como ning\u00fan otro futbolista logr\u00f3, ni siquiera Diego Maradona, esa imagen ic\u00f3nica y pesada que lo persigui\u00f3 durante a\u00f1os en la comparaci\u00f3n. Hasta que finalmente super\u00f3 el trauma y logr\u00f3 [&hellip;]<\/p>\n","protected":false},"author":1,"featured_media":165069,"comment_status":"closed","ping_status":"closed","sticky":false,"template":"","format":"standard","meta":[],"categories":[20],"tags":[],"_links":{"self":[{"href":"http:\/\/cordobainforma.info\/index.php\/wp-json\/wp\/v2\/posts\/165068"}],"collection":[{"href":"http:\/\/cordobainforma.info\/index.php\/wp-json\/wp\/v2\/posts"}],"about":[{"href":"http:\/\/cordobainforma.info\/index.php\/wp-json\/wp\/v2\/types\/post"}],"author":[{"embeddable":true,"href":"http:\/\/cordobainforma.info\/index.php\/wp-json\/wp\/v2\/users\/1"}],"replies":[{"embeddable":true,"href":"http:\/\/cordobainforma.info\/index.php\/wp-json\/wp\/v2\/comments?post=165068"}],"version-history":[{"count":0,"href":"http:\/\/cordobainforma.info\/index.php\/wp-json\/wp\/v2\/posts\/165068\/revisions"}],"wp:featuredmedia":[{"embeddable":true,"href":"http:\/\/cordobainforma.info\/index.php\/wp-json\/wp\/v2\/media\/165069"}],"wp:attachment":[{"href":"http:\/\/cordobainforma.info\/index.php\/wp-json\/wp\/v2\/media?parent=165068"}],"wp:term":[{"taxonomy":"category","embeddable":true,"href":"http:\/\/cordobainforma.info\/index.php\/wp-json\/wp\/v2\/categories?post=165068"},{"taxonomy":"post_tag","embeddable":true,"href":"http:\/\/cordobainforma.info\/index.php\/wp-json\/wp\/v2\/tags?post=165068"}],"curies":[{"name":"wp","href":"https:\/\/api.w.org\/{rel}","templated":true}]}}