{"id":165066,"date":"2025-08-16T19:38:24","date_gmt":"2025-08-16T19:38:24","guid":{"rendered":"https:\/\/somoscordobeses.com\/2025\/08\/16\/incendio-forestal-en-villanueva-del-rey\/"},"modified":"2025-08-16T19:38:24","modified_gmt":"2025-08-16T19:38:24","slug":"incendio-forestal-en-villanueva-del-rey","status":"publish","type":"post","link":"http:\/\/cordobainforma.info\/index.php\/2025\/08\/16\/incendio-forestal-en-villanueva-del-rey\/","title":{"rendered":"Incendio forestal en Villanueva del Rey"},"content":{"rendered":"<div><img src=\"http:\/\/cordobainforma.info\/wp-content\/uploads\/2025\/08\/incendio-forestal-en-villanueva-del-rey.jpg\" class=\"ff-og-image-inserted\"><\/div>\n<header readability=\"2\">\n<p>A. J. Gonz\u00e1lez<\/p>\n<p> <time> Actualizado: <span>16\/08\/2025 21:13<\/span> <\/time> Ver galer\u00eda &gt; <\/p>\n<\/header>\n<p> La N-432 permanece cortada en ambos sentidos e intervienen numerosos medios a\u00e9reos <\/p>\n<div data-num-slider=\"1\" readability=\"7\"> <picture itemscope itemtype=\"https:\/\/schema.org\/ImageObject\" itemprop=\"image\" data-alt=\"Incendio forestal en Villanueva del Rey\" data-iesrc=\"https:\/\/estaticos-cdn.prensaiberica.es\/clip\/17b49691-c8fc-4075-91ad-d9672a00f3a1_source-aspect-ratio_default_0.jpg\" height=\"1040\" width=\"1560\" src=\"https:\/\/estaticos-cdn.prensaiberica.es\/clip\/17b49691-c8fc-4075-91ad-d9672a00f3a1_source-aspect-ratio_default_0.jpg\"><source media=\"(max-width: 390px\"><source media=\"(max-width: 767px)\"><source media=\"(max-width: 1023px)\"><source media=\"(max-width: 1201px)\"><source media=\"(max-width: 100vw)\"><meta content=\"https:\/\/estaticos-cdn.prensaiberica.es\/clip\/17b49691-c8fc-4075-91ad-d9672a00f3a1_source-aspect-ratio_default_0.jpg\" itemprop=\"url\"> <meta content=\"Galer\u00eda\" itemprop=\"description\"> <meta content=\"Incendio forestal en Villanueva del Rey\" itemprop=\"name\"> <meta content=\"https:\/\/estaticos-cdn.prensaiberica.es\/clip\/17b49691-c8fc-4075-91ad-d9672a00f3a1_source-aspect-ratio_25p_0.jpg\" itemprop=\"thumbnailUrl\"> <\/picture>\n<h2>Incendio forestal en Villanueva del Rey<\/h2>\n<p>A. J. Gonz\u00e1lez<\/p>\n<p> La N-432 permanece cortada en ambos sentidos e intervienen numerosos medios a\u00e9reos <\/p>\n<\/div>\n<div data-num-slider=\"2\" readability=\"7\"> <picture itemscope itemtype=\"https:\/\/schema.org\/ImageObject\" itemprop=\"image\" data-alt=\"Incendio forestal en Villanueva del Rey\" data-iesrc=\"https:\/\/estaticos-cdn.prensaiberica.es\/clip\/f33df088-87a3-450f-b64d-4964ec50b734_16-9-discover-aspect-ratio_default_0.jpg\" height=\"675\" width=\"1200\" src=\"https:\/\/estaticos-cdn.prensaiberica.es\/clip\/f33df088-87a3-450f-b64d-4964ec50b734_16-9-discover-aspect-ratio_default_0.jpg\"><source media=\"(max-width: 300px\"><source media=\"(max-width: 600px\"><source media=\"(max-width: 767px)\"><source media=\"(max-width: 1023px)\"><source media=\"(max-width: 1201px)\"><source media=\"(max-width: 100vw)\"><meta content=\"https:\/\/estaticos-cdn.prensaiberica.es\/clip\/f33df088-87a3-450f-b64d-4964ec50b734_16-9-discover-aspect-ratio_default_0.jpg\" itemprop=\"url\"> <meta content=\"Galer\u00eda\" itemprop=\"description\"> <meta content=\"Incendio forestal en Villanueva del Rey\" itemprop=\"name\"> <meta content=\"https:\/\/estaticos-cdn.prensaiberica.es\/clip\/f33df088-87a3-450f-b64d-4964ec50b734_16-9-discover-aspect-ratio_25p_0.jpg\" itemprop=\"thumbnailUrl\"> <\/picture>\n<h2>Incendio forestal en Villanueva del Rey<\/h2>\n<p>AJ Gonz\u00e1lez<\/p>\n<p> La N-432 permanece cortada en ambos sentidos e intervienen numerosos medios a\u00e9reos <\/p>\n<\/div>\n<div data-num-slider=\"3\" readability=\"7\"> <picture itemscope itemtype=\"https:\/\/schema.org\/ImageObject\" itemprop=\"image\" data-alt=\"Incendio forestal en Villanueva del Rey\" data-iesrc=\"https:\/\/estaticos-cdn.prensaiberica.es\/clip\/de5a8d15-c059-4a5a-a883-1e0e918e3e8c_source-aspect-ratio_default_0.jpg\" height=\"1066\" width=\"1599\" src=\"https:\/\/estaticos-cdn.prensaiberica.es\/clip\/de5a8d15-c059-4a5a-a883-1e0e918e3e8c_source-aspect-ratio_default_0.jpg\"><source media=\"(max-width: 399.75px\"><source media=\"(max-width: 767px)\"><source media=\"(max-width: 1023px)\"><source media=\"(max-width: 1201px)\"><source media=\"(max-width: 100vw)\"><meta content=\"https:\/\/estaticos-cdn.prensaiberica.es\/clip\/de5a8d15-c059-4a5a-a883-1e0e918e3e8c_source-aspect-ratio_default_0.jpg\" itemprop=\"url\"> <meta content=\"Galer\u00eda\" itemprop=\"description\"> <meta content=\"Incendio forestal en Villanueva del Rey\" itemprop=\"name\"> <meta content=\"https:\/\/estaticos-cdn.prensaiberica.es\/clip\/de5a8d15-c059-4a5a-a883-1e0e918e3e8c_source-aspect-ratio_25p_0.jpg\" itemprop=\"thumbnailUrl\"> <\/picture>\n<h2>Incendio forestal en Villanueva del Rey<\/h2>\n<p>A. J. Gonz\u00e1lez<\/p>\n<p> La N-432 permanece cortada en ambos sentidos e intervienen numerosos medios a\u00e9reos <\/p>\n<\/div>\n<div data-num-slider=\"4\" readability=\"7\"> <picture itemscope itemtype=\"https:\/\/schema.org\/ImageObject\" itemprop=\"image\" data-alt=\"Incendio forestal en Villanueva del Rey\" data-iesrc=\"https:\/\/estaticos-cdn.prensaiberica.es\/clip\/97891d78-921e-43a9-b8f1-5c3790d3164f_source-aspect-ratio_default_0.jpg\" height=\"1200\" width=\"1600\" src=\"https:\/\/estaticos-cdn.prensaiberica.es\/clip\/97891d78-921e-43a9-b8f1-5c3790d3164f_source-aspect-ratio_default_0.jpg\"><source media=\"(max-width: 400px\"><source media=\"(max-width: 767px)\"><source media=\"(max-width: 1023px)\"><source media=\"(max-width: 1201px)\"><source media=\"(max-width: 100vw)\"><meta content=\"https:\/\/estaticos-cdn.prensaiberica.es\/clip\/97891d78-921e-43a9-b8f1-5c3790d3164f_source-aspect-ratio_default_0.jpg\" itemprop=\"url\"> <meta content=\"Galer\u00eda\" itemprop=\"description\"> <meta content=\"Incendio forestal en Villanueva del Rey\" itemprop=\"name\"> <meta content=\"https:\/\/estaticos-cdn.prensaiberica.es\/clip\/97891d78-921e-43a9-b8f1-5c3790d3164f_source-aspect-ratio_25p_0.jpg\" itemprop=\"thumbnailUrl\"> <\/picture>\n<h2>Incendio forestal en Villanueva del Rey<\/h2>\n<p>A. J. Gonz\u00e1lez<\/p>\n<p> La N-432 permanece cortada en ambos sentidos e intervienen numerosos medios a\u00e9reos <\/p>\n<\/div>\n<div data-num-slider=\"5\" readability=\"7\"> <picture itemscope itemtype=\"https:\/\/schema.org\/ImageObject\" itemprop=\"image\" data-alt=\"Incendio forestal en Villanueva del Rey\" data-iesrc=\"https:\/\/estaticos-cdn.prensaiberica.es\/clip\/43a8a1b2-29ce-43de-a697-7ec166ed4ad3_source-aspect-ratio_default_0.jpg\" height=\"1066\" width=\"1600\" src=\"https:\/\/estaticos-cdn.prensaiberica.es\/clip\/43a8a1b2-29ce-43de-a697-7ec166ed4ad3_source-aspect-ratio_default_0.jpg\"><source media=\"(max-width: 400px\"><source media=\"(max-width: 767px)\"><source media=\"(max-width: 1023px)\"><source media=\"(max-width: 1201px)\"><source media=\"(max-width: 100vw)\"><meta content=\"https:\/\/estaticos-cdn.prensaiberica.es\/clip\/43a8a1b2-29ce-43de-a697-7ec166ed4ad3_source-aspect-ratio_default_0.jpg\" itemprop=\"url\"> <meta content=\"Galer\u00eda\" itemprop=\"description\"> <meta content=\"Incendio forestal en Villanueva del Rey\" itemprop=\"name\"> <meta content=\"https:\/\/estaticos-cdn.prensaiberica.es\/clip\/43a8a1b2-29ce-43de-a697-7ec166ed4ad3_source-aspect-ratio_25p_0.jpg\" itemprop=\"thumbnailUrl\"> <\/picture>\n<h2>Incendio forestal en Villanueva del Rey<\/h2>\n<p>A. J. Gonz\u00e1lez<\/p>\n<p> La N-432 permanece cortada en ambos sentidos e intervienen numerosos medios a\u00e9reos <\/p>\n<\/div>\n<div data-num-slider=\"6\" readability=\"7\"> <picture itemscope itemtype=\"https:\/\/schema.org\/ImageObject\" itemprop=\"image\" data-alt=\"Incendio forestal en Villanueva del Rey\" data-iesrc=\"https:\/\/estaticos-cdn.prensaiberica.es\/clip\/7943d7c0-4e0d-4d7e-a858-003329e83f38_source-aspect-ratio_default_0.jpg\" height=\"1040\" width=\"1560\" src=\"https:\/\/estaticos-cdn.prensaiberica.es\/clip\/7943d7c0-4e0d-4d7e-a858-003329e83f38_source-aspect-ratio_default_0.jpg\"><source media=\"(max-width: 390px\"><source media=\"(max-width: 767px)\"><source media=\"(max-width: 1023px)\"><source media=\"(max-width: 1201px)\"><source media=\"(max-width: 100vw)\"><meta content=\"https:\/\/estaticos-cdn.prensaiberica.es\/clip\/7943d7c0-4e0d-4d7e-a858-003329e83f38_source-aspect-ratio_default_0.jpg\" itemprop=\"url\"> <meta content=\"Galer\u00eda\" itemprop=\"description\"> <meta content=\"Incendio forestal en Villanueva del Rey\" itemprop=\"name\"> <meta content=\"https:\/\/estaticos-cdn.prensaiberica.es\/clip\/7943d7c0-4e0d-4d7e-a858-003329e83f38_source-aspect-ratio_25p_0.jpg\" itemprop=\"thumbnailUrl\"> <\/picture>\n<h2>Incendio forestal en Villanueva del Rey<\/h2>\n<p>A. J. Gonz\u00e1lez<\/p>\n<p> La N-432 permanece cortada en ambos sentidos e intervienen numerosos medios a\u00e9reos <\/p>\n<\/div>\n<div data-num-slider=\"7\" readability=\"7\"> <picture itemscope itemtype=\"https:\/\/schema.org\/ImageObject\" itemprop=\"image\" data-alt=\"Incendio forestal en Villanueva del Rey\" data-iesrc=\"https:\/\/estaticos-cdn.prensaiberica.es\/clip\/d209048d-cf3e-448e-8925-fc57976be007_source-aspect-ratio_default_0.jpg\" height=\"1040\" width=\"1560\" src=\"https:\/\/estaticos-cdn.prensaiberica.es\/clip\/d209048d-cf3e-448e-8925-fc57976be007_source-aspect-ratio_default_0.jpg\"><source media=\"(max-width: 390px\"><source media=\"(max-width: 767px)\"><source media=\"(max-width: 1023px)\"><source media=\"(max-width: 1201px)\"><source media=\"(max-width: 100vw)\"><meta content=\"https:\/\/estaticos-cdn.prensaiberica.es\/clip\/d209048d-cf3e-448e-8925-fc57976be007_source-aspect-ratio_default_0.jpg\" itemprop=\"url\"> <meta content=\"Galer\u00eda\" itemprop=\"description\"> <meta content=\"Incendio forestal en Villanueva del Rey\" itemprop=\"name\"> <meta content=\"https:\/\/estaticos-cdn.prensaiberica.es\/clip\/d209048d-cf3e-448e-8925-fc57976be007_source-aspect-ratio_25p_0.jpg\" itemprop=\"thumbnailUrl\"> <\/picture>\n<h2>Incendio forestal en Villanueva del Rey<\/h2>\n<p>A. J. Gonz\u00e1lez<\/p>\n<p> La N-432 permanece cortada en ambos sentidos e intervienen numerosos medios a\u00e9reos <\/p>\n<\/div>\n<div data-num-slider=\"8\" readability=\"7\"> <picture itemscope itemtype=\"https:\/\/schema.org\/ImageObject\" itemprop=\"image\" data-alt=\"Incendio forestal en Villanueva del Rey\" data-iesrc=\"https:\/\/estaticos-cdn.prensaiberica.es\/clip\/972ed8b1-859f-4ce0-89e1-6639ccf75395_source-aspect-ratio_default_0.jpg\" height=\"1040\" width=\"1560\" src=\"https:\/\/estaticos-cdn.prensaiberica.es\/clip\/972ed8b1-859f-4ce0-89e1-6639ccf75395_source-aspect-ratio_default_0.jpg\"><source media=\"(max-width: 390px\"><source media=\"(max-width: 767px)\"><source media=\"(max-width: 1023px)\"><source media=\"(max-width: 1201px)\"><source media=\"(max-width: 100vw)\"><meta content=\"https:\/\/estaticos-cdn.prensaiberica.es\/clip\/972ed8b1-859f-4ce0-89e1-6639ccf75395_source-aspect-ratio_default_0.jpg\" itemprop=\"url\"> <meta content=\"Galer\u00eda\" itemprop=\"description\"> <meta content=\"Incendio forestal en Villanueva del Rey\" itemprop=\"name\"> <meta content=\"https:\/\/estaticos-cdn.prensaiberica.es\/clip\/972ed8b1-859f-4ce0-89e1-6639ccf75395_source-aspect-ratio_25p_0.jpg\" itemprop=\"thumbnailUrl\"> <\/picture>\n<h2>Incendio forestal en Villanueva del Rey<\/h2>\n<p>A. J. Gonz\u00e1lez<\/p>\n<p> La N-432 permanece cortada en ambos sentidos e intervienen numerosos medios a\u00e9reos <\/p>\n<\/div>\n<div data-num-slider=\"9\" readability=\"7\"> <picture itemscope itemtype=\"https:\/\/schema.org\/ImageObject\" itemprop=\"image\" data-alt=\"Incendio forestal en Villanueva del Rey\" data-iesrc=\"https:\/\/estaticos-cdn.prensaiberica.es\/clip\/263b58ee-7e44-4b6a-9729-40e89328279b_source-aspect-ratio_default_0.jpg\" height=\"1040\" width=\"1560\" src=\"https:\/\/estaticos-cdn.prensaiberica.es\/clip\/263b58ee-7e44-4b6a-9729-40e89328279b_source-aspect-ratio_default_0.jpg\"><source media=\"(max-width: 390px\"><source media=\"(max-width: 767px)\"><source media=\"(max-width: 1023px)\"><source media=\"(max-width: 1201px)\"><source media=\"(max-width: 100vw)\"><meta content=\"https:\/\/estaticos-cdn.prensaiberica.es\/clip\/263b58ee-7e44-4b6a-9729-40e89328279b_source-aspect-ratio_default_0.jpg\" itemprop=\"url\"> <meta content=\"Galer\u00eda\" itemprop=\"description\"> <meta content=\"Incendio forestal en Villanueva del Rey\" itemprop=\"name\"> <meta content=\"https:\/\/estaticos-cdn.prensaiberica.es\/clip\/263b58ee-7e44-4b6a-9729-40e89328279b_source-aspect-ratio_25p_0.jpg\" itemprop=\"thumbnailUrl\"> <\/picture>\n<h2>Incendio forestal en Villanueva del Rey<\/h2>\n<p>A. J. Gonz\u00e1lez<\/p>\n<p> La N-432 permanece cortada en ambos sentidos e intervienen numerosos medios a\u00e9reos <\/p>\n<\/div>\n<div data-num-slider=\"10\" readability=\"7\"> <picture itemscope itemtype=\"https:\/\/schema.org\/ImageObject\" itemprop=\"image\" data-alt=\"Incendio forestal en Villanueva del Rey\" data-iesrc=\"https:\/\/estaticos-cdn.prensaiberica.es\/clip\/198ba1b3-f79e-4690-82b5-d183af720c4a_source-aspect-ratio_default_0.jpg\" height=\"1066\" width=\"1600\" src=\"https:\/\/estaticos-cdn.prensaiberica.es\/clip\/198ba1b3-f79e-4690-82b5-d183af720c4a_source-aspect-ratio_default_0.jpg\"><source media=\"(max-width: 400px\"><source media=\"(max-width: 767px)\"><source media=\"(max-width: 1023px)\"><source media=\"(max-width: 1201px)\"><source media=\"(max-width: 100vw)\"><meta content=\"https:\/\/estaticos-cdn.prensaiberica.es\/clip\/198ba1b3-f79e-4690-82b5-d183af720c4a_source-aspect-ratio_default_0.jpg\" itemprop=\"url\"> <meta content=\"Galer\u00eda\" itemprop=\"description\"> <meta content=\"Incendio forestal en Villanueva del Rey\" itemprop=\"name\"> <meta content=\"https:\/\/estaticos-cdn.prensaiberica.es\/clip\/198ba1b3-f79e-4690-82b5-d183af720c4a_source-aspect-ratio_25p_0.jpg\" itemprop=\"thumbnailUrl\"> <\/picture>\n<h2>Incendio forestal en Villanueva del Rey<\/h2>\n<p>A. J. Gonz\u00e1lez<\/p>\n<p> La N-432 permanece cortada en ambos sentidos e intervienen numerosos medios a\u00e9reos <\/p>\n<\/div>\n<div data-num-slider=\"11\" readability=\"7\"> <picture itemscope itemtype=\"https:\/\/schema.org\/ImageObject\" itemprop=\"image\" data-alt=\"Incendio forestal en Villanueva del Rey\" data-iesrc=\"https:\/\/estaticos-cdn.prensaiberica.es\/clip\/1dc56cf1-41da-4e54-8971-f13e43cb98d5_source-aspect-ratio_default_0.jpg\" height=\"1040\" width=\"1560\" src=\"https:\/\/estaticos-cdn.prensaiberica.es\/clip\/1dc56cf1-41da-4e54-8971-f13e43cb98d5_source-aspect-ratio_default_0.jpg\"><source media=\"(max-width: 390px\"><source media=\"(max-width: 767px)\"><source media=\"(max-width: 1023px)\"><source media=\"(max-width: 1201px)\"><source media=\"(max-width: 100vw)\"><meta content=\"https:\/\/estaticos-cdn.prensaiberica.es\/clip\/1dc56cf1-41da-4e54-8971-f13e43cb98d5_source-aspect-ratio_default_0.jpg\" itemprop=\"url\"> <meta content=\"Galer\u00eda\" itemprop=\"description\"> <meta content=\"Incendio forestal en Villanueva del Rey\" itemprop=\"name\"> <meta content=\"https:\/\/estaticos-cdn.prensaiberica.es\/clip\/1dc56cf1-41da-4e54-8971-f13e43cb98d5_source-aspect-ratio_25p_0.jpg\" itemprop=\"thumbnailUrl\"> <\/picture>\n<h2>Incendio forestal en Villanueva del Rey<\/h2>\n<p>A. J. Gonz\u00e1lez<\/p>\n<p> La N-432 permanece cortada en ambos sentidos e intervienen numerosos medios a\u00e9reos <\/p>\n<\/div>\n<div data-num-slider=\"12\" readability=\"7\"> <picture itemscope itemtype=\"https:\/\/schema.org\/ImageObject\" itemprop=\"image\" data-alt=\"Incendio forestal en Villanueva del Rey\" data-iesrc=\"https:\/\/estaticos-cdn.prensaiberica.es\/clip\/b012c2e6-ea95-40eb-88bb-916772b72552_source-aspect-ratio_default_0.jpg\" height=\"1040\" width=\"1560\" src=\"https:\/\/estaticos-cdn.prensaiberica.es\/clip\/b012c2e6-ea95-40eb-88bb-916772b72552_source-aspect-ratio_default_0.jpg\"><source media=\"(max-width: 390px\"><source media=\"(max-width: 767px)\"><source media=\"(max-width: 1023px)\"><source media=\"(max-width: 1201px)\"><source media=\"(max-width: 100vw)\"><meta content=\"https:\/\/estaticos-cdn.prensaiberica.es\/clip\/b012c2e6-ea95-40eb-88bb-916772b72552_source-aspect-ratio_default_0.jpg\" itemprop=\"url\"> <meta content=\"Galer\u00eda\" itemprop=\"description\"> <meta content=\"Incendio forestal en Villanueva del Rey\" itemprop=\"name\"> <meta content=\"https:\/\/estaticos-cdn.prensaiberica.es\/clip\/b012c2e6-ea95-40eb-88bb-916772b72552_source-aspect-ratio_25p_0.jpg\" itemprop=\"thumbnailUrl\"> <\/picture>\n<h2>Incendio forestal en Villanueva del Rey<\/h2>\n<p>A. J. Gonz\u00e1lez<\/p>\n<p> La N-432 permanece cortada en ambos sentidos e intervienen numerosos medios a\u00e9reos <\/p>\n<\/div>\n<div data-num-slider=\"13\" readability=\"7\"> <picture itemscope itemtype=\"https:\/\/schema.org\/ImageObject\" itemprop=\"image\" data-alt=\"Incendio forestal en Villanueva del Rey\" data-iesrc=\"https:\/\/estaticos-cdn.prensaiberica.es\/clip\/2d9af83d-04c1-46a8-86b1-4bde526954a0_source-aspect-ratio_default_0.jpg\" height=\"1040\" width=\"1560\" src=\"https:\/\/estaticos-cdn.prensaiberica.es\/clip\/2d9af83d-04c1-46a8-86b1-4bde526954a0_source-aspect-ratio_default_0.jpg\"><source media=\"(max-width: 390px\"><source media=\"(max-width: 767px)\"><source media=\"(max-width: 1023px)\"><source media=\"(max-width: 1201px)\"><source media=\"(max-width: 100vw)\"><meta content=\"https:\/\/estaticos-cdn.prensaiberica.es\/clip\/2d9af83d-04c1-46a8-86b1-4bde526954a0_source-aspect-ratio_default_0.jpg\" itemprop=\"url\"> <meta content=\"Galer\u00eda\" itemprop=\"description\"> <meta content=\"Incendio forestal en Villanueva del Rey\" itemprop=\"name\"> <meta content=\"https:\/\/estaticos-cdn.prensaiberica.es\/clip\/2d9af83d-04c1-46a8-86b1-4bde526954a0_source-aspect-ratio_25p_0.jpg\" itemprop=\"thumbnailUrl\"> <\/picture>\n<h2>Incendio forestal en Villanueva del Rey<\/h2>\n<p>A. J. Gonz\u00e1lez<\/p>\n<p> La N-432 permanece cortada en ambos sentidos e intervienen numerosos medios a\u00e9reos <\/p>\n<\/div>\n<div data-num-slider=\"14\" readability=\"7\"> <picture itemscope itemtype=\"https:\/\/schema.org\/ImageObject\" itemprop=\"image\" data-alt=\"Incendio forestal en Villanueva del Rey\" data-iesrc=\"https:\/\/estaticos-cdn.prensaiberica.es\/clip\/795296fe-254a-4f8a-b828-af8dab6e5a69_source-aspect-ratio_default_0.jpg\" height=\"1066\" width=\"1600\" src=\"https:\/\/estaticos-cdn.prensaiberica.es\/clip\/795296fe-254a-4f8a-b828-af8dab6e5a69_source-aspect-ratio_default_0.jpg\"><source media=\"(max-width: 400px\"><source media=\"(max-width: 767px)\"><source media=\"(max-width: 1023px)\"><source media=\"(max-width: 1201px)\"><source media=\"(max-width: 100vw)\"><meta content=\"https:\/\/estaticos-cdn.prensaiberica.es\/clip\/795296fe-254a-4f8a-b828-af8dab6e5a69_source-aspect-ratio_default_0.jpg\" itemprop=\"url\"> <meta content=\"Galer\u00eda\" itemprop=\"description\"> <meta content=\"Incendio forestal en Villanueva del Rey\" itemprop=\"name\"> <meta content=\"https:\/\/estaticos-cdn.prensaiberica.es\/clip\/795296fe-254a-4f8a-b828-af8dab6e5a69_source-aspect-ratio_25p_0.jpg\" itemprop=\"thumbnailUrl\"> <\/picture>\n<h2>Incendio forestal en Villanueva del Rey<\/h2>\n<p>A. J. Gonz\u00e1lez<\/p>\n<p> La N-432 permanece cortada en ambos sentidos e intervienen numerosos medios a\u00e9reos <\/p>\n<\/div>\n<div data-num-slider=\"15\" readability=\"7\"> <picture itemscope itemtype=\"https:\/\/schema.org\/ImageObject\" itemprop=\"image\" data-alt=\"Incendio forestal en Villanueva del Rey\" data-iesrc=\"https:\/\/estaticos-cdn.prensaiberica.es\/clip\/faac4c0d-73be-4c8c-9074-b4fccffde3ad_16-9-discover-aspect-ratio_default_0.jpg\" height=\"675\" width=\"1200\" src=\"https:\/\/estaticos-cdn.prensaiberica.es\/clip\/faac4c0d-73be-4c8c-9074-b4fccffde3ad_16-9-discover-aspect-ratio_default_0.jpg\"><source media=\"(max-width: 300px\"><source media=\"(max-width: 600px\"><source media=\"(max-width: 767px)\"><source media=\"(max-width: 1023px)\"><source media=\"(max-width: 1201px)\"><source media=\"(max-width: 100vw)\"><meta content=\"https:\/\/estaticos-cdn.prensaiberica.es\/clip\/faac4c0d-73be-4c8c-9074-b4fccffde3ad_16-9-discover-aspect-ratio_default_0.jpg\" itemprop=\"url\"> <meta content=\"Galer\u00eda\" itemprop=\"description\"> <meta content=\"Incendio forestal en Villanueva del Rey\" itemprop=\"name\"> <meta content=\"https:\/\/estaticos-cdn.prensaiberica.es\/clip\/faac4c0d-73be-4c8c-9074-b4fccffde3ad_16-9-discover-aspect-ratio_25p_0.jpg\" itemprop=\"thumbnailUrl\"> <\/picture>\n<h2>Incendio forestal en Villanueva del Rey<\/h2>\n<p>AJ Gonz\u00e1lez<\/p>\n<p> La N-432 permanece cortada en ambos sentidos e intervienen numerosos medios a\u00e9reos <\/p>\n<\/div>\n<div data-num-slider=\"16\" readability=\"7\"> <picture itemscope itemtype=\"https:\/\/schema.org\/ImageObject\" itemprop=\"image\" data-alt=\"Incendio forestal en Villanueva del Rey\" data-iesrc=\"https:\/\/estaticos-cdn.prensaiberica.es\/clip\/6e465b9d-ace8-4d58-812f-0fa4089ca4b4_16-9-discover-aspect-ratio_default_0.jpg\" height=\"675\" width=\"1200\" src=\"https:\/\/estaticos-cdn.prensaiberica.es\/clip\/6e465b9d-ace8-4d58-812f-0fa4089ca4b4_16-9-discover-aspect-ratio_default_0.jpg\"><source media=\"(max-width: 300px\"><source media=\"(max-width: 600px\"><source media=\"(max-width: 767px)\"><source media=\"(max-width: 1023px)\"><source media=\"(max-width: 1201px)\"><source media=\"(max-width: 100vw)\"><meta content=\"https:\/\/estaticos-cdn.prensaiberica.es\/clip\/6e465b9d-ace8-4d58-812f-0fa4089ca4b4_16-9-discover-aspect-ratio_default_0.jpg\" itemprop=\"url\"> <meta content=\"Galer\u00eda\" itemprop=\"description\"> <meta content=\"Incendio forestal en Villanueva del Rey\" itemprop=\"name\"> <meta content=\"https:\/\/estaticos-cdn.prensaiberica.es\/clip\/6e465b9d-ace8-4d58-812f-0fa4089ca4b4_16-9-discover-aspect-ratio_25p_0.jpg\" itemprop=\"thumbnailUrl\"> <\/picture>\n<h2>Incendio forestal en Villanueva del Rey<\/h2>\n<p>AJ Gonz\u00e1lez<\/p>\n<p> La N-432 permanece cortada en ambos sentidos e intervienen numerosos medios a\u00e9reos <\/p>\n<\/div>\n<div data-num-slider=\"17\" readability=\"7\"> <picture itemscope itemtype=\"https:\/\/schema.org\/ImageObject\" itemprop=\"image\" data-alt=\"Incendio forestal en Villanueva del Rey\" data-iesrc=\"https:\/\/estaticos-cdn.prensaiberica.es\/clip\/7a862be8-cc43-4778-ad43-9a58e56ecfe5_16-9-discover-aspect-ratio_default_0.jpg\" height=\"675\" width=\"1200\" src=\"https:\/\/estaticos-cdn.prensaiberica.es\/clip\/7a862be8-cc43-4778-ad43-9a58e56ecfe5_16-9-discover-aspect-ratio_default_0.jpg\"><source media=\"(max-width: 300px\"><source media=\"(max-width: 600px\"><source media=\"(max-width: 767px)\"><source media=\"(max-width: 1023px)\"><source media=\"(max-width: 1201px)\"><source media=\"(max-width: 100vw)\"><meta content=\"https:\/\/estaticos-cdn.prensaiberica.es\/clip\/7a862be8-cc43-4778-ad43-9a58e56ecfe5_16-9-discover-aspect-ratio_default_0.jpg\" itemprop=\"url\"> <meta content=\"Galer\u00eda\" itemprop=\"description\"> <meta content=\"Incendio forestal en Villanueva del Rey\" itemprop=\"name\"> <meta content=\"https:\/\/estaticos-cdn.prensaiberica.es\/clip\/7a862be8-cc43-4778-ad43-9a58e56ecfe5_16-9-discover-aspect-ratio_25p_0.jpg\" itemprop=\"thumbnailUrl\"> <\/picture>\n<h2>Incendio forestal en Villanueva del Rey<\/h2>\n<p>AJ Gonz\u00e1lez<\/p>\n<p> La N-432 permanece cortada en ambos sentidos e intervienen numerosos medios a\u00e9reos <\/p>\n<\/div>\n","protected":false},"excerpt":{"rendered":"<p>A. J. Gonz\u00e1lez Actualizado: 16\/08\/2025 21:13 Ver galer\u00eda &gt; La N-432 permanece cortada en ambos sentidos e intervienen numerosos medios a\u00e9reos Incendio forestal en Villanueva del Rey A. J. Gonz\u00e1lez La N-432 permanece cortada en ambos sentidos e intervienen numerosos medios a\u00e9reos Incendio forestal en Villanueva del Rey AJ Gonz\u00e1lez La N-432 permanece cortada en [&hellip;]<\/p>\n","protected":false},"author":1,"featured_media":165067,"comment_status":"closed","ping_status":"closed","sticky":false,"template":"","format":"standard","meta":[],"categories":[2],"tags":[],"_links":{"self":[{"href":"http:\/\/cordobainforma.info\/index.php\/wp-json\/wp\/v2\/posts\/165066"}],"collection":[{"href":"http:\/\/cordobainforma.info\/index.php\/wp-json\/wp\/v2\/posts"}],"about":[{"href":"http:\/\/cordobainforma.info\/index.php\/wp-json\/wp\/v2\/types\/post"}],"author":[{"embeddable":true,"href":"http:\/\/cordobainforma.info\/index.php\/wp-json\/wp\/v2\/users\/1"}],"replies":[{"embeddable":true,"href":"http:\/\/cordobainforma.info\/index.php\/wp-json\/wp\/v2\/comments?post=165066"}],"version-history":[{"count":0,"href":"http:\/\/cordobainforma.info\/index.php\/wp-json\/wp\/v2\/posts\/165066\/revisions"}],"wp:featuredmedia":[{"embeddable":true,"href":"http:\/\/cordobainforma.info\/index.php\/wp-json\/wp\/v2\/media\/165067"}],"wp:attachment":[{"href":"http:\/\/cordobainforma.info\/index.php\/wp-json\/wp\/v2\/media?parent=165066"}],"wp:term":[{"taxonomy":"category","embeddable":true,"href":"http:\/\/cordobainforma.info\/index.php\/wp-json\/wp\/v2\/categories?post=165066"},{"taxonomy":"post_tag","embeddable":true,"href":"http:\/\/cordobainforma.info\/index.php\/wp-json\/wp\/v2\/tags?post=165066"}],"curies":[{"name":"wp","href":"https:\/\/api.w.org\/{rel}","templated":true}]}}