{"id":165010,"date":"2025-08-16T08:01:06","date_gmt":"2025-08-16T08:01:06","guid":{"rendered":"http:\/\/cordobainforma.info\/index.php\/2025\/08\/16\/viajar-para-sufrir-volvio-la-represion-a-hinchas-argentinos-en-el-exterior\/"},"modified":"2025-08-16T08:01:06","modified_gmt":"2025-08-16T08:01:06","slug":"viajar-para-sufrir-volvio-la-represion-a-hinchas-argentinos-en-el-exterior","status":"publish","type":"post","link":"http:\/\/cordobainforma.info\/index.php\/2025\/08\/16\/viajar-para-sufrir-volvio-la-represion-a-hinchas-argentinos-en-el-exterior\/","title":{"rendered":"Viajar para sufrir: volvi\u00f3 la represi\u00f3n a hinchas argentinos en el exterior"},"content":{"rendered":"<div class=\"media_block\"><\/div>\n<div><img src=\"http:\/\/cordobainforma.info\/wp-content\/uploads\/2025\/08\/viajar-para-sufrir-volvio-la-represion-a-hinchas-argentinos-en-el-exterior.jpg\" class=\"ff-og-image-inserted\"><\/div>\n<p>La historia de todos los a\u00f1os. Y de todos los viajes. Hinchas de clubes argentinos que se desplazan miles de kil\u00f3metros a otros pa\u00edses y que reciben el maltrato y la violencia policial en las tribunas o en las afueras por partidos de la Copa Libertadores o Sudamericana. Es una secuencia creciente en esta d\u00e9cada que se da especialmente en Brasil, donde la represi\u00f3n de las distintas fuerzas de seguridad se convirti\u00f3 en una norma (no solo con argentinos, sino con cualquiera).<\/p>\n<p>Esta semana se le sum\u00f3 lo que vivieron los hinchas de Racing en Montevideo, antes, durante y despu\u00e9s del partido entre Pe\u00f1arol y Racing por los octavos de final de la Libertadores. Sobre todo, antes y despu\u00e9s. Muchas de las cinco mil personas que cruzaron el R\u00edo de la Plata permanecieron retenidas en la tribuna visitante del estadio Campe\u00f3n del Siglo m\u00e1s de diez horas. Desde las 16 o 17 hasta casi las 2. Cerca de las 1.45 de la ma\u00f1ana, despu\u00e9s de que un sector de La Guardia Imperial forceje\u00f3 con la Polic\u00eda y los efectivos realizaron disparos al aire, las autoridades locales desbloquearon la salida del estadio. Gustavo Costas y parte del cuerpo t\u00e9cnico se hab\u00edan acercado para conocer lo que pasaba, mientras el presidente Diego Milito cuestionaba el dispositivo de seguridad en la televisi\u00f3n.<\/p>\n<p>Sin embargo, las im\u00e1genes m\u00e1s violentas se vieron en Belo Horizonte, durante el encuentro entre Atl\u00e9tico Mineiro y Godoy Cruz por la ida de octavos de final de la Sudamericana. La Polic\u00eda brasile\u00f1a, fiel a su costumbre, despleg\u00f3 una desproporcionada represi\u00f3n dentro de la tribuna visitante y detuvo a cinco hinchas del Tomba, acusados de gestos de contenido racista. Dos resultaron heridos.<\/p>\n<div class=\"subscription\" readability=\"6.683257918552\">\n<p> Esto no les gusta a los autoritarios <\/p>\n<div class=\"subscription__container\" readability=\"6.1467391304348\">\n<div class=\"subscription__text-wrapper\" readability=\"31.20652173913\">\n<p> El ejercicio del periodismo profesional y cr\u00edtico es un pilar fundamental de la democracia. Por eso molesta a quienes creen ser los due\u00f1os de la verdad. <\/p>\n<\/p><\/div><\/div><\/div>\n<p>En 2023, durante un duelo de Copa Libertadores entre Argentinos Juniors y Fluminense, hinchas del Bicho sufrieron agresiones en la playa de Copacabana, donde seguidores del club local sustrajeron camisetas. Aunque lo peor lleg\u00f3 despu\u00e9s, dentro del Maracan\u00e1, cuando la polic\u00eda utiliz\u00f3 balas de goma y bastones contra la parcialidad visitante. <\/p>\n<p>El club de La Paternal denunci\u00f3 agresiones, falta de atenci\u00f3n m\u00e9dica, falta de garant\u00edas legales, retenci\u00f3n irregular de pasaportes y la desaparici\u00f3n moment\u00e1nea de una menor de edad; adem\u00e1s, las detenciones derivaron en una imposici\u00f3n de comparecencias judiciales mensuales y les prohibieron la asistencia a eventos deportivos. <\/p>\n<p>En febrero de este a\u00f1o, tambi\u00e9n en R\u00edo de Janeiro, dos hinchas de Racing fueron baleados durante un intento de robo en la playa de Barra da Tijuca. Fueron trasladados en helic\u00f3ptero hacia dos hospitales locales, donde uno de ellos fue operado. Reci\u00e9n fue dado de alta un mes despu\u00e9s. <\/p>\n<p>Otro caso ocurri\u00f3 en agosto de 2024, durante el enfrentamiento por la Libertadores entre San Lorenzo y Atl\u00e9tico Mineiro. La intervenci\u00f3n policial en el estadio Arena MRV incluy\u00f3 gases lacrim\u00f3genos y bastonazos contra los hinchas visitantes, incluso mientras se disputaba el partido. Tras el encuentro, se demor\u00f3 a cuatro hinchas que fueron liberados horas despu\u00e9s. En la salida del estadio, un mu\u00f1eco con la camiseta argentina cubierta de sangre se exhibi\u00f3 como s\u00edmbolo de amenaza.<\/p>\n<p>Sobre todo en Brasil, la violencia y brutalidad policial contra los hinchas argentinos crece sin parar ante la pasividad o las omisiones de parte de organismos como AFA, Conmebol o la Canciller\u00eda argentina. Todos estos episodios forman parte de un patr\u00f3n recurrente: como visitantes en torneos continentales, los hinchas argentinos lidian con demoras, agresiones f\u00edsicas, represi\u00f3n policial y barreras institucionales que limitan su capacidad de seguir a sus equipos.<\/p>\n","protected":false},"excerpt":{"rendered":"<p>La historia de todos los a\u00f1os. Y de todos los viajes. Hinchas de clubes argentinos que se desplazan miles de kil\u00f3metros a otros pa\u00edses y que reciben el maltrato y la violencia policial en las tribunas o en las afueras por partidos de la Copa Libertadores o Sudamericana. Es una secuencia creciente en esta d\u00e9cada [&hellip;]<\/p>\n","protected":false},"author":1,"featured_media":165011,"comment_status":"closed","ping_status":"closed","sticky":false,"template":"","format":"standard","meta":[],"categories":[2],"tags":[],"_links":{"self":[{"href":"http:\/\/cordobainforma.info\/index.php\/wp-json\/wp\/v2\/posts\/165010"}],"collection":[{"href":"http:\/\/cordobainforma.info\/index.php\/wp-json\/wp\/v2\/posts"}],"about":[{"href":"http:\/\/cordobainforma.info\/index.php\/wp-json\/wp\/v2\/types\/post"}],"author":[{"embeddable":true,"href":"http:\/\/cordobainforma.info\/index.php\/wp-json\/wp\/v2\/users\/1"}],"replies":[{"embeddable":true,"href":"http:\/\/cordobainforma.info\/index.php\/wp-json\/wp\/v2\/comments?post=165010"}],"version-history":[{"count":0,"href":"http:\/\/cordobainforma.info\/index.php\/wp-json\/wp\/v2\/posts\/165010\/revisions"}],"wp:featuredmedia":[{"embeddable":true,"href":"http:\/\/cordobainforma.info\/index.php\/wp-json\/wp\/v2\/media\/165011"}],"wp:attachment":[{"href":"http:\/\/cordobainforma.info\/index.php\/wp-json\/wp\/v2\/media?parent=165010"}],"wp:term":[{"taxonomy":"category","embeddable":true,"href":"http:\/\/cordobainforma.info\/index.php\/wp-json\/wp\/v2\/categories?post=165010"},{"taxonomy":"post_tag","embeddable":true,"href":"http:\/\/cordobainforma.info\/index.php\/wp-json\/wp\/v2\/tags?post=165010"}],"curies":[{"name":"wp","href":"https:\/\/api.w.org\/{rel}","templated":true}]}}