{"id":164965,"date":"2025-08-16T05:28:48","date_gmt":"2025-08-16T05:28:48","guid":{"rendered":"https:\/\/www.clarin.com\/deportes\/futbol-politica-harold-mayne-nicholls-logro-firmas-candidato-presidencial-chile_0_FmpkkWJOQm.html"},"modified":"2025-08-16T05:28:48","modified_gmt":"2025-08-16T05:28:48","slug":"del-futbol-a-la-politica-harold-mayne-nicholls-logro-las-firmas-para-ser-candidato-presidencial-en-chile","status":"publish","type":"post","link":"http:\/\/cordobainforma.info\/index.php\/2025\/08\/16\/del-futbol-a-la-politica-harold-mayne-nicholls-logro-las-firmas-para-ser-candidato-presidencial-en-chile\/","title":{"rendered":"Del f\u00fatbol a la pol\u00edtica: Harold Mayne Nicholls logr\u00f3 las firmas para ser candidato presidencial en Chile"},"content":{"rendered":"<p><img src=\"http:\/\/cordobainforma.info\/wp-content\/uploads\/2025\/08\/del-futbol-a-la-politica-harold-mayne-nicholls-logro-las-firmas-para-ser-candidato-presidencial-en-chile.jpg\"><\/p>\n<div><img src=\"http:\/\/cordobainforma.info\/wp-content\/uploads\/2025\/08\/del-futbol-a-la-politica-harold-mayne-nicholls-logro-las-firmas-para-ser-candidato-presidencial-en-chile-2.jpg\" class=\"ff-og-image-inserted\"><\/div>\n<div id=\"element-body-0\" readability=\"55.916666666667\">\n<p>El ex presidente de la Asociaci\u00f3n Nacional de F\u00fatbol Chileno (ANFP), <a href=\"https:\/\/www.clarin.com\/mundo\/harold-mayne-nicholls-dirigente-llevo-bielsa-seleccion-chile-ahora-busca-135-mil-firmas-postularse-presidente-pais_0_CO4Ds1eola.html\" target=\"_blank\" title=\"Harold Mayne Nicholls\" alt=\"Harold Mayne Nicholls\" rel=\"noopener noreferrer\">Harold Mayne Nicholls<\/a>, anunci\u00f3 este viernes que <strong>alcanz\u00f3 las firmas requeridas para inscribirse como candidato<\/strong> independiente a las elecciones presidenciales del pr\u00f3ximo noviembre.<\/p>\n<\/div>\n<div id=\"element-body-1\" readability=\"60\">\n<p>\u00abSimplemente, gracias Chile\u00bb, public\u00f3 Mayne Nicholls en sus redes sociales donde inform\u00f3 haber recolectado las <strong>35.361 firmas exigidas<\/strong> por el Servicio Electoral de Chile (Servel).<\/p>\n<\/div>\n<div id=\"element-body-2\" readability=\"61\">\n<p>La normativa electoral pide a los candidatos independientes reunir un n\u00famero de signaturas no menor al 0,5% de los sufragios de la pasada elecci\u00f3n de diputados, que equivale a la cifra anunciada por el ex directivo de la ANFP.<\/p>\n<\/div>\n<div id=\"element-body-3\" readability=\"59\">\n<p>\u00abDamos este paso para estar en la papeleta y representar a un gran grupo de moderados que <strong>queremos una mejor pol\u00edtica<\/strong>\u00ab, a\u00f1adi\u00f3.<\/p>\n<\/div>\n<div id=\"element-body-4\" readability=\"29.056737588652\">\n<blockquote class=\"twitter-tweet\" readability=\"9.4007092198582\">\n<p lang=\"es\" dir=\"ltr\">\ud83d\udccc &#8211; Simplemente, gracias Chile.<\/p>\n<p>Desde el 1 de abril comenzamos este recorrido y hoy, gracias a ustedes y al equipo, hemos logrado la meta: reunir las 35.361 firmas m\u00ednimas exigidas por el Servel. <a href=\"https:\/\/t.co\/MdEQlJk3qN\">pic.twitter.com\/MdEQlJk3qN<\/a><\/p>\n<p>\u2014 HaroldMayne-Nicholls (@MayneNicholls) <a href=\"https:\/\/twitter.com\/MayneNicholls\/status\/1956482645568922101?ref_src=twsrc%5Etfw\">August 15, 2025<\/a><\/p><\/blockquote><\/div>\n<div id=\"element-body-5\" readability=\"61\">\n<p>Nicholls, que tambi\u00e9n desempe\u00f1\u00f3 cargos directivos de la FIFA entre 1993 y 2012, realiz\u00f3 un recorrido por las regiones del pa\u00eds austral desde abril pasado para recoger las firmas que le permitieran presentarse a la contienda electoral.<\/p>\n<\/div>\n<div id=\"element-body-6\" readability=\"63\">\n<p>\u00abEste ha sido un trabajo incre\u00edble de cientos de chilenos y chilenas que creen en un camino diferente a los extremos para nuestro querido Chile\u00bb, se\u00f1al\u00f3 el candidato en un comunicado divulgado por su equipo a la prensa, en el que tambi\u00e9n agradeci\u00f3 a \u00ablas decenas de voluntarias y voluntarios que dejaron los pies en la calle para poder entregarle a Chile<strong> una alternativa diferente de gobernanza, donde nadie sobra<\/strong>\u00ab.<\/p>\n<\/div>\n<div id=\"element-body-7\" readability=\"62\">\n<p><strong>Su anuncio llega poco antes del l\u00edmite del plazo <\/strong>para inscribirse en la carrera presidencial, que vence el pr\u00f3ximo lunes 18 y en la que competir\u00e1 con los otros candidatos: los ultraderechistas Jos\u00e9 Antonio Kast (Partido Republicano) y Johannes Kaiser (Partido Nacional Libertario); la oficialista Jeannette Jara (Chile Unido); la abanderada de la derecha tradicional, Evelyn Matthei (Chile Vamos); el economista liberal Franco Parisi (Partido de la Gente); y el tambi\u00e9n independiente Marco Enr\u00edquez-Ominami.<\/p>\n<\/div>\n<div id=\"element-body-9\" readability=\"53.608695652174\">\n<p>Harold Mayne Nicholls es reconocido en Chile porque durante su gesti\u00f3n al frente de la ANFP<a href=\"https:\/\/www.clarin.com\/deportes\/harold-mayne-nicholls-bielsista-presidencia-chile-legado-indeleble-loco-futbol-activo-social-cambiar-pais_0_GesfShh1x9.html\" target=\"_blank\" title=\" contrat\u00f3 al entrenador argentino Marcelo Bielsa\" alt=\" contrat\u00f3 al entrenador argentino Marcelo Bielsa\" rel=\"noopener noreferrer\"> contrat\u00f3 al entrenador argentino Marcelo Bielsa<\/a>, cuyo proceso al frente de La Roja dio origen a la m\u00e1s reciente \u00e9poca dorada del f\u00fatbol chileno, que coron\u00f3 dos Copas Am\u00e9rica en 2015 y 2016, cuando ya hab\u00eda dejado el cargo.<\/p>\n<\/div>\n<div id=\"element-body-10\" readability=\"62\">\n<p>\nAdem\u00e1s, adquiri\u00f3 un gran prestigio como gestor tras su exitoso paso por la Corporaci\u00f3n de Santiago 2023, a la que se sum\u00f3 seis meses antes del inicio de los Juegos Panamericanos, cuando el retraso de las obras complic\u00f3 la organizaci\u00f3n. <\/p>\n<\/div>\n<div id=\"element-body-11\" readability=\"60\">\n<p>\nDurante su proceso de recolecci\u00f3n de firmas, Nicholls apel\u00f3 a su pasado como dirigente deportivo declarando a la prensa chilena que a trav\u00e9s de los logros de su gesti\u00f3n uni\u00f3 al pa\u00eds en dos ocasiones. <\/p>\n<\/div>\n<div id=\"element-body-12\" readability=\"64\">\n<p>\u00ab<strong>No voy hacer promesas<\/strong> que no dependan de m\u00ed, pero s\u00ed puedo comprometerme a acuerdos, di\u00e1logo, mesura, cordura, templanza y probidad\u00bb, cerr\u00f3.<\/p>\n<\/div>\n<div id=\"element-body-15\" readability=\"50.507317073171\">\n<p>En abril pasado, apenas se conoci\u00f3 su intenci\u00f3n de sumergirse en la pol\u00edtica, <strong><a href=\"https:\/\/www.clarin.com\/deportes\/harold-mayne-nicholls-bielsista-presidencia-chile-legado-indeleble-loco-futbol-activo-social-cambiar-pais_0_GesfShh1x9.html\" target=\"_blank\" title=\"Clar\u00edn se comunic\u00f3 con Mayne Nicholls\" alt=\"Clar\u00edn se comunic\u00f3 con Mayne Nicholls\" rel=\"noopener noreferrer\">Clar\u00edn<\/a><\/strong><a href=\"https:\/\/www.clarin.com\/deportes\/harold-mayne-nicholls-bielsista-presidencia-chile-legado-indeleble-loco-futbol-activo-social-cambiar-pais_0_GesfShh1x9.html\" target=\"_blank\" title=\"Clar\u00edn se comunic\u00f3 con Mayne Nicholls\" alt=\"Clar\u00edn se comunic\u00f3 con Mayne Nicholls\" rel=\"noopener noreferrer\"> se comunic\u00f3 con Mayne Nicholls<\/a>, quien explic\u00f3 c\u00f3mo trasladar la pizarra de Marcelo Bielsa a la Casa de la Moneda.<\/p>\n<\/div>\n<div id=\"element-body-16\" readability=\"61\">\n<p>Aquel manejo al frente de la federaci\u00f3n chilena es para Mayne Nicholls una pizarra con t\u00e1ctica, estrategia, fixture y objetivos con \u00edtems trasladables a la carrera presidencial y una eventual gesti\u00f3n del pa\u00eds.<\/p>\n<\/div>\n<div id=\"element-body-17\" readability=\"62\">\n<p>\u00abNosotros generalmente fuimos un pa\u00eds muy cordial, con templanza, di\u00e1logo y mesura, era nuestro ADN y se extravi\u00f3\u00bb, describi\u00f3 el dirigente a su pa\u00eds durante los \u00faltimos a\u00f1os.<\/p>\n<\/div>\n<div id=\"element-body-18\" readability=\"60\">\n<p>\u00abNing\u00fan valor de esos est\u00e1. Impera la violencia y la descalificaci\u00f3n y la falta de di\u00e1logo. Eso no construye comunidad, la destruye. Hay que recuperarlo porque es lo que somos\u00bb, complet\u00f3.<\/p>\n<\/div>\n<div id=\"element-body-19\" readability=\"59\">\n<p>En t\u00e9rminos futboleros se podr\u00eda preguntar en qu\u00e9 lista de buena fe de qu\u00e9 equipo estar\u00e1 inscripto Mayne Nicholls. La respuesta ser\u00eda \u00abninguna\u00bb. El ex presidente de la ANFP decidi\u00f3 postularse de manera independiente.<\/p>\n<\/div>\n<div id=\"element-body-20\" readability=\"62\">\n<p>\u00ab<strong>Nunca tuve afiliaci\u00f3n pol\u00edtica ni partido ni movimiento<\/strong>, entonces lo natural es que lo tome de manera independiente\u00bb, explic\u00f3. Y a\u00f1adi\u00f3: \u00abDe otra manera ser\u00eda forzado, poco cre\u00edble. La gente se dar\u00eda cuenta que no es real\u00bb. <\/p>\n<\/div>\n<div id=\"element-body-21\" readability=\"62\">\n<p>Adem\u00e1s, admiti\u00f3 que \u00abno es f\u00e1cil\u00bb llegar al <strong>objetivo que se propuso<\/strong>, que antes de la presidencia es <strong>llegar a la segunda vuelta<\/strong>. \u00abEstamos dando la lucha\u00bb, concluy\u00f3 tambi\u00e9n satisfecho porque en un d\u00eda ya hab\u00eda conseguido mil de las cerca de 36 mil firmas que necesitaba para ser candidato.<\/p>\n<\/div>\n","protected":false},"excerpt":{"rendered":"<p>El ex presidente de la Asociaci\u00f3n Nacional de F\u00fatbol Chileno (ANFP), Harold Mayne Nicholls, anunci\u00f3 este viernes que alcanz\u00f3 las firmas requeridas para inscribirse como candidato independiente a las elecciones presidenciales del pr\u00f3ximo noviembre. \u00abSimplemente, gracias Chile\u00bb, public\u00f3 Mayne Nicholls en sus redes sociales donde inform\u00f3 haber recolectado las 35.361 firmas exigidas por el Servicio [&hellip;]<\/p>\n","protected":false},"author":1,"featured_media":164966,"comment_status":"closed","ping_status":"closed","sticky":false,"template":"","format":"standard","meta":[],"categories":[20],"tags":[],"_links":{"self":[{"href":"http:\/\/cordobainforma.info\/index.php\/wp-json\/wp\/v2\/posts\/164965"}],"collection":[{"href":"http:\/\/cordobainforma.info\/index.php\/wp-json\/wp\/v2\/posts"}],"about":[{"href":"http:\/\/cordobainforma.info\/index.php\/wp-json\/wp\/v2\/types\/post"}],"author":[{"embeddable":true,"href":"http:\/\/cordobainforma.info\/index.php\/wp-json\/wp\/v2\/users\/1"}],"replies":[{"embeddable":true,"href":"http:\/\/cordobainforma.info\/index.php\/wp-json\/wp\/v2\/comments?post=164965"}],"version-history":[{"count":0,"href":"http:\/\/cordobainforma.info\/index.php\/wp-json\/wp\/v2\/posts\/164965\/revisions"}],"wp:featuredmedia":[{"embeddable":true,"href":"http:\/\/cordobainforma.info\/index.php\/wp-json\/wp\/v2\/media\/164966"}],"wp:attachment":[{"href":"http:\/\/cordobainforma.info\/index.php\/wp-json\/wp\/v2\/media?parent=164965"}],"wp:term":[{"taxonomy":"category","embeddable":true,"href":"http:\/\/cordobainforma.info\/index.php\/wp-json\/wp\/v2\/categories?post=164965"},{"taxonomy":"post_tag","embeddable":true,"href":"http:\/\/cordobainforma.info\/index.php\/wp-json\/wp\/v2\/tags?post=164965"}],"curies":[{"name":"wp","href":"https:\/\/api.w.org\/{rel}","templated":true}]}}