{"id":164963,"date":"2025-08-16T02:37:51","date_gmt":"2025-08-16T02:37:51","guid":{"rendered":"https:\/\/somoscordobeses.com\/2025\/08\/15\/se-viene-un-concierto-unico-con-mas-de-200-musicos-en-carlos-paz\/"},"modified":"2025-08-16T02:37:51","modified_gmt":"2025-08-16T02:37:51","slug":"se-viene-un-concierto-unico-con-mas-de-200-musicos-en-carlos-paz","status":"publish","type":"post","link":"http:\/\/cordobainforma.info\/index.php\/2025\/08\/16\/se-viene-un-concierto-unico-con-mas-de-200-musicos-en-carlos-paz\/","title":{"rendered":"Se viene un concierto \u00fanico con m\u00e1s de 200 m\u00fasicos en Carlos Paz"},"content":{"rendered":"<div><img src=\"http:\/\/cordobainforma.info\/wp-content\/uploads\/2025\/08\/se-viene-un-concierto-unico-con-mas-de-200-musicos-en-carlos-paz.jpg\" class=\"ff-og-image-inserted\"><\/div>\n<p><strong>Este domingo 17 de agosto, a las 16 horas, los Jardines Municipales de Carlos Paz se llenar\u00e1n de m\u00fasica con la presentaci\u00f3n de Sinfon\u00eda de cuerdas entre monta\u00f1as, un espect\u00e1culo que reunir\u00e1 en escena a m\u00e1s de 200 m\u00fasicos.<\/strong><\/p>\n<p>El evento ser\u00e1 el broche de oro del Seminario Nacional de Cuerdas \u201cSierras sonoras\u201d y contar\u00e1 con la participaci\u00f3n de la Orquesta Sinf\u00f3nica Municipal, junto a la intervenci\u00f3n de bailarines de tango y ritmos latinos que aportar\u00e1n color y movimiento a la jornada.<\/p>\n<p>La entrada ser\u00e1 libre y gratuita, ofreciendo a vecinos y turistas la oportunidad de disfrutar de un acontecimiento cultural de alto nivel, en un entorno natural privilegiado. La propuesta busca combinar el talento musical con el encanto paisaj\u00edstico de la villa, generando una experiencia art\u00edstica \u00fanica para todos los presentes.<\/p>\n","protected":false},"excerpt":{"rendered":"<p>Este domingo 17 de agosto, a las 16 horas, los Jardines Municipales de Carlos Paz se llenar\u00e1n de m\u00fasica con la presentaci\u00f3n de Sinfon\u00eda de cuerdas entre monta\u00f1as, un espect\u00e1culo que reunir\u00e1 en escena a m\u00e1s de 200 m\u00fasicos. El evento ser\u00e1 el broche de oro del Seminario Nacional de Cuerdas \u201cSierras sonoras\u201d y contar\u00e1 [&hellip;]<\/p>\n","protected":false},"author":1,"featured_media":164964,"comment_status":"closed","ping_status":"closed","sticky":false,"template":"","format":"standard","meta":[],"categories":[2],"tags":[],"_links":{"self":[{"href":"http:\/\/cordobainforma.info\/index.php\/wp-json\/wp\/v2\/posts\/164963"}],"collection":[{"href":"http:\/\/cordobainforma.info\/index.php\/wp-json\/wp\/v2\/posts"}],"about":[{"href":"http:\/\/cordobainforma.info\/index.php\/wp-json\/wp\/v2\/types\/post"}],"author":[{"embeddable":true,"href":"http:\/\/cordobainforma.info\/index.php\/wp-json\/wp\/v2\/users\/1"}],"replies":[{"embeddable":true,"href":"http:\/\/cordobainforma.info\/index.php\/wp-json\/wp\/v2\/comments?post=164963"}],"version-history":[{"count":0,"href":"http:\/\/cordobainforma.info\/index.php\/wp-json\/wp\/v2\/posts\/164963\/revisions"}],"wp:featuredmedia":[{"embeddable":true,"href":"http:\/\/cordobainforma.info\/index.php\/wp-json\/wp\/v2\/media\/164964"}],"wp:attachment":[{"href":"http:\/\/cordobainforma.info\/index.php\/wp-json\/wp\/v2\/media?parent=164963"}],"wp:term":[{"taxonomy":"category","embeddable":true,"href":"http:\/\/cordobainforma.info\/index.php\/wp-json\/wp\/v2\/categories?post=164963"},{"taxonomy":"post_tag","embeddable":true,"href":"http:\/\/cordobainforma.info\/index.php\/wp-json\/wp\/v2\/tags?post=164963"}],"curies":[{"name":"wp","href":"https:\/\/api.w.org\/{rel}","templated":true}]}}