{"id":164932,"date":"2025-08-15T11:37:41","date_gmt":"2025-08-15T11:37:41","guid":{"rendered":"http:\/\/cordobainforma.info\/index.php\/2025\/08\/15\/trump-publica-esto-horas-antes-de-la-reunion-con-putin\/"},"modified":"2025-08-15T11:37:41","modified_gmt":"2025-08-15T11:37:41","slug":"trump-publica-esto-horas-antes-de-la-reunion-con-putin","status":"publish","type":"post","link":"http:\/\/cordobainforma.info\/index.php\/2025\/08\/15\/trump-publica-esto-horas-antes-de-la-reunion-con-putin\/","title":{"rendered":"Trump publica esto horas antes de la reuni\u00f3n con Putin"},"content":{"rendered":"<p><img src=\"http:\/\/cordobainforma.info\/wp-content\/uploads\/2025\/08\/trump-publica-esto-horas-antes-de-la-reunion-con-putin.jpg\"><\/p>\n<p>Horas antes de que se d\u00e9 inicio a la <a href=\"https:\/\/actualidad.rt.com\/actualidad\/561264-cuenta-regresiva-putin-trump-alaska\" target=\"_blank\" rel=\"nofollow noopener noreferrer\">cumbre<\/a>&nbsp;que sostendr\u00e1n el presidente de Rusia, Vlad\u00edmir Putin, y su hom\u00f3logo estadounidense, Donald Trump, en Alaska, este \u00faltimo ha <a href=\"https:\/\/truthsocial.com\/@realDonaldTrump\/posts\/115032429826787232\" target=\"_blank\" rel=\"nofollow noopener noreferrer\">publicado<\/a>&nbsp;un <strong>breve, pero expresivo mensaje.<\/strong><\/p>\n<p><strong>\u00ab\u00a1Apuestas altas!\u00bb<\/strong>, escribi\u00f3 el mandatario estadounidense en su cuenta de Truth Social, probablemente en referencia a lo que estar\u00e1 en juego durante la reuni\u00f3n.<\/p>\n<div class=\"ReadMore-root Section-root Section-is1to3-xs_is1to1\" data-widgets=\"ReadMore\">\n<div class=\"Section-container Section-isRow-isTop-isWrap\">\n<article class=\"Card-root Card-is1to1 Card-default \">\n<div class=\"Card-imageWrap\">\n<div class=\"Card-picture\"> <picture class=\"Picture-root Picture-default\"><!--[if IE 9]><video style=\"display: none;\"><![endif]--><source media=\"(-webkit-min-device-pixel-ratio: 2) and (min-resolution: 120dpi)\" srcset=\"http:\/\/cordobainforma.info\/wp-content\/uploads\/2025\/08\/trump-publica-esto-horas-antes-de-la-reunion-con-putin-2.jpg 850w, http:\/\/cordobainforma.info\/wp-content\/uploads\/2025\/08\/trump-publica-esto-horas-antes-de-la-reunion-con-putin-3.jpg 1960w\"><source srcset=\"http:\/\/cordobainforma.info\/wp-content\/uploads\/2025\/08\/trump-publica-esto-horas-antes-de-la-reunion-con-putin-2.jpg, https:\/\/actualidad.rt.com\/actualidad\/460, http:\/\/cordobainforma.info\/wp-content\/uploads\/2025\/08\/trump-publica-esto-horas-antes-de-la-reunion-con-putin-3.jpg 980w\"><!--[if IE 9]><\/video><![endif]--><img data-sizes=\"auto\" src=\"http:\/\/cordobainforma.info\/wp-content\/uploads\/2025\/08\/trump-publica-esto-horas-antes-de-la-reunion-con-putin-2.jpg\" class=\"Picture-root Picture-default lazyload\" alt=\"Trump: Reuni\u00f3n con Putin en Alaska ser\u00e1 importante tanto para Rusia como para EE.UU.\"><\/picture><!-- noscript pattern --><noscript><img src=\"http:\/\/cordobainforma.info\/wp-content\/uploads\/2025\/08\/trump-publica-esto-horas-antes-de-la-reunion-con-putin-3.jpg\" alt=\"Trump: Reuni\u00f3n con Putin en Alaska ser\u00e1 importante tanto para Rusia como para EE.UU.\"><\/noscript> <\/div><\/div>\n<\/article><\/div><\/div>\n<p>Por su parte, el representante especial de la Presidencia rusa para la cooperaci\u00f3n econ\u00f3mica con pa\u00edses extranjeros, <strong>Kiril Dm\u00edtriev, coincidi\u00f3 con el l\u00edder estadunidense<\/strong> en que las apuestas en las negociaciones ser\u00e1n altas. \u00abEs verdad\u00bb, <a href=\"https:\/\/x.com\/kadmitriev\/status\/1956316017958723879\" target=\"_blank\" rel=\"nofollow noopener noreferrer\">escribi\u00f3<\/a>&nbsp;el funcionario ruso en su cuenta de X citando el mensaje de Trump.<\/p>\n<p>Los presidentes se encontrar\u00e1n en la base militar Elmendorf-Richardson de la ciudad de <a href=\"https:\/\/actualidad.rt.com\/actualidad\/560987-reunion-putin-trump-ciudad\" target=\"_blank\" rel=\"nofollow noopener noreferrer\">Anchorage<\/a>&nbsp;(Alaska) para discutir el conflicto ucraniano. La cumbre arrancar\u00e1 a las<strong> 11:00 hora local<\/strong> (22:00 hora de Mosc\u00fa, 19:00 GMT) con una conversaci\u00f3n en formato cara a cara con traductores. Las negociaciones seguir\u00e1n despu\u00e9s a nivel de delegaciones y, m\u00e1s tarde, los l\u00edderes continuar\u00e1n el di\u00e1logo en un desayuno de trabajo.<\/p>\n<p>Se trata del primer encuentro personal de los mandatarios<strong> desde 2019<\/strong>, cuando se vieron en el marco de la cumbre del G20 en Osaka, Jap\u00f3n.<\/p>\n<p>Adem\u00e1s, ser\u00e1 el primer viaje del presidente ruso a EE.UU. <strong>en casi una d\u00e9cada<\/strong>, cuando viaj\u00f3 a Nueva York en septiembre de 2015 para participar en el debate anual de la Asamblea General de la ONU.<\/p>\n","protected":false},"excerpt":{"rendered":"<p>Horas antes de que se d\u00e9 inicio a la cumbre&nbsp;que sostendr\u00e1n el presidente de Rusia, Vlad\u00edmir Putin, y su hom\u00f3logo estadounidense, Donald Trump, en Alaska, este \u00faltimo ha publicado&nbsp;un breve, pero expresivo mensaje. \u00ab\u00a1Apuestas altas!\u00bb, escribi\u00f3 el mandatario estadounidense en su cuenta de Truth Social, probablemente en referencia a lo que estar\u00e1 en juego durante [&hellip;]<\/p>\n","protected":false},"author":1,"featured_media":164933,"comment_status":"closed","ping_status":"closed","sticky":false,"template":"","format":"standard","meta":[],"categories":[22],"tags":[],"_links":{"self":[{"href":"http:\/\/cordobainforma.info\/index.php\/wp-json\/wp\/v2\/posts\/164932"}],"collection":[{"href":"http:\/\/cordobainforma.info\/index.php\/wp-json\/wp\/v2\/posts"}],"about":[{"href":"http:\/\/cordobainforma.info\/index.php\/wp-json\/wp\/v2\/types\/post"}],"author":[{"embeddable":true,"href":"http:\/\/cordobainforma.info\/index.php\/wp-json\/wp\/v2\/users\/1"}],"replies":[{"embeddable":true,"href":"http:\/\/cordobainforma.info\/index.php\/wp-json\/wp\/v2\/comments?post=164932"}],"version-history":[{"count":0,"href":"http:\/\/cordobainforma.info\/index.php\/wp-json\/wp\/v2\/posts\/164932\/revisions"}],"wp:featuredmedia":[{"embeddable":true,"href":"http:\/\/cordobainforma.info\/index.php\/wp-json\/wp\/v2\/media\/164933"}],"wp:attachment":[{"href":"http:\/\/cordobainforma.info\/index.php\/wp-json\/wp\/v2\/media?parent=164932"}],"wp:term":[{"taxonomy":"category","embeddable":true,"href":"http:\/\/cordobainforma.info\/index.php\/wp-json\/wp\/v2\/categories?post=164932"},{"taxonomy":"post_tag","embeddable":true,"href":"http:\/\/cordobainforma.info\/index.php\/wp-json\/wp\/v2\/tags?post=164932"}],"curies":[{"name":"wp","href":"https:\/\/api.w.org\/{rel}","templated":true}]}}