{"id":164910,"date":"2025-08-15T11:18:09","date_gmt":"2025-08-15T11:18:09","guid":{"rendered":"https:\/\/cordoba.gob.ar\/?p=80175"},"modified":"2025-08-15T11:18:09","modified_gmt":"2025-08-15T11:18:09","slug":"una-manana-diferente-para-los-ninos-del-hospital-infantil-municipal","status":"publish","type":"post","link":"http:\/\/cordobainforma.info\/index.php\/2025\/08\/15\/una-manana-diferente-para-los-ninos-del-hospital-infantil-municipal\/","title":{"rendered":"Una ma\u00f1ana diferente para los ni\u00f1os del Hospital Infantil Municipal"},"content":{"rendered":"<div><img src=\"http:\/\/cordobainforma.info\/wp-content\/uploads\/2025\/08\/una-manana-diferente-para-los-ninos-del-hospital-infantil-municipal.jpg\" class=\"ff-og-image-inserted\"><\/div>\n<ul>\n<li><strong>Adultos mayores de la Residencia Padre La M\u00f3naca visitaron y entregaron presentes elaborados con sus manos, a los pacientitos internados y a los que esperaban su turno en la guardia de la instituci\u00f3n.<\/strong><\/li>\n<li><strong>El ente C\u00f3rdoba Obras y Servicios tambi\u00e9n sum\u00f3 regalos confeccionados con telas recicladas, como almohadones y colchas para las diferentes salas del nosocomio.&nbsp;<\/strong><\/li>\n<\/ul>\n<hr>\n<p>En una jornada colmada de emociones, miembros de la secretar\u00eda de Salud, junto al COyS, y adultos mayores de la Residencia Municipal de Larga Estad\u00eda Padre la M\u00f3naca, visitaron y entregaron regalos a 50 ni\u00f1os y ni\u00f1as internados en el Hospital Infantil Municipal Sixto Gerardo Gonz\u00e1lez, como parte de las actividades por el D\u00eda de las Infancias.<\/p>\n<p>Entre los presentes se destacaron sonajeros, juegos de encastre y juguetes que colaboran en la estimulaci\u00f3n de motricidad fina. Adem\u00e1s, el COyS sum\u00f3 regalos confeccionados con materiales reciclados, como almohadones y colchas, elaborados con dedicaci\u00f3n para brindar abrigo y color a las salas de la instituci\u00f3n.<\/p>\n<p>\u201cPoder estar con los ni\u00f1os que est\u00e1n atravesando una enfermedad y llevarles una peque\u00f1a alegr\u00eda en su d\u00eda es muy importante para todos nosotros\u201d, expres\u00f3 el secretario de Salud, Ariel Aleksandroff.<\/p>\n<p>Para esta ocasi\u00f3n especial, los residentes del Padre La M\u00f3naca prepararon en su taller de laborterapia bolsas did\u00e1cticas y almohadones pensados para acompa\u00f1ar a los m\u00e1s chicos en sus d\u00edas de internaci\u00f3n. Tambi\u00e9n repartieron sus regalos a los peque\u00f1os que aguardaban ser atendidos en la sala de espera de la guardia central.<\/p>\n<p>La acci\u00f3n no solo llev\u00f3 sonrisas a los diferentes sectores del hospital, sino que reafirm\u00f3 el compromiso Municipal de acompa\u00f1ar a las familias, entendiendo que la salud integral se construye con gestos que reconfortan.<\/p>\n","protected":false},"excerpt":{"rendered":"<p>Adultos mayores de la Residencia Padre La M\u00f3naca visitaron y entregaron presentes elaborados con sus manos, a los pacientitos internados y a los que esperaban su turno en la guardia de la instituci\u00f3n. El ente C\u00f3rdoba Obras y Servicios tambi\u00e9n sum\u00f3 regalos confeccionados con telas recicladas, como almohadones y colchas para las diferentes salas del [&hellip;]<\/p>\n","protected":false},"author":1,"featured_media":164911,"comment_status":"closed","ping_status":"closed","sticky":false,"template":"","format":"standard","meta":[],"categories":[2],"tags":[],"_links":{"self":[{"href":"http:\/\/cordobainforma.info\/index.php\/wp-json\/wp\/v2\/posts\/164910"}],"collection":[{"href":"http:\/\/cordobainforma.info\/index.php\/wp-json\/wp\/v2\/posts"}],"about":[{"href":"http:\/\/cordobainforma.info\/index.php\/wp-json\/wp\/v2\/types\/post"}],"author":[{"embeddable":true,"href":"http:\/\/cordobainforma.info\/index.php\/wp-json\/wp\/v2\/users\/1"}],"replies":[{"embeddable":true,"href":"http:\/\/cordobainforma.info\/index.php\/wp-json\/wp\/v2\/comments?post=164910"}],"version-history":[{"count":0,"href":"http:\/\/cordobainforma.info\/index.php\/wp-json\/wp\/v2\/posts\/164910\/revisions"}],"wp:featuredmedia":[{"embeddable":true,"href":"http:\/\/cordobainforma.info\/index.php\/wp-json\/wp\/v2\/media\/164911"}],"wp:attachment":[{"href":"http:\/\/cordobainforma.info\/index.php\/wp-json\/wp\/v2\/media?parent=164910"}],"wp:term":[{"taxonomy":"category","embeddable":true,"href":"http:\/\/cordobainforma.info\/index.php\/wp-json\/wp\/v2\/categories?post=164910"},{"taxonomy":"post_tag","embeddable":true,"href":"http:\/\/cordobainforma.info\/index.php\/wp-json\/wp\/v2\/tags?post=164910"}],"curies":[{"name":"wp","href":"https:\/\/api.w.org\/{rel}","templated":true}]}}