{"id":164866,"date":"2025-08-14T14:39:18","date_gmt":"2025-08-14T14:39:18","guid":{"rendered":"https:\/\/somoscordobeses.com\/2025\/08\/14\/detuvieron-al-lider-de-la-barra-brava-de-central-en-el-marco-de-una-causa-por-asociacion-ilicita\/"},"modified":"2025-08-14T14:39:18","modified_gmt":"2025-08-14T14:39:18","slug":"detuvieron-al-lider-de-la-barra-brava-de-central-en-el-marco-de-una-causa-por-asociacion-ilicita","status":"publish","type":"post","link":"http:\/\/cordobainforma.info\/index.php\/2025\/08\/14\/detuvieron-al-lider-de-la-barra-brava-de-central-en-el-marco-de-una-causa-por-asociacion-ilicita\/","title":{"rendered":"Detuvieron al l\u00edder de la barra brava de Central en el marco de una causa por asociaci\u00f3n il\u00edcita"},"content":{"rendered":"<div><img src=\"http:\/\/cordobainforma.info\/wp-content\/uploads\/2025\/08\/detuvieron-al-lider-de-la-barra-brava-de-central-en-el-marco-de-una-causa-por-asociacion-ilicita.jpg\" class=\"ff-og-image-inserted\"><\/div>\n<p>Lautaro \u201cLaucha\u201d Ghiselli, actual jefe de la barra brava de Rosario Central, fue detenido este mi\u00e9rcoles en un procedimiento realizado por la Polic\u00eda Federal Argentina en la ciudad de Rosario. La aprehensi\u00f3n se dio en el marco de una causa por asociaci\u00f3n il\u00edcita y en conexi\u00f3n con la investigaci\u00f3n por el asesinato de Andr\u00e9s \u201cPill\u00edn\u201d Bracamonte y Daniel \u201cRana\u201d Attardo, ocurrido el 9 de noviembre de 2024 en las inmediaciones del estadio Gigante de Arroyito.<\/p>\n<figure data-tadevel-template=\"web\/multimedia\" data-type=\"photo\"> <\/figure>\n<p>El operativo fue llevado adelante por un equipo del Departamento Federal de Investigaciones que viaj\u00f3 desde Buenos Aires y que cont\u00f3 con la participaci\u00f3n de la fiscal provincial Georgina Pairola. La detenci\u00f3n se concret\u00f3 en un departamento ubicado en calle Salta al 2400, en el barrio Pichincha, donde se secuestraron una camioneta Volkswagen Amarok, dos millones de pesos, 64 gramos de coca\u00edna fraccionados, 67 cartuchos calibre 9 mm, tres tel\u00e9fonos celulares, tarjetas bancarias, una computadora y un carnet de socio del club.<\/p>\n<figure data-tadevel-template=\"web\/multimedia\" data-type=\"photo\"> <\/figure>\n<figure data-tadevel-template=\"web\/multimedia\" data-type=\"photo\"> <\/figure>\n<p>La captura de Ghiselli se suma a los 17 allanamientos realizados previamente en la zona norte y noroeste de Rosario, en el marco de una investigaci\u00f3n sobre la banda conocida como \u201cLos Menores\u201d, vinculada a actividades de narcotr\u00e1fico y se\u00f1alada como presunta responsable del ataque que termin\u00f3 con la vida de Bracamonte y Attardo.<\/p>\n<figure data-tadevel-template=\"web\/multimedia\" data-type=\"photo\"> <\/figure>\n<p>En las semanas previas, el gobierno de la provincia de Santa Fe hab\u00eda ofrecido una recompensa de 25 millones de pesos por informaci\u00f3n que permitiera identificar al autor de los homicidios. En ese contexto, ya hab\u00edan sido detenidos Alejandro V\u00e1zquez y Alejandro \u201cCani\u201d Zamudio, acusados de participar en el traslado de los autores materiales del ataque.<\/p>\n<figure data-tadevel-template=\"web\/multimedia\" data-type=\"photo\"> <\/figure>\n<p>Seg\u00fan la investigaci\u00f3n, Ghiselli asumi\u00f3 el liderazgo de la barra tras el asesinato de Bracamonte, quien hab\u00eda sido el referente del grupo durante tres d\u00e9cadas. Con su detenci\u00f3n, las autoridades esperan obtener m\u00e1s elementos para esclarecer el doble crimen y desarticular la estructura de la organizaci\u00f3n investigada.<\/p>\n<figure data-tadevel-template=\"web\/multimedia\" data-type=\"photo\"> <\/figure>\n","protected":false},"excerpt":{"rendered":"<p>Lautaro \u201cLaucha\u201d Ghiselli, actual jefe de la barra brava de Rosario Central, fue detenido este mi\u00e9rcoles en un procedimiento realizado por la Polic\u00eda Federal Argentina en la ciudad de Rosario. La aprehensi\u00f3n se dio en el marco de una causa por asociaci\u00f3n il\u00edcita y en conexi\u00f3n con la investigaci\u00f3n por el asesinato de Andr\u00e9s \u201cPill\u00edn\u201d [&hellip;]<\/p>\n","protected":false},"author":1,"featured_media":164867,"comment_status":"closed","ping_status":"closed","sticky":false,"template":"","format":"standard","meta":[],"categories":[2],"tags":[],"_links":{"self":[{"href":"http:\/\/cordobainforma.info\/index.php\/wp-json\/wp\/v2\/posts\/164866"}],"collection":[{"href":"http:\/\/cordobainforma.info\/index.php\/wp-json\/wp\/v2\/posts"}],"about":[{"href":"http:\/\/cordobainforma.info\/index.php\/wp-json\/wp\/v2\/types\/post"}],"author":[{"embeddable":true,"href":"http:\/\/cordobainforma.info\/index.php\/wp-json\/wp\/v2\/users\/1"}],"replies":[{"embeddable":true,"href":"http:\/\/cordobainforma.info\/index.php\/wp-json\/wp\/v2\/comments?post=164866"}],"version-history":[{"count":0,"href":"http:\/\/cordobainforma.info\/index.php\/wp-json\/wp\/v2\/posts\/164866\/revisions"}],"wp:featuredmedia":[{"embeddable":true,"href":"http:\/\/cordobainforma.info\/index.php\/wp-json\/wp\/v2\/media\/164867"}],"wp:attachment":[{"href":"http:\/\/cordobainforma.info\/index.php\/wp-json\/wp\/v2\/media?parent=164866"}],"wp:term":[{"taxonomy":"category","embeddable":true,"href":"http:\/\/cordobainforma.info\/index.php\/wp-json\/wp\/v2\/categories?post=164866"},{"taxonomy":"post_tag","embeddable":true,"href":"http:\/\/cordobainforma.info\/index.php\/wp-json\/wp\/v2\/tags?post=164866"}],"curies":[{"name":"wp","href":"https:\/\/api.w.org\/{rel}","templated":true}]}}