{"id":164864,"date":"2025-08-14T14:56:28","date_gmt":"2025-08-14T14:56:28","guid":{"rendered":"https:\/\/somoscordobeses.com\/2025\/08\/14\/martin-campi-campilongo-el-publico-elige-las-biopics\/"},"modified":"2025-08-14T14:56:28","modified_gmt":"2025-08-14T14:56:28","slug":"martin-campi-campilongo-el-publico-elige-las-biopics","status":"publish","type":"post","link":"http:\/\/cordobainforma.info\/index.php\/2025\/08\/14\/martin-campi-campilongo-el-publico-elige-las-biopics\/","title":{"rendered":"Mart\u00edn Campi Campilongo: El p\u00fablico elige las biopics"},"content":{"rendered":"<div><img src=\"http:\/\/cordobainforma.info\/wp-content\/uploads\/2025\/08\/martin-campi-campilongo-el-publico-elige-las-biopics.jpg\" class=\"ff-og-image-inserted\"><\/div>\n<p><strong>Domingo Felipe Cavallo<\/strong>, el padre de la convertibilidad, el hombre con un plan, posiblemente el aut\u00e9ntico villano de esta historia, n\u00e9mesis del l\u00edder riojano interpretado por Leonardo Sbaraglia en <strong>\u201cMenem\u201d<\/strong>, la serie de la que habla todo el pa\u00eds. No cualquiera pod\u00eda ponerse en la piel de semejante personaje y asumir tal desaf\u00edo. La serie de Prime Video, dirigida por el mago de cultura pop argentina, Ariel \u201cWino\u201d Winograd, cuenta con un dream team actoral que completan, entre otros, Griselda Siciliani, Monna Anton\u00f3pulos, Juan Minuj\u00edn, Jorgelina Aruzzi, Agust\u00edn Sullivan y Cumel\u00e9n Sanz.<\/p>\n<p>La responsabilidad de caracterizar a uno de los ministros de Econom\u00eda m\u00e1s controversiales de la historia recay\u00f3 sobre los hombros de Campi, comediante consagrado, quien supiera ser el padre del hombre del piano rosarino en \u201cEl amor despu\u00e9s del amor\u201d. \u00cdcono del humor, form\u00f3 parte del equipo ganador de Marcelo Tinelli. Fue sucesor del recordado Antonio Gasalla en \u201cEsperando la carroza\u201d. Actor de las mil m\u00e1scaras en constante evoluci\u00f3n.<\/p>\n<p>Semejante compromiso lo tiene motivado y con ganas de charlar. Momento propicio e ideal para conversar con NOTICIAS, este 2025 ubica a Campi en un un lugar privilegiado en el terreno audiovisual, ya que tambi\u00e9n se luce en el policial \u201cEl beso de Judas\u201d (Flow).<\/p>\n<p><strong>Mart\u00edn Campilongo<\/strong> es un acuariano de 56 a\u00f1os, casado con la actriz Denise Dumas, tienen cuatro hijos, Emma, Francesca, Isabella y Santino (los dos \u00faltimos de una pareja anterior de Denise)<\/p>\n<p>Comediante, actor, imitador, guionista, Campi siempre apost\u00f3 a la creatividad y al perfeccionamiento en su rubro. Supo formar parte de cl\u00e1sicos de la televisi\u00f3n argentina como \u201cTu cara me suena\u201d, \u201cPeligro sin codificar\u201d, \u201cBailando por un sue\u00f1o\u201d y \u201cVideomatch\u201d. En cine fue dirigido por Ra\u00fal Perrone, Daniel Barone, Adri\u00e1n Suar, Sabrina Farji y Nicanor Loreti dando muestras de su versatilidad, una verdadera marca de f\u00e1brica.<\/p>\n<p><strong>Noticias:<\/strong> Cuando uno recuerda a Domingo Cavallo tiene muy presente sus ojos, esa mirada de mu\u00f1eco mal\u00e9volo. \u00bfC\u00f3mo fue encarnarlo?<\/p>\n<p><strong>Campi: <\/strong>\u00a1Fue muy divertido! Yo lo hab\u00eda hecho en su momento en \u201cGran Cu\u00f1ado\u201d de Videomatch, pero era una caricatura, una imitaci\u00f3n. En esta serie el laburo es mucho m\u00e1s fino, muy de observaci\u00f3n, es otro lenguaje y me gust\u00f3 el desaf\u00edo de cambiarle el tono, de modificarle el l\u00e1piz al retrato. Es justamente la diferencia entre dibujar una caricatura o un retrato, uno requiere un trazo m\u00e1s grueso y el otro va m\u00e1s al detalle. Y Wino hace que todo sea muy divertido.<\/p>\n<p><strong>Noticias:<\/strong> \u00bfCost\u00f3 mucho pasar de la caricatura al retrato?<\/p>\n<p><strong>Campi: <\/strong>No, me encanta. Yo agarro laburos dif\u00edciles, me gusta estar en problemas (se r\u00ede).<\/p>\n<p><strong>Noticias: <\/strong>Es muy recordada su actuaci\u00f3n en la serie de Fito P\u00e1ez y ahora le toca personificar a Cavallo en la serie sobre Menem. \u00bfPor qu\u00e9 cree que en el \u00faltimo tiempo hay tantas biopics enfocadas en personajes argentinos?<\/p>\n<p><strong>Campi: <\/strong>Porque la gente elige consumir eso. Esto es un negocio, si se venden peras, vendemos peras. Yo supongo que ese es el motivo.<\/p>\n<p><strong>Noticias:<\/strong> Usted viene trabajando muy bien en series, Jos\u00e9 Mar\u00eda Listorti la est\u00e1 rompiendo en \u201cLa Sirenita\u201d, Pachu Pe\u00f1a estuvo en&nbsp; \u201cViudas Negras\u201d, a Fredy Villarreal le va muy bien en teatro con \u201cLa funci\u00f3n que sale mal\u201d. \u00bfSiente que hay una reivindicaci\u00f3n de los comediantes que laburaron con Tinelli?<\/p>\n<p><strong>Campi: <\/strong>Puede ser, \u00bfno? Ahora que lo pienso s\u00ed. Yo nunca me sent\u00ed como apartado del asunto, tal vez porque hago otras cosas, no solamente comedias, pero nunca dej\u00e9 de laburar y mis compa\u00f1eros a los que nombraste tampoco. Igual puede ser que haya un reconocimiento, que se yo (sonr\u00ede).<\/p>\n<p><strong>Noticias: <\/strong>Volvamos a \u201cMenem\u201d. Ariel Winograd maneja como nadie el humor y la s\u00e1tira. \u00bfQu\u00e9 le pidi\u00f3 a la hora de componer a Cavallo?<\/p>\n<p><strong>Campi: <\/strong>\u00c9l me marcaba que fuera bien arriba y despu\u00e9s cualquier cosa \u00edbamos ajustando. Me propuso ese juego y me prend\u00ed, \u00e9l maneja muy bien la comedia, entonces todo es f\u00e1cil. Varios cap\u00edtulos est\u00e1n en un claro tono de comedia y en sus manos est\u00e1n muy bien contados, porque para hacer comedia hay que saber crearla, dirigirla y editarla. Es un g\u00e9nero que le pide mucho a quien lo juega, cada uno tiene que llevar la comedia encima y Wino sobre eso sabe absolutamente todo.<\/p>\n<p><strong>Noticias: <\/strong>\u00bfLa comedia es m\u00e1s dif\u00edcil que el drama?<\/p>\n<p><strong>Campi: <\/strong>No creo, se dice mucho eso, pero el drama tambi\u00e9n es muy complicado, \u00a1eh!<\/p>\n<p><strong>Noticias: <\/strong>\u00bfUsted bas\u00f3 su composici\u00f3n exclusivamente en el gui\u00f3n o tuvo que investigar? \u00bfLleg\u00f3 a conocer a Cavallo?<\/p>\n<p><strong>Campi: <\/strong>S\u00ed, lo conoc\u00ed en los 90. Yo estaba en \u201cVideomatch\u201d en esa \u00e9poca y nos mandaban todos los d\u00edas a Casa Rosada para hacerle nota a Menem o a Cavallo. Tambi\u00e9n tuve la posibilidad de juntarme con \u00e9l ahora, pero te digo la verdad, no quise. Yo ten\u00eda que hacer el Cavallo de los 90 y hab\u00eda madurado m\u00e1s de treinta a\u00f1os, prefer\u00eda quedarme con aquello que hab\u00eda conocido y que permanec\u00eda en mi cabeza.<\/p>\n<p><strong>Noticias: <\/strong>Es inevitable que nos apartemos un minuto de \u201cMenem\u201d y preguntarle por \u201cEsperando la carroza\u201d. \u00bfQu\u00e9 signific\u00f3 para usted encarnar a Mam\u00e1 Cora, el personaje ic\u00f3nico de Antonio Gasalla?<\/p>\n<p><strong>Campi: <\/strong>Terminamos hace poco, estuvimos cerca de dos a\u00f1os en cartel en el Teatro Broadway y fue incre\u00edble. Yo empec\u00e9 haci\u00e9ndolo con Antonio vivo y \u00e9l parti\u00f3 mientras transcurr\u00eda la temporada, entonces se transform\u00f3 en algo distinto hacer a esa Mam\u00e1 Cora ya sin Antonio en este plano. Para m\u00ed, \u201cEsperando la carroza\u201d fue una bendici\u00f3n, me divert\u00ed mucho, me puse el traje&nbsp; suyo, el que Antonio hab\u00eda inventado y es algo hermoso. Mam\u00e1 Cora es maravillosa, tiene que ver mucho con nuestra argentinidad.<\/p>\n<p><strong>Noticias: <\/strong>Mam\u00e1 Cora est\u00e1 muy pegada a la argentinidad y Menem tambi\u00e9n. La mayor\u00eda de sus escenas en la serie son con Leonardo Sbaraglia, \u00bfc\u00f3mo lo vio haciendo de Carlos Sa\u00fal Menem?<\/p>\n<p><strong>Campi: <\/strong>\u00a1Vos viste lo que es! A m\u00ed me encanta lo que hace, est\u00e1 incre\u00edble de verdad, es imposible que no te guste.<\/p>\n<p><strong>Noticias:<\/strong> Wino tambi\u00e9n est\u00e1 rodando la segunda temporada de la serie de Coppola, no s\u00e9 si vio la primera, \u00bfpero por qu\u00e9 siempre volvemos a los 90?, \u00bfqu\u00e9 nos fascina tanto de esa \u00e9poca?<\/p>\n<p><strong>Campi: <\/strong>S\u00ed, vi la primera temporada de Coppola, \u00a1es buen\u00edsima! Creo que hubo tramos en los que esa \u00e9poca fue divertida en cierto punto, aunque tambi\u00e9n recuerdo el titular que dec\u00eda: \u201cUna fiesta que ahora estamos pagando\u201d cuando termin\u00f3 esa d\u00e9cada. Igual reconozcamos que esa fiesta tuvo muchos invitados tambi\u00e9n, yo laburaba en la televisi\u00f3n y recuerdo que era una cosa de locos. Mucho presupuesto, mucho viaje, nos dec\u00edan: \u201cAlain Delon se esguinz\u00f3, hay que ir a Par\u00eds ma\u00f1ana\u201d, \u201c\u00a1Ning\u00fan problema!\u201d (nos re\u00edmos) Los programas de televisi\u00f3n regalaban autos como si fueran atados de cigarrillos, cuesta creerlo, pero eso suced\u00eda.<\/p>\n<p><strong>Noticias: <\/strong>M\u00e1s all\u00e1 de lo que muestra la serie, \u00bfqu\u00e9 fue lo mejor y lo peor del menemismo para alguien como usted que lo vivi\u00f3?<\/p>\n<p><strong>Campi: <\/strong>Mir\u00e1, como yo en ese momento laburaba en la tele, lo viv\u00eda trabajando un mont\u00f3n y muy bien, creo que para m\u00ed eso fue lo mejor. Lo peor es lo que pas\u00f3 con las empresas argentinas que no pod\u00edan competir frente a las importaciones, lo que ven\u00eda de afuera ten\u00eda precios regalados en relaci\u00f3n a la industria nacional, se fundieron y mucha gente lo pas\u00f3 espantosamente mal.&nbsp;<\/p>\n<p><strong>Noticias: <\/strong>Cuenteme un poco sobre su espect\u00e1culo \u201cCampi de gira\u201d. \u00bfEn qu\u00e9 consiste?<\/p>\n<p><strong>Campi: <\/strong>En sacarme un gusto porque nunca hice gira en mi vida, \u00bfpod\u00e9s creer? Y eso que hago teatro desde hace m\u00e1s de treinta a\u00f1os. Nunca tuve tiempo de recorrer el pa\u00eds porque siempre estoy laburando un mont\u00f3n, ahora se me hizo un hueco hasta que empiece a ensayar una cosa nueva en diciembre y dije: \u201c\u00a1Es el momento para darme el gustazo!\u201d Es un placer. Estoy recorriendo el pa\u00eds con un unipersonal que me dirigi\u00f3 Antonio Gasalla, mir\u00e1 lo que son las cosas de la vida\u2026 y lo estoy disfrutando un mont\u00f3n.<\/p>\n<p><strong>Noticias: <\/strong>Vi que hace poco subi\u00f3 a su cuenta de Instagram un sketch donde hac\u00eda de Aldo Rico junto con Listorti y el verdadero Aldo Rico. \u00bfA veces siente a\u00f1oranza de esos tiempos o dice ya est\u00e1, esto ya lo viv\u00ed?<\/p>\n<p><strong>Campi: <\/strong>S\u00ed, ese video me lo mandaron, no lo recordaba, pero me pareci\u00f3 divertido y lo sub\u00ed. No siento a\u00f1oranza, eso ya lo viv\u00ed, claro que s\u00ed, pero son lindos momentos. Yo estoy muy contento con quien soy, todo eso forma parte de la hechura de esto. Estoy feliz con el resultado y no ser\u00eda quien soy hoy de no haber pasado por esa calle.<\/p>\n<p><strong>Noticias: <\/strong>Mencion\u00f3 que empezar\u00e1 a ensayar en diciembre, seguro no puede contar nada pero le pregunto, \u00bfes teatro?<\/p>\n<p><strong>Campi: <\/strong>S\u00ed, no puedo contar nada pero es teatro. Es algo grande para lo que tengo que entrenar, bajar de peso, aunque sea un par de kilos m\u00e1s, tambi\u00e9n dej\u00e9 de fumar porque es muy exigente lo que voy a hacer. Soy adicto al cigarrillo y al helado (risas). No me hicieron abandonar la helader\u00eda, pero me tengo que cuidar de eso tambi\u00e9n por las calor\u00edas, as\u00ed no se puede.<\/p>\n<p><h3>Galer\u00eda de im\u00e1genes<\/h3>\n<\/p>\n<h4>En esta Nota<\/h4>\n","protected":false},"excerpt":{"rendered":"<p>Domingo Felipe Cavallo, el padre de la convertibilidad, el hombre con un plan, posiblemente el aut\u00e9ntico villano de esta historia, n\u00e9mesis del l\u00edder riojano interpretado por Leonardo Sbaraglia en \u201cMenem\u201d, la serie de la que habla todo el pa\u00eds. No cualquiera pod\u00eda ponerse en la piel de semejante personaje y asumir tal desaf\u00edo. La serie [&hellip;]<\/p>\n","protected":false},"author":1,"featured_media":164865,"comment_status":"closed","ping_status":"closed","sticky":false,"template":"","format":"standard","meta":[],"categories":[2],"tags":[],"_links":{"self":[{"href":"http:\/\/cordobainforma.info\/index.php\/wp-json\/wp\/v2\/posts\/164864"}],"collection":[{"href":"http:\/\/cordobainforma.info\/index.php\/wp-json\/wp\/v2\/posts"}],"about":[{"href":"http:\/\/cordobainforma.info\/index.php\/wp-json\/wp\/v2\/types\/post"}],"author":[{"embeddable":true,"href":"http:\/\/cordobainforma.info\/index.php\/wp-json\/wp\/v2\/users\/1"}],"replies":[{"embeddable":true,"href":"http:\/\/cordobainforma.info\/index.php\/wp-json\/wp\/v2\/comments?post=164864"}],"version-history":[{"count":0,"href":"http:\/\/cordobainforma.info\/index.php\/wp-json\/wp\/v2\/posts\/164864\/revisions"}],"wp:featuredmedia":[{"embeddable":true,"href":"http:\/\/cordobainforma.info\/index.php\/wp-json\/wp\/v2\/media\/164865"}],"wp:attachment":[{"href":"http:\/\/cordobainforma.info\/index.php\/wp-json\/wp\/v2\/media?parent=164864"}],"wp:term":[{"taxonomy":"category","embeddable":true,"href":"http:\/\/cordobainforma.info\/index.php\/wp-json\/wp\/v2\/categories?post=164864"},{"taxonomy":"post_tag","embeddable":true,"href":"http:\/\/cordobainforma.info\/index.php\/wp-json\/wp\/v2\/tags?post=164864"}],"curies":[{"name":"wp","href":"https:\/\/api.w.org\/{rel}","templated":true}]}}