{"id":164830,"date":"2025-08-14T11:34:00","date_gmt":"2025-08-14T11:34:00","guid":{"rendered":"https:\/\/www.escribiendocine.com\/noticias\/2025\/08\/14\/20236-critica-de-homo-argentum-guillermo-francella-y-la-argentinidad-segun-cohn-y-duprat"},"modified":"2025-08-14T11:34:00","modified_gmt":"2025-08-14T11:34:00","slug":"critica-de-homo-argentum-guillermo-francella-y-la-argentinidad-segun-cohn-y-duprat","status":"publish","type":"post","link":"http:\/\/cordobainforma.info\/index.php\/2025\/08\/14\/critica-de-homo-argentum-guillermo-francella-y-la-argentinidad-segun-cohn-y-duprat\/","title":{"rendered":"Cr\u00edtica de \u00abHomo Argentum\u00bb: Guillermo Francella y la argentinidad seg\u00fan Cohn y Duprat"},"content":{"rendered":"<div class=\"media_block\"><\/div>\n<div><img src=\"http:\/\/cordobainforma.info\/wp-content\/uploads\/2025\/08\/critica-de-homo-argentum-guillermo-francella-y-la-argentinidad-segun-cohn-y-duprat.jpg\" class=\"ff-og-image-inserted\"><\/div>\n<div readability=\"15.771929824561\">\n<div class=\"col-xs-12 col-sm-6 col-md-12 col-lg-3 no-padding col-der\" readability=\"7\">\n<p> <span class=\"fecha\">jueves 14 de agosto de 2025 <\/span> <\/p>\n<\/p><\/div><\/div>\n<div readability=\"56\">\n<p><strong>Homo Argentum<\/strong> (2025) es una colecci\u00f3n de 16 cortos \u2014algunos sorprendentemente breves\u2014 que diseccionan la idiosincrasia nacional a trav\u00e9s de personajes arquet\u00edpicos, todos interpretados por Guillermo Francella.<\/p>\n<p>Como suele ocurrir en las pel\u00edculas de episodios, como el cl\u00e1sico local <strong>Relatos salvajes<\/strong> (2014), la calidad de los segmentos es irregular. Hay cortos que se sienten como simples chistes de muy corta duraci\u00f3n y apenas alcanzan la estructura de un sketch (el del presidente, el del relator de f\u00fatbol o el del cura), mientras que otros est\u00e1n mejor desarrollados. Entre estos, se destacan el de la herencia familiar (el mejor de todos), el del juguete robot y el de la fiesta en el edificio. Sin embargo, en todos ellos se proyecta una versi\u00f3n desalmada del argentino, emulando la s\u00e1tira mordaz de la \u201ccomedia italiana\u201d cuyo m\u00e1ximo exponente es <strong>Los monstruos<\/strong> (I mostri, 1963) de Dino Risi.<\/p>\n<p>No es casualidad que Francella sea el elegido para encarnar el \u00abgen argentino\u00bb seg\u00fan Cohn y Duprat. Su personaje es el arquetipo del porte\u00f1o ventajero, fanfarr\u00f3n, estafador y miserable; un individuo sin piedad ni escr\u00fapulos que busca su propio beneficio a cualquier costo. Este perfil, m\u00e1s asociado a la clase media y media-alta, proyecta un imaginario que, en la visi\u00f3n de los directores, permea a todas las clases sociales y regiones del pa\u00eds. En cierto modo, Francella ha sido la cara de este personaje en casi todas las producciones de la dupla, sea en la pel\u00edcula <strong>Mi obra maestra<\/strong> (2018) o la serie <strong>El encargado<\/strong> (2022).<\/p>\n<p>Esta repetici\u00f3n de estereotipos hace que la pel\u00edcula, m\u00e1s que parecerse al ingenioso relato sat\u00edrico de Dami\u00e1n Szifr\u00f3n, se asemeje a una versi\u00f3n cinematogr\u00e1fica del programa de televisi\u00f3n <strong>Pon\u00e9 a Francella<\/strong> con una capa de cr\u00edtica social. Si bien hay una clara intenci\u00f3n de polemizar y generar controversia \u2014una marca registrada del d\u00fao desde <strong>El artista<\/strong>\u2014, esta ambici\u00f3n no logra disimular lo que realmente es: una sucesi\u00f3n de estereotipos previsibles.<\/p>\n<p>Lo m\u00e1s cuestionable de <strong>Homo Argentum<\/strong>&nbsp;es la ideolog\u00eda que subyace en su propuesta. El filme presenta a los argentinos como v\u00edctimas de una tragedia sin soluci\u00f3n, una fatalidad que persigue a los ciudadanos desde sus or\u00edgenes y de la que es imposible escapar. El mensaje impl\u00edcito es que esta desgracia no es de origen cultural o pol\u00edtico, sino que es fundacional. Esta visi\u00f3n, que atribuye a la \u00abargentinidad\u00bb un comportamiento miserable e inmutable, es una proyecci\u00f3n ideol\u00f3gica de los directores y no una representaci\u00f3n fiel de una realidad social y culturalmente compleja. Es, en esencia, una cr\u00edtica que nos dice m\u00e1s de la mirada de quien la enuncia que del pa\u00eds que pretende retratar.<\/p>\n<p><iframe src=\"https:\/\/www.youtube.com\/embed\/_Tdk26fRQE0\" width=\"560\" height=\"314\" allowfullscreen=\"allowfullscreen\">[embedded content]<\/iframe><\/p>\n<\/p><\/div>\n","protected":false},"excerpt":{"rendered":"<p>jueves 14 de agosto de 2025 Homo Argentum (2025) es una colecci\u00f3n de 16 cortos \u2014algunos sorprendentemente breves\u2014 que diseccionan la idiosincrasia nacional a trav\u00e9s de personajes arquet\u00edpicos, todos interpretados por Guillermo Francella. Como suele ocurrir en las pel\u00edculas de episodios, como el cl\u00e1sico local Relatos salvajes (2014), la calidad de los segmentos es irregular. [&hellip;]<\/p>\n","protected":false},"author":1,"featured_media":164831,"comment_status":"open","ping_status":"closed","sticky":false,"template":"","format":"standard","meta":[],"categories":[21],"tags":[],"_links":{"self":[{"href":"http:\/\/cordobainforma.info\/index.php\/wp-json\/wp\/v2\/posts\/164830"}],"collection":[{"href":"http:\/\/cordobainforma.info\/index.php\/wp-json\/wp\/v2\/posts"}],"about":[{"href":"http:\/\/cordobainforma.info\/index.php\/wp-json\/wp\/v2\/types\/post"}],"author":[{"embeddable":true,"href":"http:\/\/cordobainforma.info\/index.php\/wp-json\/wp\/v2\/users\/1"}],"replies":[{"embeddable":true,"href":"http:\/\/cordobainforma.info\/index.php\/wp-json\/wp\/v2\/comments?post=164830"}],"version-history":[{"count":0,"href":"http:\/\/cordobainforma.info\/index.php\/wp-json\/wp\/v2\/posts\/164830\/revisions"}],"wp:featuredmedia":[{"embeddable":true,"href":"http:\/\/cordobainforma.info\/index.php\/wp-json\/wp\/v2\/media\/164831"}],"wp:attachment":[{"href":"http:\/\/cordobainforma.info\/index.php\/wp-json\/wp\/v2\/media?parent=164830"}],"wp:term":[{"taxonomy":"category","embeddable":true,"href":"http:\/\/cordobainforma.info\/index.php\/wp-json\/wp\/v2\/categories?post=164830"},{"taxonomy":"post_tag","embeddable":true,"href":"http:\/\/cordobainforma.info\/index.php\/wp-json\/wp\/v2\/tags?post=164830"}],"curies":[{"name":"wp","href":"https:\/\/api.w.org\/{rel}","templated":true}]}}