{"id":164820,"date":"2025-08-14T11:32:33","date_gmt":"2025-08-14T11:32:33","guid":{"rendered":"https:\/\/www.mujerhoy.com\/moda\/no-te-pierdas\/bolsos-perfectos-volver-oficina-bonitos-ponibles-tamano-20250814133232-nt.html"},"modified":"2025-08-14T11:32:33","modified_gmt":"2025-08-14T11:32:33","slug":"estos-bolsos-son-perfectos-para-volver-a-la-oficina-bonitos-ponibles-y-con-tamano-perfecto","status":"publish","type":"post","link":"http:\/\/cordobainforma.info\/index.php\/2025\/08\/14\/estos-bolsos-son-perfectos-para-volver-a-la-oficina-bonitos-ponibles-y-con-tamano-perfecto\/","title":{"rendered":"Estos bolsos son perfectos para volver a la oficina: bonitos, ponibles y con tama\u00f1o perfecto"},"content":{"rendered":"<div class=\"media_block\"><\/div>\n<p><!-- AUTHOR --><\/p>\n<div class=\"voc-author-timesocial \">\n<!-- AUTHOR --><\/p>\n<div class=\"voc-author-timesocial__signature \">\n<!-- IMAGE AUTHOR -->\n<picture class=\"voc-image-signature\">\n<img class=\"voc-image-signature__img\" src=\"http:\/\/cordobainforma.info\/wp-content\/uploads\/2025\/08\/estos-bolsos-son-perfectos-para-volver-a-la-oficina-bonitos-ponibles-y-con-tamano-perfecto.jpg\" alt=\"Lauren Izquierdo\">\n<\/picture>\n<!-- INFO AUTHOR --> <\/div><\/div>\n<p><!-- COMPONENTS --><\/p>\n<p class=\"voc-paragraph\">Las vacaciones se han acabado y dentro de todo lo que necesitas para volver a la rutina con buen pie est\u00e1 <strong>escoger el bolso perfecto<\/strong>. Y ojo porque, para ello, debe cumplir con <strong>tres requisitos clave<\/strong>: ser funcional, tener un dise\u00f1o que encaje con diferentes looks y ofrecer el espacio ideal para llevar lo <strong>imprescindible<\/strong> (y algo m\u00e1s) sin perder la forma. <\/p>\n<p class=\"voc-paragraph\">As\u00ed que, s\u00ed, en este caso, <strong>el tama\u00f1o s\u00ed importa<\/strong>. Debe ser lo bastante amplio para guardar port\u00e1til, agenda, neceser o botella de agua, pero sin resultar aparatoso. Los compartimentos interiores y exteriores son un plus para mantener todo en orden y evitar el <strong>cl\u00e1sico fondo<\/strong> sin fin donde lo pierdes todo (y nunca encuentras nada).<\/p>\n<div class=\"v-c-cmp v-c-cmp--t1 \">\n<div class=\"v-cmp-rld v-cmp-rld--2 \">\n<div class=\"v-cnt-m v-cnt-m--m\">\n<div class=\"v-cnt-m__c\">\n<div class=\"v-cnt-m__w v-cnt-m__w--1\">\n<p class=\"v-cnt-m__t\">\nTAMBI\u00c9N TE INTERESA\n<\/p>\n<\/div>\n<\/div>\n<\/div>\n<div class=\"v-g v-g--2-c v-g--bdr-min-xs\">\n<div class=\"v-g__c \">\n<article class=\"v-a v-a--cmp-rld v-a--cmp-rld-2 v-a--p-l\">\n<div class=\"v-a-img-c\">\n<figure class=\"v-a-fig\">\n<a href=\"https:\/\/www.mujerhoy.com\/moda\/no-te-pierdas\/personalizar-bolso-tendencia-charms-llaveros-pegatinas-20240813133210-nt.html#vtm_modulosEngag=mod-rel:moda:noticia:1:cmp:2-not\" class=\"v-a-link\" title=\"Personalizar tu bolso: as\u00ed es la tendencia que crece en el street style\"><br \/>\n<img loading=\"lazy\" class=\"v-a-img\" src=\"http:\/\/cordobainforma.info\/wp-content\/uploads\/2025\/08\/estos-bolsos-son-perfectos-para-volver-a-la-oficina-bonitos-ponibles-y-con-tamano-perfecto-1.jpg\" alt=\"Personalizar tu bolso: as\u00ed es la tendencia que crece en el street style\"><br \/>\n<\/a><br \/>\n<\/figure>\n<\/div>\n<\/article>\n<\/div>\n<div class=\"v-g__c \">\n<article class=\"v-a v-a--cmp-rld v-a--cmp-rld-2 v-a--p-l\">\n<div class=\"v-a-img-c\">\n<figure class=\"v-a-fig\">\n<a href=\"https:\/\/www.mujerhoy.com\/moda\/no-te-pierdas\/cuatro-bolsos-rebajas-elcorteingles-merece-pena-comprar-20240820125546-nt.html#vtm_modulosEngag=mod-rel:moda:noticia:2:cmp:2-not\" class=\"v-a-link\" title=\"Los bolsos de rebajas de El Corte Ingl\u00e9s que merece la pena comprar\"><br \/>\n<img loading=\"lazy\" class=\"v-a-img\" src=\"http:\/\/cordobainforma.info\/wp-content\/uploads\/2025\/08\/estos-bolsos-son-perfectos-para-volver-a-la-oficina-bonitos-ponibles-y-con-tamano-perfecto-2.jpg\" alt=\"Los bolsos de rebajas de El Corte Ingl\u00e9s que merece la pena comprar\"><br \/>\n<\/a><br \/>\n<\/figure>\n<\/div>\n<\/article>\n<\/div>\n<\/div>\n<\/div>\n<\/div>\n<p class=\"voc-paragraph\">En cuanto al dise\u00f1o, los tonos neutros como el negro, beige, gris o camel son apuestas seguras porque combinan con pr\u00e1cticamente todo. Sin embargo, teniendo en cuenta que vivimos en la <strong>era de los Labubu<\/strong>, los charms, y los detalles son los que reinan en las calles, en las oficinas y hasta en el <strong>bolso de Anna Wintour<\/strong>. <\/p>\n<p><h3 class=\"v-cmp-suh\">\nLos bolsos perfectos para arrasar este verano<br \/>\n<\/h3>\n<\/p>\n<div class=\"v-c-cmp v-c-cmp--s\">\n<div class=\"v-cmp-m \">\n<article class=\"v-a v-a--cmp-m v-c-cmp--m-z\">\n<div class=\"v-a-img-c \">\n<div class=\"v-a-fig\">\n<button class=\"v-a-link\" popovertarget=\"photo-952\"><br \/>\n<img loading=\"lazy\" src=\"http:\/\/cordobainforma.info\/wp-content\/uploads\/2025\/08\/estos-bolsos-son-perfectos-para-volver-a-la-oficina-bonitos-ponibles-y-con-tamano-perfecto-3.jpg\" class=\"v-a-img\" width=\"650\" height=\"650\" alt=\"Bolso marr\u00f3n de ante New York de DeMellier London, 620 euros.\" data-voc-vtm-id=\"in-text-traffic\"> <\/button><figcaption class=\"v-fc\">\n<span class=\"v-fc__t\"><br \/>\nBolso marr\u00f3n de ante New York de DeMellier London, 620 euros.<br \/>\n<\/span><br \/>\n<\/figcaption><\/div>\n<\/div>\n<div id=\"photo-952\" popover class=\"v-mdl v-mdl--fw\">\n<button class=\"v-x\" popovertarget=\"photo-952\" popovertargetaction=\"hide\"><br \/>\n<span class=\"v-i\"><br \/>\n<svg width=\"24\" height=\"23.996\" viewBox=\"0 0 24 23.996\">\n<path data-name=\"Uni\u00f3n 29\" d=\"M12,14.03,2.031,24,0,21.963,9.968,12,0,2.033,2.031,0,12,9.966,21.969,0,24,2.033,14.032,12,24,21.963,21.969,24Z\" \/>\n<\/svg><br \/>\n<\/span><br \/>\n<\/button><\/p>\n<div class=\"v-mdl__c\">\n<div class=\"v-mdl__w\">\n<img loading=\"lazy\" src=\"http:\/\/cordobainforma.info\/wp-content\/uploads\/2025\/08\/estos-bolsos-son-perfectos-para-volver-a-la-oficina-bonitos-ponibles-y-con-tamano-perfecto-3.jpg\" class=\"v-mdl__img-z\" width=\"650\" height=\"650\" alt>\n<\/div>\n<\/div>\n<\/div>\n<p><span class=\"v-bdp\"><\/span><br \/>\n<\/article>\n<\/div>\n<\/div>\n<p class=\"voc-paragraph\"><strong>Bolso marr\u00f3n de ante New York de DeMellier London, 620 euros.<\/strong> Su silueta moderna pero atemporal, confeccionada con materiales sostenibles son perfectas para llevar sobre el hombro. Tiene m\u00faltiples bolsillos y un cierre central magn\u00e9tico, con espacio suficiente para llevar todo lo que necesites.<\/p>\n<div class=\"v-c-cmp v-c-cmp--s\">\n<div class=\"v-cmp-m \">\n<article class=\"v-a v-a--cmp-m v-c-cmp--m-z\">\n<div class=\"v-a-img-c \">\n<div class=\"v-a-fig\">\n<button class=\"v-a-link\" popovertarget=\"photo-782\"><br \/>\n<img loading=\"lazy\" src=\"http:\/\/cordobainforma.info\/wp-content\/uploads\/2025\/08\/estos-bolsos-son-perfectos-para-volver-a-la-oficina-bonitos-ponibles-y-con-tamano-perfecto-4.jpg\" class=\"v-a-img\" width=\"650\" height=\"650\" alt=\"Cyme Edition Textured Taupe de Pol\u00e8ne, 420 euros.\" data-voc-vtm-id=\"in-text-traffic\"> <\/button><figcaption class=\"v-fc\">\n<span class=\"v-fc__t\"><br \/>\nCyme Edition Textured Taupe de Pol\u00e8ne, 420 euros.<br \/>\n<\/span><br \/>\n<\/figcaption><\/div>\n<\/div>\n<div id=\"photo-782\" popover class=\"v-mdl v-mdl--fw\">\n<button class=\"v-x\" popovertarget=\"photo-782\" popovertargetaction=\"hide\"><br \/>\n<span class=\"v-i\"><br \/>\n<svg width=\"24\" height=\"23.996\" viewBox=\"0 0 24 23.996\">\n<path data-name=\"Uni\u00f3n 29\" d=\"M12,14.03,2.031,24,0,21.963,9.968,12,0,2.033,2.031,0,12,9.966,21.969,0,24,2.033,14.032,12,24,21.963,21.969,24Z\" \/>\n<\/svg><br \/>\n<\/span><br \/>\n<\/button><\/p>\n<div class=\"v-mdl__c\">\n<div class=\"v-mdl__w\">\n<img loading=\"lazy\" src=\"http:\/\/cordobainforma.info\/wp-content\/uploads\/2025\/08\/estos-bolsos-son-perfectos-para-volver-a-la-oficina-bonitos-ponibles-y-con-tamano-perfecto-4.jpg\" class=\"v-mdl__img-z\" width=\"650\" height=\"650\" alt>\n<\/div>\n<\/div>\n<\/div>\n<p><span class=\"v-bdp\"><\/span><br \/>\n<\/article>\n<\/div>\n<\/div>\n<p class=\"voc-paragraph\"><strong>Cyme Edition Textured Taupe de Pol\u00e8ne, 420 euros.<\/strong> Quien me conoce sabe que esta marca es como mi Biblia pero, adem\u00e1s, este bolso lo tengo en color negro ya seis a\u00f1os y puedo decir que es uno de mis imprescindibles. Adem\u00e1s, su precio est\u00e1 muy bien teniendo en cuenta que es piel aut\u00e9ntica y que es muy espacioso (pero tambi\u00e9n se puede plegar para que sea m\u00e1s chiquitito). <\/p>\n<div class=\"v-c-cmp v-c-cmp--s\">\n<div class=\"v-cmp-m \">\n<article class=\"v-a v-a--cmp-m v-c-cmp--m-z\">\n<div class=\"v-a-img-c \">\n<div class=\"v-a-fig\">\n<button class=\"v-a-link\" popovertarget=\"photo-115\"><br \/>\n<img loading=\"lazy\" src=\"http:\/\/cordobainforma.info\/wp-content\/uploads\/2025\/08\/estos-bolsos-son-perfectos-para-volver-a-la-oficina-bonitos-ponibles-y-con-tamano-perfecto-5.jpg\" class=\"v-a-img\" width=\"650\" height=\"650\" alt=\"Baby Aloe de Hammerhoj, 179,99 euros.\" data-voc-vtm-id=\"in-text-traffic\"> <\/button><figcaption class=\"v-fc\">\n<span class=\"v-fc__t\"><br \/>\nBaby Aloe de Hammerhoj, 179,99 euros.<br \/>\n<\/span><br \/>\n<\/figcaption><\/div>\n<\/div>\n<div id=\"photo-115\" popover class=\"v-mdl v-mdl--fw\">\n<button class=\"v-x\" popovertarget=\"photo-115\" popovertargetaction=\"hide\"><br \/>\n<span class=\"v-i\"><br \/>\n<svg width=\"24\" height=\"23.996\" viewBox=\"0 0 24 23.996\">\n<path data-name=\"Uni\u00f3n 29\" d=\"M12,14.03,2.031,24,0,21.963,9.968,12,0,2.033,2.031,0,12,9.966,21.969,0,24,2.033,14.032,12,24,21.963,21.969,24Z\" \/>\n<\/svg><br \/>\n<\/span><br \/>\n<\/button><\/p>\n<div class=\"v-mdl__c\">\n<div class=\"v-mdl__w\">\n<img loading=\"lazy\" src=\"http:\/\/cordobainforma.info\/wp-content\/uploads\/2025\/08\/estos-bolsos-son-perfectos-para-volver-a-la-oficina-bonitos-ponibles-y-con-tamano-perfecto-5.jpg\" class=\"v-mdl__img-z\" width=\"650\" height=\"650\" alt>\n<\/div>\n<\/div>\n<\/div>\n<p><span class=\"v-bdp\"><\/span><br \/>\n<\/article>\n<\/div>\n<\/div>\n<p class=\"voc-paragraph\"><strong>Baby Aloe de Hammerhoj, 179,99 euros.<\/strong> Quiz\u00e1s te suene porque esta marca ha arrasado en la Fashion Week de Copenhague. Personalmente, me encanta su estampado y veo que es el punto diferencial de cualquier look que tengas en mente. Ya solo por eso merece la pena.<\/p>\n<div class=\"v-c-cmp v-c-cmp--s\">\n<div class=\"v-cmp-m \">\n<article class=\"v-a v-a--cmp-m v-c-cmp--m-z\">\n<div class=\"v-a-img-c \">\n<div class=\"v-a-fig\">\n<button class=\"v-a-link\" popovertarget=\"photo-83\"><br \/>\n<img loading=\"lazy\" src=\"http:\/\/cordobainforma.info\/wp-content\/uploads\/2025\/08\/estos-bolsos-son-perfectos-para-volver-a-la-oficina-bonitos-ponibles-y-con-tamano-perfecto-6.jpg\" class=\"v-a-img\" width=\"650\" height=\"650\" alt=\"Gianni Chiarini Bolso de hombro tama\u00f1o grande, 115,50 euros.\" data-voc-vtm-id=\"in-text-traffic\"> <\/button><figcaption class=\"v-fc\">\n<span class=\"v-fc__t\"><br \/>\nGianni Chiarini Bolso de hombro tama\u00f1o grande, 115,50 euros.<br \/>\n<\/span><br \/>\n<\/figcaption><\/div>\n<\/div>\n<div id=\"photo-83\" popover class=\"v-mdl v-mdl--fw\">\n<button class=\"v-x\" popovertarget=\"photo-83\" popovertargetaction=\"hide\"><br \/>\n<span class=\"v-i\"><br \/>\n<svg width=\"24\" height=\"23.996\" viewBox=\"0 0 24 23.996\">\n<path data-name=\"Uni\u00f3n 29\" d=\"M12,14.03,2.031,24,0,21.963,9.968,12,0,2.033,2.031,0,12,9.966,21.969,0,24,2.033,14.032,12,24,21.963,21.969,24Z\" \/>\n<\/svg><br \/>\n<\/span><br \/>\n<\/button><\/p>\n<div class=\"v-mdl__c\">\n<div class=\"v-mdl__w\">\n<img loading=\"lazy\" src=\"http:\/\/cordobainforma.info\/wp-content\/uploads\/2025\/08\/estos-bolsos-son-perfectos-para-volver-a-la-oficina-bonitos-ponibles-y-con-tamano-perfecto-6.jpg\" class=\"v-mdl__img-z\" width=\"650\" height=\"650\" alt>\n<\/div>\n<\/div>\n<\/div>\n<p><span class=\"v-bdp\"><\/span><br \/>\n<\/article>\n<\/div>\n<\/div>\n<p class=\"voc-paragraph\"><strong>Gianni Chiarini Bolso de hombro tama\u00f1o grande, 115,50 euros.<\/strong> Su dise\u00f1o confeccionado conn lona incluye pochette en piel a juego. Es llamativo, original y perfecto para aquellas que busquen algo diferente pero a la vez cl\u00e1sico y ponible.<\/p>\n<div class=\"v-c-cmp v-c-cmp--s\">\n<div class=\"v-cmp-m \">\n<article class=\"v-a v-a--cmp-m v-c-cmp--m-z\">\n<div class=\"v-a-img-c \">\n<div class=\"v-a-fig\">\n<button class=\"v-a-link\" popovertarget=\"photo-25\"><br \/>\n<img loading=\"lazy\" src=\"http:\/\/cordobainforma.info\/wp-content\/uploads\/2025\/08\/estos-bolsos-son-perfectos-para-volver-a-la-oficina-bonitos-ponibles-y-con-tamano-perfecto-7.jpg\" class=\"v-a-img\" width=\"650\" height=\"650\" alt=\"Olivia Mareque Bolso shopper grande Petra, 145 euros.\" data-voc-vtm-id=\"in-text-traffic\"> <\/button><figcaption class=\"v-fc\">\n<span class=\"v-fc__t\"><br \/>\nOlivia Mareque Bolso shopper grande Petra, 145 euros.<br \/>\n<\/span><br \/>\n<\/figcaption><\/div>\n<\/div>\n<div id=\"photo-25\" popover class=\"v-mdl v-mdl--fw\">\n<button class=\"v-x\" popovertarget=\"photo-25\" popovertargetaction=\"hide\"><br \/>\n<span class=\"v-i\"><br \/>\n<svg width=\"24\" height=\"23.996\" viewBox=\"0 0 24 23.996\">\n<path data-name=\"Uni\u00f3n 29\" d=\"M12,14.03,2.031,24,0,21.963,9.968,12,0,2.033,2.031,0,12,9.966,21.969,0,24,2.033,14.032,12,24,21.963,21.969,24Z\" \/>\n<\/svg><br \/>\n<\/span><br \/>\n<\/button><\/p>\n<div class=\"v-mdl__c\">\n<div class=\"v-mdl__w\">\n<img loading=\"lazy\" src=\"http:\/\/cordobainforma.info\/wp-content\/uploads\/2025\/08\/estos-bolsos-son-perfectos-para-volver-a-la-oficina-bonitos-ponibles-y-con-tamano-perfecto-7.jpg\" class=\"v-mdl__img-z\" width=\"650\" height=\"650\" alt>\n<\/div>\n<\/div>\n<\/div>\n<p><span class=\"v-bdp\"><\/span><br \/>\n<\/article>\n<\/div>\n<\/div>\n<p class=\"voc-paragraph\"><strong>Olivia Mareque Bolso shopper grande Petra, 145 euros.<\/strong> Es bonito, c\u00f3modo y tiene lo mejor de los dos mundos, gracias a su dise\u00f1o beige con asa multicolor. Perfecto para aquellas que piensen que menos es m\u00e1s.<\/p>\n<div class=\"v-c-cmp v-c-cmp--s\">\n<div class=\"v-cmp-m \">\n<article class=\"v-a v-a--cmp-m v-c-cmp--m-z\">\n<div class=\"v-a-img-c \">\n<div class=\"v-a-fig\">\n<button class=\"v-a-link\" popovertarget=\"photo-254\"><br \/>\n<img loading=\"lazy\" src=\"http:\/\/cordobainforma.info\/wp-content\/uploads\/2025\/08\/estos-bolsos-son-perfectos-para-volver-a-la-oficina-bonitos-ponibles-y-con-tamano-perfecto-8.jpg\" class=\"v-a-img\" width=\"650\" height=\"650\" alt=\"Le Foulonn\u00e9 Bolso shopper XL de Longchamp, 720 euros.\" data-voc-vtm-id=\"in-text-traffic\"> <\/button><figcaption class=\"v-fc\">\n<span class=\"v-fc__t\"><br \/>\nLe Foulonn\u00e9 Bolso shopper XL de Longchamp, 720 euros.<br \/>\n<\/span><br \/>\n<\/figcaption><\/div>\n<\/div>\n<div id=\"photo-254\" popover class=\"v-mdl v-mdl--fw\">\n<button class=\"v-x\" popovertarget=\"photo-254\" popovertargetaction=\"hide\"><br \/>\n<span class=\"v-i\"><br \/>\n<svg width=\"24\" height=\"23.996\" viewBox=\"0 0 24 23.996\">\n<path data-name=\"Uni\u00f3n 29\" d=\"M12,14.03,2.031,24,0,21.963,9.968,12,0,2.033,2.031,0,12,9.966,21.969,0,24,2.033,14.032,12,24,21.963,21.969,24Z\" \/>\n<\/svg><br \/>\n<\/span><br \/>\n<\/button><\/p>\n<div class=\"v-mdl__c\">\n<div class=\"v-mdl__w\">\n<img loading=\"lazy\" src=\"http:\/\/cordobainforma.info\/wp-content\/uploads\/2025\/08\/estos-bolsos-son-perfectos-para-volver-a-la-oficina-bonitos-ponibles-y-con-tamano-perfecto-8.jpg\" class=\"v-mdl__img-z\" width=\"650\" height=\"650\" alt>\n<\/div>\n<\/div>\n<\/div>\n<p><span class=\"v-bdp\"><\/span><br \/>\n<\/article>\n<\/div>\n<\/div>\n<p class=\"voc-paragraph\"><strong>Le Foulonn\u00e9 Bolso shopper XL de Longchamp, 720 euros.<\/strong> Es diferente y te prometo que tienes espacio de sobra para incluir todo lo que necesites durante el d\u00eda. Adem\u00e1s, combina con todo y es uno de esos bolsos que te duran toda la vida. <\/p>\n<div class=\"v-c-cmp v-c-cmp--t1 \">\n<div class=\"v-cmp-rld v-cmp-rld--2 \">\n<div class=\"v-cnt-m v-cnt-m--m\">\n<div class=\"v-cnt-m__c\">\n<div class=\"v-cnt-m__w v-cnt-m__w--1\">\n<p class=\"v-cnt-m__t\">\nTAMBI\u00c9N TE INTERESA\n<\/p>\n<\/div>\n<\/div>\n<\/div>\n<div class=\"v-g v-g--2-c v-g--bdr-min-xs\">\n<div class=\"v-g__c \">\n<article class=\"v-a v-a--cmp-rld v-a--cmp-rld-2 v-a--p-l\">\n<div class=\"v-a-img-c\">\n<figure class=\"v-a-fig\">\n<a href=\"https:\/\/www.mujerhoy.com\/moda\/tendencias\/bolsos-shopper-tamano-perfecto-francesas-20240902132358-nt.html#vtm_modulosEngag=mod-rel:moda:noticia:1:cmp:2-not\" class=\"v-a-link\" title=\"Bolsos shopper con el tama\u00f1o perfecto: los seis favoritos de las francesas\"><br \/>\n<img loading=\"lazy\" class=\"v-a-img\" src=\"http:\/\/cordobainforma.info\/wp-content\/uploads\/2025\/08\/estos-bolsos-son-perfectos-para-volver-a-la-oficina-bonitos-ponibles-y-con-tamano-perfecto-9.jpg\" alt=\"Bolsos shopper con el tama\u00f1o perfecto: los seis favoritos de las francesas\"><br \/>\n<\/a><br \/>\n<\/figure>\n<\/div>\n<\/article>\n<\/div>\n<div class=\"v-g__c \">\n<article class=\"v-a v-a--cmp-rld v-a--cmp-rld-2 v-a--p-l\">\n<div class=\"v-a-img-c\">\n<figure class=\"v-a-fig\">\n<a href=\"https:\/\/www.mujerhoy.com\/moda\/tendencias\/bolsos-xl-tendencia-comoda-elegante-complementos-otono-20240903073917-nt.html#vtm_modulosEngag=mod-rel:moda:noticia:2:cmp:2-not\" class=\"v-a-link\" title=\"Bolsos XL, la tendencia m\u00e1s c\u00f3moda de este oto\u00f1o que van a defender con estilo las mujeres de 50\"><br \/>\n<img loading=\"lazy\" class=\"v-a-img\" src=\"http:\/\/cordobainforma.info\/wp-content\/uploads\/2025\/08\/estos-bolsos-son-perfectos-para-volver-a-la-oficina-bonitos-ponibles-y-con-tamano-perfecto-10.jpg\" alt=\"Bolsos XL, la tendencia m\u00e1s c\u00f3moda de este oto\u00f1o que van a defender con estilo las mujeres de 50\"><br \/>\n<\/a><br \/>\n<\/figure>\n<\/div>\n<\/article>\n<\/div>\n<\/div>\n<\/div>\n<\/div>\n","protected":false},"excerpt":{"rendered":"<p>Las vacaciones se han acabado y dentro de todo lo que necesitas para volver a la rutina con buen pie est\u00e1 escoger el bolso perfecto. Y ojo porque, para ello, debe cumplir con tres requisitos clave: ser funcional, tener un dise\u00f1o que encaje con diferentes looks y ofrecer el espacio ideal para llevar lo imprescindible [&hellip;]<\/p>\n","protected":false},"author":1,"featured_media":164821,"comment_status":"closed","ping_status":"closed","sticky":false,"template":"","format":"standard","meta":[],"categories":[24],"tags":[],"_links":{"self":[{"href":"http:\/\/cordobainforma.info\/index.php\/wp-json\/wp\/v2\/posts\/164820"}],"collection":[{"href":"http:\/\/cordobainforma.info\/index.php\/wp-json\/wp\/v2\/posts"}],"about":[{"href":"http:\/\/cordobainforma.info\/index.php\/wp-json\/wp\/v2\/types\/post"}],"author":[{"embeddable":true,"href":"http:\/\/cordobainforma.info\/index.php\/wp-json\/wp\/v2\/users\/1"}],"replies":[{"embeddable":true,"href":"http:\/\/cordobainforma.info\/index.php\/wp-json\/wp\/v2\/comments?post=164820"}],"version-history":[{"count":0,"href":"http:\/\/cordobainforma.info\/index.php\/wp-json\/wp\/v2\/posts\/164820\/revisions"}],"wp:featuredmedia":[{"embeddable":true,"href":"http:\/\/cordobainforma.info\/index.php\/wp-json\/wp\/v2\/media\/164821"}],"wp:attachment":[{"href":"http:\/\/cordobainforma.info\/index.php\/wp-json\/wp\/v2\/media?parent=164820"}],"wp:term":[{"taxonomy":"category","embeddable":true,"href":"http:\/\/cordobainforma.info\/index.php\/wp-json\/wp\/v2\/categories?post=164820"},{"taxonomy":"post_tag","embeddable":true,"href":"http:\/\/cordobainforma.info\/index.php\/wp-json\/wp\/v2\/tags?post=164820"}],"curies":[{"name":"wp","href":"https:\/\/api.w.org\/{rel}","templated":true}]}}