{"id":164810,"date":"2025-08-14T10:39:04","date_gmt":"2025-08-14T10:39:04","guid":{"rendered":"http:\/\/cordobainforma.info\/index.php\/2025\/08\/14\/cordoba-llevaba-casi-2-kilos-de-cocaina-se-oculto-en-una-estacion-de-servicio-y-quedo-detenida\/"},"modified":"2025-08-14T10:39:04","modified_gmt":"2025-08-14T10:39:04","slug":"cordoba-llevaba-casi-2-kilos-de-cocaina-se-oculto-en-una-estacion-de-servicio-y-quedo-detenida","status":"publish","type":"post","link":"http:\/\/cordobainforma.info\/index.php\/2025\/08\/14\/cordoba-llevaba-casi-2-kilos-de-cocaina-se-oculto-en-una-estacion-de-servicio-y-quedo-detenida\/","title":{"rendered":"C\u00f3rdoba: llevaba casi 2 kilos de coca\u00edna, se ocult\u00f3 en una estaci\u00f3n de servicio y qued\u00f3 detenida"},"content":{"rendered":"<div class=\"media_block\"><\/div>\n<div><img src=\"http:\/\/cordobainforma.info\/wp-content\/uploads\/2025\/08\/cordoba-llevaba-casi-2-kilos-de-cocaina-se-oculto-en-una-estacion-de-servicio-y-quedo-detenida.jpg\" class=\"ff-og-image-inserted\"><\/div>\n<p>Una <strong>mujer<\/strong>, de 25 a\u00f1os, fue detenida en una<strong> estaci\u00f3n de servicio<\/strong> de <strong>barrio VIPRO<\/strong> de la ciudad de C\u00f3rdoba y le secuestraron <strong>dos ladrillos de coca\u00edna<\/strong> y un tel\u00e9fono celular.<\/p>\n<p class=\"destacadoNota\"><a target=\"_blank\" href=\"https:\/\/www.perfil.com\/noticias\/cordoba\/prision-preventiva-a-los-siete-imputados-del-caso-marquez-y-asociados.phtml\" rel=\"noopener noreferrer\">Prisi\u00f3n preventiva a los siete imputados del caso M\u00e1rquez y Asociados<\/a><\/p>\n<h2>\u201cDos paquetes envueltos\u201d<\/h2>\n<p>\u201cEn el transcurso de la tarde, la base de c\u00e1mara de la Polic\u00eda observa una mujer manipulando <strong>un arma de fuego<\/strong> en la v\u00eda p\u00fablica por lo que se comisiona un m\u00f3vil policial a la<strong> avenida 11 de septiembre 3461<\/strong>, donde funciona una<strong> estaci\u00f3n de servicios YPF<\/strong>\u201d, explic\u00f3 el comisario inspector <strong>Alfredo Gonz\u00e1lez<\/strong>.<\/p>\n<p>\u201cAl llegar al lugar y al chequear los ba\u00f1os, observa que esta mujer se encontraba escondida. Ten\u00eda entre sus pertenencias<strong> dos paquetes envueltos<\/strong>, de un kilo aproximadamente, compatible con <strong>clorhidrato de coca\u00edna<\/strong>\u201d, agreg\u00f3 el jefe del Distrito 16.<\/p>\n<p class=\"destacadoNota\"><a target=\"_blank\" href=\"https:\/\/www.perfil.com\/noticias\/cordoba\/abren-sumario-a-la-fiscal-daniela-maluf-por-filtrar-examen-judicial.phtml\" rel=\"noopener noreferrer\">Abren sumario a la fiscal Daniela Maluf por filtrar examen judicial<\/a><\/p>\n<h2>Operativo<\/h2>\n<p>Durante el procedimiento se incautaron los <strong>dos ladrillos de clorhidrato de coca\u00edna<\/strong> y un tel\u00e9fono celular.<\/p>\n<p>La mujer fue trasladada a sede judicial junto a lo incautado. En el operativo colaboraron tambi\u00e9n miembros de la<strong> Fuerza Policial Antinarcotr\u00e1fico (FPA)<\/strong>.<\/p>\n","protected":false},"excerpt":{"rendered":"<p>Una mujer, de 25 a\u00f1os, fue detenida en una estaci\u00f3n de servicio de barrio VIPRO de la ciudad de C\u00f3rdoba y le secuestraron dos ladrillos de coca\u00edna y un tel\u00e9fono celular. Prisi\u00f3n preventiva a los siete imputados del caso M\u00e1rquez y Asociados \u201cDos paquetes envueltos\u201d \u201cEn el transcurso de la tarde, la base de c\u00e1mara [&hellip;]<\/p>\n","protected":false},"author":1,"featured_media":164811,"comment_status":"closed","ping_status":"closed","sticky":false,"template":"","format":"standard","meta":[],"categories":[2],"tags":[],"_links":{"self":[{"href":"http:\/\/cordobainforma.info\/index.php\/wp-json\/wp\/v2\/posts\/164810"}],"collection":[{"href":"http:\/\/cordobainforma.info\/index.php\/wp-json\/wp\/v2\/posts"}],"about":[{"href":"http:\/\/cordobainforma.info\/index.php\/wp-json\/wp\/v2\/types\/post"}],"author":[{"embeddable":true,"href":"http:\/\/cordobainforma.info\/index.php\/wp-json\/wp\/v2\/users\/1"}],"replies":[{"embeddable":true,"href":"http:\/\/cordobainforma.info\/index.php\/wp-json\/wp\/v2\/comments?post=164810"}],"version-history":[{"count":0,"href":"http:\/\/cordobainforma.info\/index.php\/wp-json\/wp\/v2\/posts\/164810\/revisions"}],"wp:featuredmedia":[{"embeddable":true,"href":"http:\/\/cordobainforma.info\/index.php\/wp-json\/wp\/v2\/media\/164811"}],"wp:attachment":[{"href":"http:\/\/cordobainforma.info\/index.php\/wp-json\/wp\/v2\/media?parent=164810"}],"wp:term":[{"taxonomy":"category","embeddable":true,"href":"http:\/\/cordobainforma.info\/index.php\/wp-json\/wp\/v2\/categories?post=164810"},{"taxonomy":"post_tag","embeddable":true,"href":"http:\/\/cordobainforma.info\/index.php\/wp-json\/wp\/v2\/tags?post=164810"}],"curies":[{"name":"wp","href":"https:\/\/api.w.org\/{rel}","templated":true}]}}