{"id":164808,"date":"2025-08-13T20:52:02","date_gmt":"2025-08-13T20:52:02","guid":{"rendered":"https:\/\/cordoba.gob.ar\/?p=80133"},"modified":"2025-08-13T20:52:02","modified_gmt":"2025-08-13T20:52:02","slug":"el-mercado-de-abasto-ya-tiene-una-imagen-de-mama-antula-en-su-plazoleta-de-ingreso","status":"publish","type":"post","link":"http:\/\/cordobainforma.info\/index.php\/2025\/08\/13\/el-mercado-de-abasto-ya-tiene-una-imagen-de-mama-antula-en-su-plazoleta-de-ingreso\/","title":{"rendered":"El Mercado de Abasto ya tiene una imagen de Mama Antula en su plazoleta de ingreso"},"content":{"rendered":"<div><img src=\"http:\/\/cordobainforma.info\/wp-content\/uploads\/2025\/08\/el-mercado-de-abasto-ya-tiene-una-imagen-de-mama-antula-en-su-plazoleta-de-ingreso.jpg\" class=\"ff-og-image-inserted\"><\/div>\n<ul>\n<li data-prosemirror-content-type=\"node\" data-prosemirror-node-name=\"paragraph\" data-prosemirror-node-block=\"true\"><strong><strong>El homenaje representa una oportunidad para fortalecer los lazos entre la espiritualidad, la vida social y el compromiso con el bien com\u00fan.<\/strong><\/strong><br \/>\n<hr>\n<\/li>\n<\/ul>\n<p data-prosemirror-content-type=\"node\" data-prosemirror-node-name=\"paragraph\" data-prosemirror-node-block=\"true\">Mama Antula, la primera santa argentina y madre espiritual de la naci\u00f3n, recibir\u00e1 a todos los trabajadores y comerciantes del Mercado de Abasto, tras la colocaci\u00f3n de una imagen entronizada este mi\u00e9rcoles 13 de agosto.<\/p>\n<p data-prosemirror-content-type=\"node\" data-prosemirror-node-name=\"paragraph\" data-prosemirror-node-block=\"true\">La elecci\u00f3n del sitio busca acercar este s\u00edmbolo de fe y justicia a vecinos, trabajadores y comerciantes, revalorizando su figura en un espacio de gran actividad comunitaria.<\/p>\n<p data-prosemirror-content-type=\"node\" data-prosemirror-node-name=\"paragraph\" data-prosemirror-node-block=\"true\">La intervenci\u00f3n fue impulsada por la C\u00e1tedra Abierta \u201cMama Antula\u201d de la Universidad Provincial de C\u00f3rdoba, junto a la Academia Mundial de Justicia Restaurativa (AMJUR), el Instituto Sor Mar\u00eda Antonia de Paz y Figueroa y la Municipalidad de C\u00f3rdoba.<\/p>\n<p data-prosemirror-content-type=\"node\" data-prosemirror-node-name=\"paragraph\" data-prosemirror-node-block=\"true\">De la ceremonia participaron estudiantes del Instituto Sor Mar\u00eda Antonia de Paz y Figueroa, mientras que la bendici\u00f3n estuvo a cargo del padre rector de la Universidad Cat\u00f3lica de C\u00f3rdoba, Andr\u00e9s Aguerre.<\/p>\n<p data-prosemirror-content-type=\"node\" data-prosemirror-node-name=\"paragraph\" data-prosemirror-node-block=\"true\">El homenaje representa una oportunidad para fortalecer los lazos entre la espiritualidad, la vida social y el compromiso con el bien com\u00fan, reafirmando los valores de justicia, inclusi\u00f3n y servicio al pr\u00f3jimo que marcaron la vida de Mama Antula.<\/p>\n<p data-prosemirror-content-type=\"node\" data-prosemirror-node-name=\"paragraph\" data-prosemirror-node-block=\"true\">Estuvieron presente Mariano Almada, secretario de Relaciones con la Comunidad y Culto de la Provincia; Nahuel Escobar, vicepresidente de la Agencia C\u00f3rdoba Joven; los legisladores Juan Blangino y Charo Acevedo y representantes del Arzobispado.<\/p>\n<p data-prosemirror-content-type=\"node\" data-prosemirror-node-name=\"paragraph\" data-prosemirror-node-block=\"true\">Tambi\u00e9n asistieron autoridades como Daniel Artaza, vicerrector de la Universidad Provincial de C\u00f3rdoba; Ezequiel Hormaeche, director ejecutivo del Ente Municipal de Fiscalizaci\u00f3n y Control; Mat\u00edas P\u00e9rez, gerente de Mercados del Ente Municipal de Fiscalizaci\u00f3n y Control; C\u00e9sar Chavarri, director del Mercado de Abasto; Mar\u00eda Bel\u00e9n Santini, directora del Mercado Norte y Sud; Mara Pedicino, directora general de Culto de la Municipalidad; ; los concejales Marcos V\u00e1zquez y Miriam Aparicio.<\/p>\n<p data-prosemirror-content-type=\"node\" data-prosemirror-node-name=\"paragraph\" data-prosemirror-node-block=\"true\"><strong data-prosemirror-content-type=\"mark\" data-prosemirror-mark-name=\"strong\">Mama Antula<\/strong><\/p>\n<p data-prosemirror-content-type=\"node\" data-prosemirror-node-name=\"paragraph\" data-prosemirror-node-block=\"true\">La pieza es una estatuilla creada por el artista Pancho De Viola, realizada en yeso cementino, con terminaciones de esmalte seco. Fue donada desde la Universidad Provincial de C\u00f3rdoba a la Academia Mundial de Justicia Restaurativa (AMJUR), que decidi\u00f3 entronizarla en el Mercado de Abasto. Esta entronizaci\u00f3n muestra la influencia de Mama Antula en la devoci\u00f3n popular de San Cayetano, patrono del pan y el trabajo.<\/p>\n<p data-prosemirror-content-type=\"node\" data-prosemirror-node-name=\"paragraph\" data-prosemirror-node-block=\"true\">Bautizada con el nombre Mar\u00eda Antonia de Paz y Figueroa, fue una laica consagrada nacida en Santiago del Estero en 1730. Su legado espiritual, educativo y social la convirti\u00f3 en una figura central en la historia argentina. Es reconocida por su valiente trabajo de peregrinaci\u00f3n y pr\u00e9dica de los ejercicios espirituales de San Ignacio, promovidos por los jesuitas, luego de su expulsi\u00f3n por los colonizadores espa\u00f1oles de las tierras de Am\u00e9rica del Sur.<\/p>\n<p data-prosemirror-content-type=\"node\" data-prosemirror-node-name=\"paragraph\" data-prosemirror-node-block=\"true\">En febrero de 2024 fue canonizada por el Papa Francisco, siendo reconocida como la primera santa argentina.<\/p>\n","protected":false},"excerpt":{"rendered":"<p>El homenaje representa una oportunidad para fortalecer los lazos entre la espiritualidad, la vida social y el compromiso con el bien com\u00fan. Mama Antula, la primera santa argentina y madre espiritual de la naci\u00f3n, recibir\u00e1 a todos los trabajadores y comerciantes del Mercado de Abasto, tras la colocaci\u00f3n de una imagen entronizada este mi\u00e9rcoles 13 [&hellip;]<\/p>\n","protected":false},"author":1,"featured_media":164809,"comment_status":"closed","ping_status":"closed","sticky":false,"template":"","format":"standard","meta":[],"categories":[2],"tags":[],"_links":{"self":[{"href":"http:\/\/cordobainforma.info\/index.php\/wp-json\/wp\/v2\/posts\/164808"}],"collection":[{"href":"http:\/\/cordobainforma.info\/index.php\/wp-json\/wp\/v2\/posts"}],"about":[{"href":"http:\/\/cordobainforma.info\/index.php\/wp-json\/wp\/v2\/types\/post"}],"author":[{"embeddable":true,"href":"http:\/\/cordobainforma.info\/index.php\/wp-json\/wp\/v2\/users\/1"}],"replies":[{"embeddable":true,"href":"http:\/\/cordobainforma.info\/index.php\/wp-json\/wp\/v2\/comments?post=164808"}],"version-history":[{"count":0,"href":"http:\/\/cordobainforma.info\/index.php\/wp-json\/wp\/v2\/posts\/164808\/revisions"}],"wp:featuredmedia":[{"embeddable":true,"href":"http:\/\/cordobainforma.info\/index.php\/wp-json\/wp\/v2\/media\/164809"}],"wp:attachment":[{"href":"http:\/\/cordobainforma.info\/index.php\/wp-json\/wp\/v2\/media?parent=164808"}],"wp:term":[{"taxonomy":"category","embeddable":true,"href":"http:\/\/cordobainforma.info\/index.php\/wp-json\/wp\/v2\/categories?post=164808"},{"taxonomy":"post_tag","embeddable":true,"href":"http:\/\/cordobainforma.info\/index.php\/wp-json\/wp\/v2\/tags?post=164808"}],"curies":[{"name":"wp","href":"https:\/\/api.w.org\/{rel}","templated":true}]}}