{"id":164806,"date":"2025-08-13T22:15:58","date_gmt":"2025-08-13T22:15:58","guid":{"rendered":"https:\/\/cordoba.gob.ar\/?p=80137"},"modified":"2025-08-13T22:15:58","modified_gmt":"2025-08-13T22:15:58","slug":"sube-el-palacio-6-de-julio-abrira-el-viernes-y-sabado-para-activar-la-tarifa-social-para-personas-mayores-de-70-anos","status":"publish","type":"post","link":"http:\/\/cordobainforma.info\/index.php\/2025\/08\/13\/sube-el-palacio-6-de-julio-abrira-el-viernes-y-sabado-para-activar-la-tarifa-social-para-personas-mayores-de-70-anos\/","title":{"rendered":"SUBE: el Palacio 6 de Julio abrir\u00e1 el viernes y s\u00e1bado para activar la Tarifa Social para Personas Mayores de 70 a\u00f1os"},"content":{"rendered":"<div><img src=\"http:\/\/cordobainforma.info\/wp-content\/uploads\/2025\/08\/sube-el-palacio-6-de-julio-abrira-el-viernes-y-sabado-para-activar-la-tarifa-social-para-personas-mayores-de-70-anos.jpg\" class=\"ff-og-image-inserted\"><\/div>\n<ul>\n<li><strong>Para quienes ya tengan su tarjeta SUBE y est\u00e9n abarcados por el beneficio, se recomienda evitar traslados y activarlo al tomar el colectivo, con previo aviso al chofer antes de abonar el pasaje.<\/strong><\/li>\n<li><strong>Aquellos que a\u00fan no posean el pl\u00e1stico, concurrir personalmente a la Municipalidad con DNI f\u00edsico.<\/strong><\/li>\n<\/ul>\n<hr>\n<p>Para facilitar la activaci\u00f3n de la Tarifa Social para Personas Mayores de 70 a\u00f1os, la Municipalidad de C\u00f3rdoba abrir\u00e1 sus puertas el viernes y s\u00e1bado, de 08:00 a 16:00 horas. A los cordobeses y cordobesas abarcadas por el beneficio se les realizar\u00e1 la entrega de la tarjeta SUBE para abonar el transporte con sus 40 pasajes mensuales gratuitos.<\/p>\n<p>Quienes a\u00fan no posean su tarjeta SUBE podr\u00e1n acudir al Palacio 6 de Julio con DNI en mano. Aquellos que ya la hayan retirado no precisan asistir presencialmente: recomendamos activar su beneficio anunciando al chofer del colectivo antes de abonar que desean activar la Tarifa Social para Personas Mayores de 70 a\u00f1os. Tambi\u00e9n desde celulares que posean tecnolog\u00eda NFC, directamente desde la aplicaci\u00f3n de SUBE.<\/p>\n<p>El usuario que cuente con la Tarifa Social Federal podr\u00e1 mantenerla en conjunto con los abonos municipales: primero se utilizan los 40 pasajes gratuitos locales de la Tarifa Social para Personas Mayores de 70 a\u00f1os; una vez agotados se aplica el descuento del 55% correspondiente al beneficio nacional para los siguientes viajes.<\/p>\n<p>La Tarifa Social para Personas Mayores de 70 a\u00f1os continuar\u00e1 vigente en la tarjeta Red Bus hasta el 31 de agosto. Quienes posean cr\u00e9dito en la tarjeta luego de esa fecha la podr\u00e1n seguir utilizando.<\/p>\n<p>Adem\u00e1s, de lunes a viernes es posible retirar la SUBE y activar el beneficio en los siguientes puntos:<\/p>\n<p>\u2022 Boleter\u00edas 40 y 41 de FAM, ubicadas en la Terminal de \u00d3mnibus T1, de 08:00 a 18:00 horas.<br \/>\u2022 Boleter\u00eda 45 de Coniferal, en la Terminal de \u00d3mnibus T1, de 09:00 a 16:00 horas.<br \/>\u2022 Boleter\u00eda 85 de Tamsau, en la nueva Terminal de \u00d3mnibus, de 09:00 a 16:00 horas.<br \/>\u2022 Boleter\u00eda 86 de S\u00edBus, en la nueva Terminal de \u00d3mnibus, de lunes a jueves de 09:00 a 16:30 y los viernes de 09:00 a 15:30 horas.<\/p>\n","protected":false},"excerpt":{"rendered":"<p>Para quienes ya tengan su tarjeta SUBE y est\u00e9n abarcados por el beneficio, se recomienda evitar traslados y activarlo al tomar el colectivo, con previo aviso al chofer antes de abonar el pasaje. Aquellos que a\u00fan no posean el pl\u00e1stico, concurrir personalmente a la Municipalidad con DNI f\u00edsico. Para facilitar la activaci\u00f3n de la Tarifa [&hellip;]<\/p>\n","protected":false},"author":1,"featured_media":164807,"comment_status":"closed","ping_status":"closed","sticky":false,"template":"","format":"standard","meta":[],"categories":[2],"tags":[],"_links":{"self":[{"href":"http:\/\/cordobainforma.info\/index.php\/wp-json\/wp\/v2\/posts\/164806"}],"collection":[{"href":"http:\/\/cordobainforma.info\/index.php\/wp-json\/wp\/v2\/posts"}],"about":[{"href":"http:\/\/cordobainforma.info\/index.php\/wp-json\/wp\/v2\/types\/post"}],"author":[{"embeddable":true,"href":"http:\/\/cordobainforma.info\/index.php\/wp-json\/wp\/v2\/users\/1"}],"replies":[{"embeddable":true,"href":"http:\/\/cordobainforma.info\/index.php\/wp-json\/wp\/v2\/comments?post=164806"}],"version-history":[{"count":0,"href":"http:\/\/cordobainforma.info\/index.php\/wp-json\/wp\/v2\/posts\/164806\/revisions"}],"wp:featuredmedia":[{"embeddable":true,"href":"http:\/\/cordobainforma.info\/index.php\/wp-json\/wp\/v2\/media\/164807"}],"wp:attachment":[{"href":"http:\/\/cordobainforma.info\/index.php\/wp-json\/wp\/v2\/media?parent=164806"}],"wp:term":[{"taxonomy":"category","embeddable":true,"href":"http:\/\/cordobainforma.info\/index.php\/wp-json\/wp\/v2\/categories?post=164806"},{"taxonomy":"post_tag","embeddable":true,"href":"http:\/\/cordobainforma.info\/index.php\/wp-json\/wp\/v2\/tags?post=164806"}],"curies":[{"name":"wp","href":"https:\/\/api.w.org\/{rel}","templated":true}]}}