{"id":164770,"date":"2025-08-13T23:39:29","date_gmt":"2025-08-13T23:39:29","guid":{"rendered":"https:\/\/www.clarin.com\/deportes\/juegos-panamericanos-junior-asuncion-2025-dia-5-agostina-hein-enorme-actuacion-coronada-oro-natacion_0_CPOJAoFKKo.html"},"modified":"2025-08-13T23:39:29","modified_gmt":"2025-08-13T23:39:29","slug":"juegos-panamericanos-junior-asuncion-2025-dia-5-agostina-hein-y-otra-enorme-actuacion-coronada-con-oro-en-natacion","status":"publish","type":"post","link":"http:\/\/cordobainforma.info\/index.php\/2025\/08\/13\/juegos-panamericanos-junior-asuncion-2025-dia-5-agostina-hein-y-otra-enorme-actuacion-coronada-con-oro-en-natacion\/","title":{"rendered":"Juegos Panamericanos Junior Asunci\u00f3n 2025, d\u00eda 5: Agostina Hein y otra enorme actuaci\u00f3n coronada con oro en nataci\u00f3n"},"content":{"rendered":"<p><img src=\"http:\/\/cordobainforma.info\/wp-content\/uploads\/2025\/08\/juegos-panamericanos-junior-asuncion-2025-dia-5-agostina-hein-y-otra-enorme-actuacion-coronada-con-oro-en-natacion.jpg\"><\/p>\n<div><img src=\"http:\/\/cordobainforma.info\/wp-content\/uploads\/2025\/08\/juegos-panamericanos-junior-asuncion-2025-dia-5-agostina-hein-y-otra-enorme-actuacion-coronada-con-oro-en-natacion-2.jpg\" class=\"ff-og-image-inserted\"><\/div>\n<div id=\"element-body-0\" readability=\"61\">\n<p><strong>Agostina Hein<\/strong> coron\u00f3 con un oro otra enorme actuaci\u00f3n en los <strong>Juegos Panamericanos Junior de Asunci\u00f3n<\/strong>. La nadadora de Campana consigui\u00f3 su segunda medalla dorada -y la cuarta de ese metal de la nataci\u00f3n y de la delegaci\u00f3n argentina- al imponerse en la final de los 400 metros medley con un tiempo de 4m38s41, nuevo r\u00e9cord del evento.<\/p>\n<\/div>\n<div id=\"element-body-1\" readability=\"64\">\n<p>La bonaerense, de 17 a\u00f1os, vol\u00f3 en la pileta del <em>Centro Acu\u00e1tico<\/em> de la capital paraguaya. Le sac\u00f3 11s03 a su compatriota <strong>Magdalena Portela<\/strong> Walter, que se llev\u00f3 la plata, y 12s42 a la brasile\u00f1a <strong>Agatha Amaral<\/strong>, que fue bronce.<\/p>\n<\/div>\n<div id=\"element-body-2\" readability=\"63\">\n<p>Adem\u00e1s, baj\u00f3 en casi tres segundos el que era su mejor registro en esa distancia, los 4m41s75 que hab\u00eda marcado en mayo en el <strong>Campeonato Argentino<\/strong> de mayores. Y qued\u00f3 a menos de un segundo del r\u00e9cord nacional absoluto de 4m37s51 con el que <strong>Georgina Bardach<\/strong> gan\u00f3 el bronce ol\u00edmpico en <strong>Atenas 2004<\/strong>, a d\u00edas de cumplir 21 a\u00f1os.<\/p>\n<\/div>\n<div id=\"element-body-3\" readability=\"63\">\n<p>\u00ab<strong>Muy contenta con el tiempo. Nos quedamos ah\u00ed nom\u00e1s del r\u00e9cord de Georgina, que es mi \u00eddola. Es una marca que ven\u00edamos buscando hace bastante y sab\u00edamos que pod\u00eda llegar<\/strong>. Estoy muy feliz. Esto es el principio de cara al Mundial Junior\u00bb, coment\u00f3 Agostina, que tras los Panamericanos viajar\u00e1 a <strong>Rumania <\/strong>para disputar el certamen ecum\u00e9nico de su categor\u00eda. <\/p>\n<\/div>\n<div id=\"element-body-4\" readability=\"30.232432432432\">\n<blockquote class=\"twitter-tweet\" readability=\"9.7810810810811\">\n<p lang=\"es\" dir=\"ltr\">\u00a1DORADA para AGOSTINA HEIN y PLATEADA para MAGDALENA PORTELA en NATACI\u00d3N!\ud83e\udd47\ud83e\udd48\ud83c\udfca\u200d\u2640\ufe0f\ud83c\udde6\ud83c\uddf7<\/p>\n<p>As\u00ed fue como Agostina Hein finaliz\u00f3 primera y Magdalena Portela segunda en la final de los 400 metros combinados. Es la segunda dorada para Hein, con otro r\u00e9cord Panamericano juvenil para ella. <a href=\"https:\/\/t.co\/A8KntDqsG6\">pic.twitter.com\/A8KntDqsG6<\/a><\/p>\n<p>\u2014 TyC Sports (@TyCSports) <a href=\"https:\/\/twitter.com\/TyCSports\/status\/1955764662135386557?ref_src=twsrc%5Etfw\">August 13, 2025<\/a><\/p><\/blockquote><\/div>\n<div id=\"element-body-5\" readability=\"60\">\n<p>Un rato m\u00e1s tarde, volvi\u00f3 a tirarse al agua y gan\u00f3 la plata en el relevo 4&#215;200 libre femenino junto a Portela Walter, <strong>Luc\u00eda Gauna<\/strong> y <strong>Malena Santill\u00e1n<\/strong>.<\/p>\n<\/div>\n<div id=\"element-body-6\" readability=\"65\">\n<p>El domingo, Hein le hab\u00eda regalado a Argentina su primera dorada en Asunci\u00f3n al coronarse en los 400 metros libre con 4m06s96, nuevo r\u00e9cord panamericano junior y una marca apenas mayor que el r\u00e9cord nacional de 4m06s61 de <strong>Delfina Pignatiello<\/strong>, vigente desde junio de 2019. En aquella ocasi\u00f3n, tambi\u00e9n hab\u00eda destrozado su mejor registro previo, los 4m13s41 que hab\u00eda conseguido por la ma\u00f1ana en la serie de clasificaci\u00f3n. <\/p>\n<\/div>\n<div id=\"element-body-7\" readability=\"57\">\n<p>La nataci\u00f3n no fue el \u00fanico deporte que aliment\u00f3 este mi\u00e9rcoles el medallero albiceleste. <\/p>\n<\/div>\n<div id=\"element-body-8\" readability=\"63\">\n<p>El porte\u00f1o <strong>Santino Menin<\/strong>, de 22 a\u00f1os, se subi\u00f3 al segundo escal\u00f3n del podio del par de remos corto, en la \u00faltima jornada de competencia de su deporte. El primer lugar fue para el uruguayo Luciano Garc\u00eda y el tercero, para el brasile\u00f1o Marcelo de Almeida.<\/p>\n<\/div>\n<div id=\"element-body-10\" readability=\"64\">\n<p>En tanto, la mendocina <strong>Julieta Benedetti<\/strong> se colg\u00f3 la plata en el Omnium del ciclismo pista con 131 puntos, apenas tres menos de los que acumul\u00f3 la colombiana <strong>Luciana Osorio<\/strong>, ganadora del oro. Fue su segunda medalla en los Juegos, ya que el domingo hab\u00eda terminado tambi\u00e9n segunda en la contrarreloj individual de ruta. <\/p>\n<\/div>\n<div id=\"element-body-11\" readability=\"62\">\n<p>Y el santafesino <strong>Alejo Betique<\/strong> fue bronce en velocidad individual, al vencer al colombiano Francisco Jaramillo en el duelo por el tercer puesto. El oro fue para Nicol\u00e1s Olivera, tambi\u00e9n de Colombia, y la plata para el venezolano Alberto Torres. <\/p>\n<\/div>\n<div id=\"element-body-12\" readability=\"63\">\n<p><strong>Argentina <\/strong>marcha sexta en el medallero con 34 preseas, 4 oros, 18 platas y 12 bronces. El podio lo integran <strong>Brasil <\/strong>(44-21-26), <strong>Estados Unidos <\/strong>(14-21-20) y <strong>Chile <\/strong>(13-6-10). <strong>Colombia <\/strong>est\u00e1 cuarto con 12-9-16 y <strong>M\u00e9xico<\/strong>, quinto con 8-15-15.<\/p>\n<\/div>\n","protected":false},"excerpt":{"rendered":"<p>Agostina Hein coron\u00f3 con un oro otra enorme actuaci\u00f3n en los Juegos Panamericanos Junior de Asunci\u00f3n. La nadadora de Campana consigui\u00f3 su segunda medalla dorada -y la cuarta de ese metal de la nataci\u00f3n y de la delegaci\u00f3n argentina- al imponerse en la final de los 400 metros medley con un tiempo de 4m38s41, nuevo [&hellip;]<\/p>\n","protected":false},"author":1,"featured_media":164771,"comment_status":"closed","ping_status":"closed","sticky":false,"template":"","format":"standard","meta":[],"categories":[20],"tags":[],"_links":{"self":[{"href":"http:\/\/cordobainforma.info\/index.php\/wp-json\/wp\/v2\/posts\/164770"}],"collection":[{"href":"http:\/\/cordobainforma.info\/index.php\/wp-json\/wp\/v2\/posts"}],"about":[{"href":"http:\/\/cordobainforma.info\/index.php\/wp-json\/wp\/v2\/types\/post"}],"author":[{"embeddable":true,"href":"http:\/\/cordobainforma.info\/index.php\/wp-json\/wp\/v2\/users\/1"}],"replies":[{"embeddable":true,"href":"http:\/\/cordobainforma.info\/index.php\/wp-json\/wp\/v2\/comments?post=164770"}],"version-history":[{"count":0,"href":"http:\/\/cordobainforma.info\/index.php\/wp-json\/wp\/v2\/posts\/164770\/revisions"}],"wp:featuredmedia":[{"embeddable":true,"href":"http:\/\/cordobainforma.info\/index.php\/wp-json\/wp\/v2\/media\/164771"}],"wp:attachment":[{"href":"http:\/\/cordobainforma.info\/index.php\/wp-json\/wp\/v2\/media?parent=164770"}],"wp:term":[{"taxonomy":"category","embeddable":true,"href":"http:\/\/cordobainforma.info\/index.php\/wp-json\/wp\/v2\/categories?post=164770"},{"taxonomy":"post_tag","embeddable":true,"href":"http:\/\/cordobainforma.info\/index.php\/wp-json\/wp\/v2\/tags?post=164770"}],"curies":[{"name":"wp","href":"https:\/\/api.w.org\/{rel}","templated":true}]}}