{"id":164768,"date":"2025-08-14T05:35:11","date_gmt":"2025-08-14T05:35:11","guid":{"rendered":"https:\/\/www.clarin.com\/deportes\/ex-boca-volvio-futbol-despues-anos-duro-8-minutos-cancha-expulsado-patada-criminal_0_CZnGVOu3qz.html"},"modified":"2025-08-14T05:35:11","modified_gmt":"2025-08-14T05:35:11","slug":"el-ex-boca-que-volvio-al-futbol-despues-de-tres-anos-y-duro-8-minutos-en-cancha-fue-expulsado-por-una-patada-criminal","status":"publish","type":"post","link":"http:\/\/cordobainforma.info\/index.php\/2025\/08\/14\/el-ex-boca-que-volvio-al-futbol-despues-de-tres-anos-y-duro-8-minutos-en-cancha-fue-expulsado-por-una-patada-criminal\/","title":{"rendered":"El ex Boca que volvi\u00f3 al f\u00fatbol despu\u00e9s de tres a\u00f1os y dur\u00f3 8 minutos en cancha: fue expulsado por una patada criminal"},"content":{"rendered":"<p><img src=\"http:\/\/cordobainforma.info\/wp-content\/uploads\/2025\/08\/el-ex-boca-que-volvio-al-futbol-despues-de-tres-anos-y-duro-8-minutos-en-cancha-fue-expulsado-por-una-patada-criminal.jpg\"><\/p>\n<div><img src=\"http:\/\/cordobainforma.info\/wp-content\/uploads\/2025\/08\/el-ex-boca-que-volvio-al-futbol-despues-de-tres-anos-y-duro-8-minutos-en-cancha-fue-expulsado-por-una-patada-criminal-2.jpg\" class=\"ff-og-image-inserted\"><\/div>\n<div id=\"element-body-0\" readability=\"63\">\n<p>Apenas ocho minutos dur\u00f3 en cancha el futbolista argentino <strong>Cristian \u00abPochi\u00bb Ch\u00e1vez <\/strong>tras su expulsi\u00f3n en el partido que su equipo, Wilstermann, perdi\u00f3 3-0 ante San Antonio de Bulo Bulo en la liga de Bolivia, en lo que era su regreso a la actividad profesional despu\u00e9s de tres a\u00f1os y un mes de retiro. <\/p>\n<\/div>\n<div id=\"element-body-1\" readability=\"64\">\n<p><strong>El ex Boca, de 39 a\u00f1os,<\/strong> <strong>dej\u00f3 el f\u00fatbol en 2022 <\/strong>tras cinco temporadas en el club boliviano, donde fue s\u00edmbolo y figura, hasta que<strong> este a\u00f1o volvi\u00f3 a Wilstermann pero como entrenador <\/strong>para ayudar al club, que atraviesa una aguda crisis econ\u00f3mica.<\/p>\n<\/div>\n<div id=\"element-body-2\" readability=\"61\">\n<p>Los rumores sobre el retorno de Ch\u00e1vez comenzaron hace algunas semanas, ante la imposibilidad del equipo de contratar nuevos jugadores por demandas de salarios adeudados a ex futbolistas, sumado al peligro de descenso.<\/p>\n<\/div>\n<div id=\"element-body-3\" readability=\"59\">\n<p>La operaci\u00f3n de regreso de \u00abPochi\u00bb inici\u00f3 a mediados de julio, y el club logr\u00f3 habilitarlo para el torneo local sin que tuviera la responsabilidad de ser t\u00e9cnico al mismo tiempo.<\/p>\n<\/div>\n<div id=\"element-body-4\" readability=\"59\">\n<p>El ansiado retorno tuvo lugar este martes a los 15 minutos del segundo tiempo del partido entre Wilstermann y San Antonio de Bulo Bulo en el estadio F\u00e9lix Capriles, en Cochabamba.<\/p>\n<\/div>\n<div id=\"element-body-5\" readability=\"61\">\n<p>Ch\u00e1vez dej\u00f3 el banco, recibi\u00f3 las indicaciones del ahora nuevo entrenador Humberto Viviani y se acerc\u00f3 al borde del campo para sellar su ingreso con la 10 en la espalda, en reemplazo de Claudio Ancieta.<\/p>\n<\/div>\n<div id=\"element-body-6\" readability=\"62\">\n<p>Apenas pis\u00f3 el c\u00e9sped, los aplausos desde la tribuna no se hicieron esperar, ya que los hinchas a\u00fan recordaban actuaciones como las de 2017, cuando Wilstermann y el \u00abPochi\u00bb alcanzaron los cuartos de final de la Copa Libertadores.<\/p>\n<\/div>\n<div id=\"element-body-7\" readability=\"63\">\n<p>Pero, las sonrisas se transformaron en cara de preocupaci\u00f3n en un pu\u00f1ado de minutos. Apenas ocho minutos llevaba el ex Boca en cancha cuando intent\u00f3 recuperar una pelota en mitad de cancha. Se tir\u00f3 al piso desde atr\u00e1s y, con la pierna extendida de manera desmedida,<strong> le aplic\u00f3 un duro planchazo en el tobillo <\/strong>a Adalid Terrazas. El \u00e1rbitro no dud\u00f3 y<strong> le mostr\u00f3 la roja directa. <\/strong><\/p>\n<\/div>\n<div id=\"element-body-9\" readability=\"62\">\n<p>Ch\u00e1vez se tom\u00f3 la cabeza y se retir\u00f3 resignado tras la confirmaci\u00f3n de la sanci\u00f3n por el VAR. Para colmo, Wilstermann fue goleado, suma s\u00f3lo 6 puntos tras 16 jornadas y ocupa la pen\u00faltima posici\u00f3n del campeonato de la Divisi\u00f3n Profesional de Bolivia, en zona de descenso indirecto.<\/p>\n<\/div>\n<div id=\"element-body-11\" readability=\"62\">\n<p>En abril de este a\u00f1o, debido a la cr\u00edtica situaci\u00f3n del club bajo la conducci\u00f3n de Luciano Theiler, \u00abPochi\u00bb Ch\u00e1vez fue invitado a asumir la conducci\u00f3n t\u00e9cnica de Wilstermann, cargo que acept\u00f3 porque conoc\u00eda la realidad del club desde el trabajo con las categor\u00edas inferiores.<\/p>\n<\/div>\n<div id=\"element-body-12\" readability=\"62\">\n<p>Lo primero que hizo fue separar del plantel a Arnaldo Gim\u00e9nez, uno de los referentes. Seg\u00fan su explicaci\u00f3n, no quer\u00eda \u00abcontaminar\u00bb el vestuario. Adem\u00e1s, se la jug\u00f3 por los juveniles a quienes ven\u00eda dirigiendo en las inferiores.<\/p>\n<\/div>\n<div id=\"element-body-13\" readability=\"66\">\n<p>En un giro inesperado, el 31 de julio, Ch\u00e1vez, fue habilitado en el cierre del libro de pases para poder jugar y darle una mano al Wilstermann, nuevamente desde adentro de la cancha. Unos d\u00edas despu\u00e9s, Humberto Viviani fue confirmado como entrenador, mientras el ex Boca pas\u00f3 a formar parte del plantel profesional. <\/p>\n<\/div>\n","protected":false},"excerpt":{"rendered":"<p>Apenas ocho minutos dur\u00f3 en cancha el futbolista argentino Cristian \u00abPochi\u00bb Ch\u00e1vez tras su expulsi\u00f3n en el partido que su equipo, Wilstermann, perdi\u00f3 3-0 ante San Antonio de Bulo Bulo en la liga de Bolivia, en lo que era su regreso a la actividad profesional despu\u00e9s de tres a\u00f1os y un mes de retiro. El [&hellip;]<\/p>\n","protected":false},"author":1,"featured_media":164769,"comment_status":"closed","ping_status":"closed","sticky":false,"template":"","format":"standard","meta":[],"categories":[20],"tags":[],"_links":{"self":[{"href":"http:\/\/cordobainforma.info\/index.php\/wp-json\/wp\/v2\/posts\/164768"}],"collection":[{"href":"http:\/\/cordobainforma.info\/index.php\/wp-json\/wp\/v2\/posts"}],"about":[{"href":"http:\/\/cordobainforma.info\/index.php\/wp-json\/wp\/v2\/types\/post"}],"author":[{"embeddable":true,"href":"http:\/\/cordobainforma.info\/index.php\/wp-json\/wp\/v2\/users\/1"}],"replies":[{"embeddable":true,"href":"http:\/\/cordobainforma.info\/index.php\/wp-json\/wp\/v2\/comments?post=164768"}],"version-history":[{"count":0,"href":"http:\/\/cordobainforma.info\/index.php\/wp-json\/wp\/v2\/posts\/164768\/revisions"}],"wp:featuredmedia":[{"embeddable":true,"href":"http:\/\/cordobainforma.info\/index.php\/wp-json\/wp\/v2\/media\/164769"}],"wp:attachment":[{"href":"http:\/\/cordobainforma.info\/index.php\/wp-json\/wp\/v2\/media?parent=164768"}],"wp:term":[{"taxonomy":"category","embeddable":true,"href":"http:\/\/cordobainforma.info\/index.php\/wp-json\/wp\/v2\/categories?post=164768"},{"taxonomy":"post_tag","embeddable":true,"href":"http:\/\/cordobainforma.info\/index.php\/wp-json\/wp\/v2\/tags?post=164768"}],"curies":[{"name":"wp","href":"https:\/\/api.w.org\/{rel}","templated":true}]}}