{"id":164766,"date":"2025-08-13T21:26:17","date_gmt":"2025-08-13T21:26:17","guid":{"rendered":"https:\/\/somoscordobeses.com\/2025\/08\/13\/intervienen-a-la-ministra-patricia-bullrich\/"},"modified":"2025-08-13T21:26:17","modified_gmt":"2025-08-13T21:26:17","slug":"intervienen-a-la-ministra-patricia-bullrich","status":"publish","type":"post","link":"http:\/\/cordobainforma.info\/index.php\/2025\/08\/13\/intervienen-a-la-ministra-patricia-bullrich\/","title":{"rendered":"Intervienen a la ministra Patricia Bullrich"},"content":{"rendered":"<div><img src=\"http:\/\/cordobainforma.info\/wp-content\/uploads\/2025\/08\/intervienen-a-la-ministra-patricia-bullrich.jpg\" class=\"ff-og-image-inserted\"><\/div>\n<p>La ministra de Seguridad, Patricia Bullrich, fue sometida este mi\u00e9rcoles a una intervenci\u00f3n quir\u00fargica en las tiroides.<\/p>\n<p>La operaci\u00f3n la habr\u00eda realizado un equipo de cirujanos del Hospital de Cl\u00ednicas, seg\u00fan confiaron a LPO fuentes al tanto de la intervenci\u00f3n.<\/p>\n<p>Bullrich es mencionada como la candidata m\u00e1s posible del gobierno para encabezar&nbsp; en las pr\u00f3ximas elecciones legislativas la boleta de candidatos a senadores nacionales por la Capital.<\/p>\n<p><i>Noticia en desarrollo<\/i><\/p>\n","protected":false},"excerpt":{"rendered":"<p>La ministra de Seguridad, Patricia Bullrich, fue sometida este mi\u00e9rcoles a una intervenci\u00f3n quir\u00fargica en las tiroides. La operaci\u00f3n la habr\u00eda realizado un equipo de cirujanos del Hospital de Cl\u00ednicas, seg\u00fan confiaron a LPO fuentes al tanto de la intervenci\u00f3n. Bullrich es mencionada como la candidata m\u00e1s posible del gobierno para encabezar&nbsp; en las pr\u00f3ximas [&hellip;]<\/p>\n","protected":false},"author":1,"featured_media":164767,"comment_status":"closed","ping_status":"closed","sticky":false,"template":"","format":"standard","meta":[],"categories":[2],"tags":[],"_links":{"self":[{"href":"http:\/\/cordobainforma.info\/index.php\/wp-json\/wp\/v2\/posts\/164766"}],"collection":[{"href":"http:\/\/cordobainforma.info\/index.php\/wp-json\/wp\/v2\/posts"}],"about":[{"href":"http:\/\/cordobainforma.info\/index.php\/wp-json\/wp\/v2\/types\/post"}],"author":[{"embeddable":true,"href":"http:\/\/cordobainforma.info\/index.php\/wp-json\/wp\/v2\/users\/1"}],"replies":[{"embeddable":true,"href":"http:\/\/cordobainforma.info\/index.php\/wp-json\/wp\/v2\/comments?post=164766"}],"version-history":[{"count":0,"href":"http:\/\/cordobainforma.info\/index.php\/wp-json\/wp\/v2\/posts\/164766\/revisions"}],"wp:featuredmedia":[{"embeddable":true,"href":"http:\/\/cordobainforma.info\/index.php\/wp-json\/wp\/v2\/media\/164767"}],"wp:attachment":[{"href":"http:\/\/cordobainforma.info\/index.php\/wp-json\/wp\/v2\/media?parent=164766"}],"wp:term":[{"taxonomy":"category","embeddable":true,"href":"http:\/\/cordobainforma.info\/index.php\/wp-json\/wp\/v2\/categories?post=164766"},{"taxonomy":"post_tag","embeddable":true,"href":"http:\/\/cordobainforma.info\/index.php\/wp-json\/wp\/v2\/tags?post=164766"}],"curies":[{"name":"wp","href":"https:\/\/api.w.org\/{rel}","templated":true}]}}