{"id":164764,"date":"2025-08-13T21:38:44","date_gmt":"2025-08-13T21:38:44","guid":{"rendered":"https:\/\/somoscordobeses.com\/2025\/08\/13\/el-mpf-mostro-su-apoyo-a-un-fiscal-que-sufrio-agresiones-en-el-marco-de-un-juicio\/"},"modified":"2025-08-13T21:38:44","modified_gmt":"2025-08-13T21:38:44","slug":"el-mpf-mostro-su-apoyo-a-un-fiscal-que-sufrio-agresiones-en-el-marco-de-un-juicio","status":"publish","type":"post","link":"http:\/\/cordobainforma.info\/index.php\/2025\/08\/13\/el-mpf-mostro-su-apoyo-a-un-fiscal-que-sufrio-agresiones-en-el-marco-de-un-juicio\/","title":{"rendered":"El MPF mostr\u00f3 su apoyo a un fiscal que sufri\u00f3 agresiones en el marco de un juicio"},"content":{"rendered":"<div><img src=\"http:\/\/cordobainforma.info\/wp-content\/uploads\/2025\/08\/el-mpf-mostro-su-apoyo-a-un-fiscal-que-sufrio-agresiones-en-el-marco-de-un-juicio.jpg\" class=\"ff-og-image-inserted\"><\/div>\n<p>El Ministerio P\u00fablico Fiscal expres\u00f3 este mi\u00e9rcoles \u201csu total apoyo al fiscal de C\u00e1mara Marcelo Fenoll quien result\u00f3 v\u00edctima de insultos y acusaciones con el prop\u00f3sito de amedrentamiento\u201d, seg\u00fan precis\u00f3 el organismo en un comunicado.<\/p>\n<p>Fenoll encabeza un juicio que se lleva a cabo en la C\u00e1mara Quinta en lo Criminal y Correccional en los autos que tiene a 3 acusados, uno de ellos por homicidio agravado por el empleo de arma de fuego.<\/p>\n<p>El principal imputado es Tom\u00e1s David Romero. Tambi\u00e9n est\u00e1n siendo juzgados su madre, Silvia Karina Romero, y su hermano, Tob\u00edas Lautaro Romero, por Amenazas calificadas por el empleo de un arma de fuego.<\/p>\n<p>El juicio comenz\u00f3 el pasado lunes 10 de agosto de 2025 con Tomas David Romero bajo prisi\u00f3n preventiva, y el resto en libertad.&nbsp;<\/p>\n<p>Al inicio, el fiscal Fenoll advirti\u00f3 que varios testigos podr\u00edan haber sido influenciados a declarar falsamente, ya fuera en favor o en contra de los acusados. Con todos los recaudos, el representante del Ministerio P\u00fablico Fiscal avanz\u00f3 en los interrogatorios hasta que los testigos se sinceraron y declararon conforme a lo que vieron y oyeron realmente.&nbsp;<\/p>\n<p>Esto comprometi\u00f3 gravemente al acusado de Homicidio Tom\u00e1s Romero, quien junto con el resto, observaban el debate en una sala espejo para no alterar la audiencia<\/p>\n<p>En la tarde del 12 de agosto, apenas finaliz\u00f3 la audiencia, Silvia Karina Romero, Tob\u00edas Lautaro Romero y allegados que los acompa\u00f1aban se presentaron en los pasillos y comenzaron a amenazar y a insultar a Fenoll.<\/p>\n<p>Adem\u00e1s, a trav\u00e9s de un familiar directo de Fenoll, se supo que personas residentes en el barrio Col\u00f3n de la ciudad de C\u00f3rdoba (donde sucedieron los hechos y se domicilian los acusados), estaban realizando averiguaciones para obtener el n\u00famero del tel\u00e9fono celular del fiscal.<\/p>\n","protected":false},"excerpt":{"rendered":"<p>El Ministerio P\u00fablico Fiscal expres\u00f3 este mi\u00e9rcoles \u201csu total apoyo al fiscal de C\u00e1mara Marcelo Fenoll quien result\u00f3 v\u00edctima de insultos y acusaciones con el prop\u00f3sito de amedrentamiento\u201d, seg\u00fan precis\u00f3 el organismo en un comunicado. Fenoll encabeza un juicio que se lleva a cabo en la C\u00e1mara Quinta en lo Criminal y Correccional en los [&hellip;]<\/p>\n","protected":false},"author":1,"featured_media":164765,"comment_status":"closed","ping_status":"closed","sticky":false,"template":"","format":"standard","meta":[],"categories":[2],"tags":[],"_links":{"self":[{"href":"http:\/\/cordobainforma.info\/index.php\/wp-json\/wp\/v2\/posts\/164764"}],"collection":[{"href":"http:\/\/cordobainforma.info\/index.php\/wp-json\/wp\/v2\/posts"}],"about":[{"href":"http:\/\/cordobainforma.info\/index.php\/wp-json\/wp\/v2\/types\/post"}],"author":[{"embeddable":true,"href":"http:\/\/cordobainforma.info\/index.php\/wp-json\/wp\/v2\/users\/1"}],"replies":[{"embeddable":true,"href":"http:\/\/cordobainforma.info\/index.php\/wp-json\/wp\/v2\/comments?post=164764"}],"version-history":[{"count":0,"href":"http:\/\/cordobainforma.info\/index.php\/wp-json\/wp\/v2\/posts\/164764\/revisions"}],"wp:featuredmedia":[{"embeddable":true,"href":"http:\/\/cordobainforma.info\/index.php\/wp-json\/wp\/v2\/media\/164765"}],"wp:attachment":[{"href":"http:\/\/cordobainforma.info\/index.php\/wp-json\/wp\/v2\/media?parent=164764"}],"wp:term":[{"taxonomy":"category","embeddable":true,"href":"http:\/\/cordobainforma.info\/index.php\/wp-json\/wp\/v2\/categories?post=164764"},{"taxonomy":"post_tag","embeddable":true,"href":"http:\/\/cordobainforma.info\/index.php\/wp-json\/wp\/v2\/tags?post=164764"}],"curies":[{"name":"wp","href":"https:\/\/api.w.org\/{rel}","templated":true}]}}