{"id":164728,"date":"2025-08-13T11:40:06","date_gmt":"2025-08-13T11:40:06","guid":{"rendered":"http:\/\/cordobainforma.info\/index.php\/2025\/08\/13\/hallan-8-cadaveres-de-una-familia-ejecutada-por-el-ejercito-de-peru-en-1984\/"},"modified":"2025-08-13T11:40:06","modified_gmt":"2025-08-13T11:40:06","slug":"hallan-8-cadaveres-de-una-familia-ejecutada-por-el-ejercito-de-peru-en-1984","status":"publish","type":"post","link":"http:\/\/cordobainforma.info\/index.php\/2025\/08\/13\/hallan-8-cadaveres-de-una-familia-ejecutada-por-el-ejercito-de-peru-en-1984\/","title":{"rendered":"Hallan 8 cad\u00e1veres de una familia ejecutada por el Ej\u00e9rcito de Per\u00fa en 1984"},"content":{"rendered":"<p><img src=\"http:\/\/cordobainforma.info\/wp-content\/uploads\/2025\/08\/hallan-8-cadaveres-de-una-familia-ejecutada-por-el-ejercito-de-peru-en-1984.jpg\"><\/p>\n<p>Las autoridades de Per\u00fa han recuperado&nbsp;los cad\u00e1veres&nbsp;de ocho personas de la misma familia que fueron asesinadas en 1984, durante el conflicto interno que vivi\u00f3 el pa\u00eds a lo largo de dos d\u00e9cadas, <a href=\"http:\/\/www.gob.pe\/institucion\/mpfn\/noticias\/1225223-ayacucho-fiscalia-recupero-los-restos-de-una-familia-asesinada-durante-periodo-de-violencia-por-agentes-del-orden\" target=\"_blank\" rel=\"noopener noreferrer\">inform\u00f3<\/a>&nbsp;el martes&nbsp;la Fiscal\u00eda.<\/p>\n<p>Los restos \u00f3seos se encontraban en el interior de <strong>dos fosas contiguas<\/strong> del paraje Ayamachay, en la comunidad de Uni\u00f3n de Minas, en la provincia de La Mar, en el departamento de Ayacucho.<\/p>\n<p>De acuerdo&nbsp;con la investigaci\u00f3n de la Primera Fiscal\u00eda Especializada en Derechos Humanos e Interculturalidad de Ayacucho, la familia completa habr\u00eda sido ejecutada el 8 de noviembre de 1984 por <strong>miembros de la Marina de Guerra<\/strong> del Per\u00fa.<\/p>\n<div class=\"EmbedBlock-root EmbedBlock-twitter\">\n<div class=\"TwitterEmbed\">\n<blockquote class=\"twitter-tweet\" data-twitter=\"twitter-tweet\">\n<p lang=\"es\" dir=\"ltr\">\ud83d\udea8 <a href=\"https:\/\/twitter.com\/hashtag\/Fiscal%C3%ADaAct%C3%BAa?src=hash&amp;ref_src=twsrc%5Etfw\">#Fiscal\u00edaAct\u00faa<\/a> | En Ayacucho, la Fiscal\u00eda recuper\u00f3 los restos de ocho integrantes de una misma familia, presuntamente ejecutados en 1984 por efectivos de la Marina de Guerra del Per\u00fa, durante el periodo de violencia (1980-2000).\u2705 La Primera Fiscal\u00eda Especializada en\u2026 <a href=\"https:\/\/t.co\/vqOK3jVsdp\">pic.twitter.com\/vqOK3jVsdp<\/a><\/p>\n<p>\u2014 Ministerio P\u00fablico (@FiscaliaPeru) <a href=\"https:\/\/twitter.com\/FiscaliaPeru\/status\/1955297609301565592?ref_src=twsrc%5Etfw\">August 12, 2025<\/a><\/p><\/blockquote>\n<\/div>\n<\/div>\n<p>Tras cuatro d\u00edas de trabajos ante la presencia de familiares de las v\u00edctimas, los cad\u00e1veres fueron identificados preliminarmente como&nbsp;Mariano Amaro, su esposa Eliana Limaquispe, quien estaba embarazada; y seis hijos, con edades comprendidas entre los 2 y 15 a\u00f1os.<\/p>\n<p>Ahora, los restos ser\u00e1n trasladados al Laboratorio de Investigaciones Forenses de Ayacucho para su identificaci\u00f3n oficial.<\/p>\n<p>Este hallazgo llega apenas un mes despu\u00e9s de que el Gobierno de Per\u00fa entregara y velara, el pasado 17 de julio, los cuerpos de otras ocho v\u00edctimas de aquella \u00e9poca en la misma regi\u00f3n.<\/p>\n<div class=\"ReadMore-root Section-root Section-is1to3-xs_is1to1\" data-widgets=\"ReadMore\">\n<div class=\"Section-container Section-isRow-isTop-isWrap\">\n<article class=\"Card-root Card-is1to1 Card-default \">\n<div class=\"Card-imageWrap\">\n<div class=\"Card-picture\"> <picture class=\"Picture-root Picture-default\"><!--[if IE 9]><video style=\"display: none;\"><![endif]--><source media=\"(-webkit-min-device-pixel-ratio: 2) and (min-resolution: 120dpi)\" srcset=\"http:\/\/cordobainforma.info\/wp-content\/uploads\/2025\/08\/hallan-8-cadaveres-de-una-familia-ejecutada-por-el-ejercito-de-peru-en-1984-2.jpg 850w, http:\/\/cordobainforma.info\/wp-content\/uploads\/2025\/08\/hallan-8-cadaveres-de-una-familia-ejecutada-por-el-ejercito-de-peru-en-1984-3.jpg 1960w\"><source srcset=\"http:\/\/cordobainforma.info\/wp-content\/uploads\/2025\/08\/hallan-8-cadaveres-de-una-familia-ejecutada-por-el-ejercito-de-peru-en-1984-2.jpg, https:\/\/actualidad.rt.com\/actualidad\/460, http:\/\/cordobainforma.info\/wp-content\/uploads\/2025\/08\/hallan-8-cadaveres-de-una-familia-ejecutada-por-el-ejercito-de-peru-en-1984-3.jpg 980w\"><!--[if IE 9]><\/video><![endif]--><img data-sizes=\"auto\" src=\"http:\/\/cordobainforma.info\/wp-content\/uploads\/2025\/08\/hallan-8-cadaveres-de-una-familia-ejecutada-por-el-ejercito-de-peru-en-1984-2.jpg\" class=\"Picture-root Picture-default lazyload\" alt=\"&quot;No somos colonia de nadie&quot;: Boluarte repudia cr\u00edticas internacionales a pol\u00e9mica ley de amnist\u00eda\"><\/picture><!-- noscript pattern --><noscript><img src=\"http:\/\/cordobainforma.info\/wp-content\/uploads\/2025\/08\/hallan-8-cadaveres-de-una-familia-ejecutada-por-el-ejercito-de-peru-en-1984-3.jpg\" alt=\"&quot;No somos colonia de nadie&quot;: Boluarte repudia cr\u00edticas internacionales a pol\u00e9mica ley de amnist\u00eda\"><\/noscript> <\/div><\/div>\n<\/article><\/div><\/div>\n<p>Precisamente, Ayacucho fue el epicentro del conflicto interno desatado a principios de&nbsp;la d\u00e9cada de los 80 entre las fuerzas del Estado y las organizaciones <a href=\"https:\/\/esrt.space\/actualidad\/528197-peru-sentenciar-cupula-sendero-luminoso-terrorismo\" target=\"_blank\" rel=\"noopener noreferrer\">Sendero Luminoso<\/a> y Movimiento Revolucionario Tupac Amaru (MRTA).<\/p>\n<p>Se estima que los enfrentamientos dejaron alrededor de <strong>69.000 muertos entre 1980 y 2000<\/strong>, seg\u00fan las conclusiones del informe final de la Comisi\u00f3n de la Verdad y la Reconciliaci\u00f3n (CRV).<\/p>\n<p>El mes pasado, el Congreso peruano aprob\u00f3 una <a href=\"https:\/\/esrt.space\/video\/559861-peru-evaluara-salida-cidh\" target=\"_blank\" rel=\"noopener noreferrer\">pol\u00e9mica<\/a>&nbsp;<strong>ley de amnist\u00eda<\/strong> que ampara a militares, polic\u00edas y miembros de los comit\u00e9s de autodefensa condenados o investigados por <strong>ejecuciones extrajudiciales, desapariciones forzadas y tortura<\/strong>, entre otros delitos.<\/p>\n","protected":false},"excerpt":{"rendered":"<p>Las autoridades de Per\u00fa han recuperado&nbsp;los cad\u00e1veres&nbsp;de ocho personas de la misma familia que fueron asesinadas en 1984, durante el conflicto interno que vivi\u00f3 el pa\u00eds a lo largo de dos d\u00e9cadas, inform\u00f3&nbsp;el martes&nbsp;la Fiscal\u00eda. Los restos \u00f3seos se encontraban en el interior de dos fosas contiguas del paraje Ayamachay, en la comunidad de Uni\u00f3n [&hellip;]<\/p>\n","protected":false},"author":1,"featured_media":164729,"comment_status":"closed","ping_status":"closed","sticky":false,"template":"","format":"standard","meta":[],"categories":[22],"tags":[],"_links":{"self":[{"href":"http:\/\/cordobainforma.info\/index.php\/wp-json\/wp\/v2\/posts\/164728"}],"collection":[{"href":"http:\/\/cordobainforma.info\/index.php\/wp-json\/wp\/v2\/posts"}],"about":[{"href":"http:\/\/cordobainforma.info\/index.php\/wp-json\/wp\/v2\/types\/post"}],"author":[{"embeddable":true,"href":"http:\/\/cordobainforma.info\/index.php\/wp-json\/wp\/v2\/users\/1"}],"replies":[{"embeddable":true,"href":"http:\/\/cordobainforma.info\/index.php\/wp-json\/wp\/v2\/comments?post=164728"}],"version-history":[{"count":0,"href":"http:\/\/cordobainforma.info\/index.php\/wp-json\/wp\/v2\/posts\/164728\/revisions"}],"wp:featuredmedia":[{"embeddable":true,"href":"http:\/\/cordobainforma.info\/index.php\/wp-json\/wp\/v2\/media\/164729"}],"wp:attachment":[{"href":"http:\/\/cordobainforma.info\/index.php\/wp-json\/wp\/v2\/media?parent=164728"}],"wp:term":[{"taxonomy":"category","embeddable":true,"href":"http:\/\/cordobainforma.info\/index.php\/wp-json\/wp\/v2\/categories?post=164728"},{"taxonomy":"post_tag","embeddable":true,"href":"http:\/\/cordobainforma.info\/index.php\/wp-json\/wp\/v2\/tags?post=164728"}],"curies":[{"name":"wp","href":"https:\/\/api.w.org\/{rel}","templated":true}]}}