{"id":164726,"date":"2025-08-13T11:42:43","date_gmt":"2025-08-13T11:42:43","guid":{"rendered":"http:\/\/cordobainforma.info\/index.php\/2025\/08\/13\/inteligencia-rusa-la-comision-europea-apunta-a-cambiar-el-poder-en-un-pais-de-la-ue\/"},"modified":"2025-08-13T11:42:43","modified_gmt":"2025-08-13T11:42:43","slug":"inteligencia-rusa-la-comision-europea-apunta-a-cambiar-el-poder-en-un-pais-de-la-ue","status":"publish","type":"post","link":"http:\/\/cordobainforma.info\/index.php\/2025\/08\/13\/inteligencia-rusa-la-comision-europea-apunta-a-cambiar-el-poder-en-un-pais-de-la-ue\/","title":{"rendered":"Inteligencia rusa: La Comisi\u00f3n Europea apunta a cambiar el poder en un pa\u00eds de la UE"},"content":{"rendered":"<p><img src=\"http:\/\/cordobainforma.info\/wp-content\/uploads\/2025\/08\/inteligencia-rusa-la-comision-europea-apunta-a-cambiar-el-poder-en-un-pais-de-la-ue.jpg\"><\/p>\n<div><img src=\"http:\/\/cordobainforma.info\/wp-content\/uploads\/2025\/08\/inteligencia-rusa-la-comision-europea-apunta-a-cambiar-el-poder-en-un-pais-de-la-ue-2.jpg\" class=\"ff-og-image-inserted\"><\/div>\n<div class=\"Text-root Text-type_5 ArticleView-text ViewText-root \">\n<p>La Comisi\u00f3n Europea (CE) aspira a un cambio de poder en Hungr\u00eda, <a href=\"http:\/\/svr.gov.ru\/smi\/2025\/08\/evrokomissiya-natselena-na-smenu-vlasti-v-vengrii.htm\" target=\"_blank\" rel=\"nofollow noopener noreferrer\">inform\u00f3<\/a> el mi\u00e9rcoles el Servicio de Inteligencia Exterior ruso (SVR, por sus siglas en ruso).<\/p>\n<p>Seg\u00fan la agencia, la presidenta del organismo, Ursula von der Leyen, \u00abest\u00e1 estudiando seriamente escenarios para cambiar el &#8216;r\u00e9gimen en Budapest'\u00bb.&nbsp;Ella considera que el principal candidato al puesto de jefe de Gobierno es el l\u00edder del partido de oposici\u00f3n Respeto y Libertad, <strong>Peter Magyar<\/strong>, \u00ableal a las \u00e9lites globalistas\u00bb.&nbsp;<\/p>\n<p>El plan ser\u00eda llevarlo al poder en las elecciones parlamentarias de la primavera de 2026, \u00abtal vez, incluso antes\u00bb.&nbsp;Ya se han movilizado importantes recursos materiales, administrativos, medi\u00e1ticos y de &#8216;lobby&#8217;.&nbsp;<\/p>\n<p>El&nbsp;SVR explica que la Comisi\u00f3n Europea \u00abpercibe el actual liderazgo de Hungr\u00eda como un obst\u00e1culo cada vez m\u00e1s serio para la &#8216;Europa unida'\u00bb.&nbsp;\u00abBruselas est\u00e1 furioso por los intentos de Budapest de seguir una pol\u00edtica independiente e influir en la toma colectiva de decisiones, <strong>principalmente sobre Rusia y Ucrania<\/strong>\u00ab, agrega.<\/p>\n<p>\u00abLa gota que colm\u00f3 el vaso para la burocracia europea fue la reciente decisi\u00f3n de los h\u00fangaros de bloquear el borrador del nuevo presupuesto a siete a\u00f1os de la UE, que, seg\u00fan sus evaluaciones, fue elaborado para la militarizaci\u00f3n de Europa y su preparaci\u00f3n para la guerra con Mosc\u00fa\u00bb,&nbsp;indica la agencia.<\/p>\n<p>Mientras, Kiev \u00abse ha unido activamente a la campa\u00f1a para desmantelar el Gobierno h\u00fangaro por orden de Bruselas\u00bb, de acuerdo con el SVR. Seg\u00fan la inteligencia rusa, Ucrania se siente \u00abofendida\u00bb por el bloqueo de Budapest a su proceso de integraci\u00f3n europea.&nbsp;\u00abAl mismo tiempo, <strong>el r\u00e9gimen de Vlad\u00edmir Zelenski hace el trabajo m\u00e1s sucio<\/strong>, incluyendo la desestabilizaci\u00f3n de la situaci\u00f3n en Hungr\u00eda, mediante el uso de&nbsp;las capacidades de los servicios especiales ucranianos y la di\u00e1spora que reside all\u00ed\u00bb, escribe el SVR.<\/p>\n<p><strong><em>M\u00e1s informaci\u00f3n, en breve.<\/em><\/strong><\/p>\n<\/div>\n","protected":false},"excerpt":{"rendered":"<p>La Comisi\u00f3n Europea (CE) aspira a un cambio de poder en Hungr\u00eda, inform\u00f3 el mi\u00e9rcoles el Servicio de Inteligencia Exterior ruso (SVR, por sus siglas en ruso). Seg\u00fan la agencia, la presidenta del organismo, Ursula von der Leyen, \u00abest\u00e1 estudiando seriamente escenarios para cambiar el &#8216;r\u00e9gimen en Budapest&#8217;\u00bb.&nbsp;Ella considera que el principal candidato al puesto [&hellip;]<\/p>\n","protected":false},"author":1,"featured_media":164727,"comment_status":"closed","ping_status":"closed","sticky":false,"template":"","format":"standard","meta":[],"categories":[22],"tags":[],"_links":{"self":[{"href":"http:\/\/cordobainforma.info\/index.php\/wp-json\/wp\/v2\/posts\/164726"}],"collection":[{"href":"http:\/\/cordobainforma.info\/index.php\/wp-json\/wp\/v2\/posts"}],"about":[{"href":"http:\/\/cordobainforma.info\/index.php\/wp-json\/wp\/v2\/types\/post"}],"author":[{"embeddable":true,"href":"http:\/\/cordobainforma.info\/index.php\/wp-json\/wp\/v2\/users\/1"}],"replies":[{"embeddable":true,"href":"http:\/\/cordobainforma.info\/index.php\/wp-json\/wp\/v2\/comments?post=164726"}],"version-history":[{"count":0,"href":"http:\/\/cordobainforma.info\/index.php\/wp-json\/wp\/v2\/posts\/164726\/revisions"}],"wp:featuredmedia":[{"embeddable":true,"href":"http:\/\/cordobainforma.info\/index.php\/wp-json\/wp\/v2\/media\/164727"}],"wp:attachment":[{"href":"http:\/\/cordobainforma.info\/index.php\/wp-json\/wp\/v2\/media?parent=164726"}],"wp:term":[{"taxonomy":"category","embeddable":true,"href":"http:\/\/cordobainforma.info\/index.php\/wp-json\/wp\/v2\/categories?post=164726"},{"taxonomy":"post_tag","embeddable":true,"href":"http:\/\/cordobainforma.info\/index.php\/wp-json\/wp\/v2\/tags?post=164726"}],"curies":[{"name":"wp","href":"https:\/\/api.w.org\/{rel}","templated":true}]}}