{"id":164724,"date":"2025-08-13T07:04:01","date_gmt":"2025-08-13T07:04:01","guid":{"rendered":"https:\/\/www.mujerhoy.com\/vivir\/ocio\/memento-mori-temporada-final-thriller-espanol-prime-video-20250813231406-nt.html"},"modified":"2025-08-13T07:04:01","modified_gmt":"2025-08-13T07:04:01","slug":"la-temporada-final-de-esta-serie-espanola-que-es-un-thriller-adictivo-ya-esta-arrasando-en-prime-video","status":"publish","type":"post","link":"http:\/\/cordobainforma.info\/index.php\/2025\/08\/13\/la-temporada-final-de-esta-serie-espanola-que-es-un-thriller-adictivo-ya-esta-arrasando-en-prime-video\/","title":{"rendered":"La temporada final de esta serie espa\u00f1ola que es un thriller adictivo ya est\u00e1 arrasando en Prime Video"},"content":{"rendered":"<div class=\"media_block\"><\/div>\n<p><!-- AUTHOR --><\/p>\n<div class=\"voc-author-timesocial \">\n<!-- AUTHOR --><\/p>\n<div class=\"voc-author-timesocial__signature \">\n<!-- IMAGE AUTHOR -->\n<picture class=\"voc-image-signature\">\n<img class=\"voc-image-signature__img\" src=\"http:\/\/cordobainforma.info\/wp-content\/uploads\/2025\/08\/la-temporada-final-de-esta-serie-espanola-que-es-un-thriller-adictivo-ya-esta-arrasando-en-prime-video.jpg\" alt=\"Juan Mart\u00edn\">\n<\/picture>\n<!-- INFO AUTHOR --> <\/div><\/div>\n<p><!-- COMPONENTS --><\/p>\n<p class=\"voc-paragraph\">Memento Mori se ha ganado, por derecho propio, el ser considerada como uno de los<a href=\"https:\/\/www.mujerhoy.com\/vivir\/ocio\/indomable-netflix-misterio-asesinatos-eric-bana-estreno-20250719104136-nt.html\" target=\"_self\" data-voc-vtm-id=\"in-text-traffic\" title=\" thrillers del momento.\" data-mrf-link=\"www.mujerhoy.com\" rel=\"noopener noreferrer\"> thrillers del momento.<\/a> Prime Video estrena los cap\u00edtulos finales de la producci\u00f3n protagonizada por Yon Gonz\u00e1lez (Bajo sospecha) y Francisco Ortiz (Apocalipsis Z) sobre un <strong>tenebroso asesino en serie<\/strong> y el decidido polic\u00eda que no descansar\u00e1 hasta detenerle, cueste lo que cueste. Un enfrentamiento <a href=\"https:\/\/www.mujerhoy.com\/vivir\/ocio\/dexter-secuela-skyshowtime-asesino-serie-estreno-crimen-thriller-20250713120005-nt.html\" target=\"_self\" data-voc-vtm-id=\"in-text-traffic\" title=\"del todo \u00e9pico\" data-mrf-link=\"www.mujerhoy.com\" rel=\"noopener noreferrer\">del todo \u00e9pico<\/a> que tendr\u00e1 su cap\u00edtulo final en esta \u00faltima temporada.<\/p>\n<p class=\"voc-paragraph\">La ficci\u00f3n, que viene encandilando a un n\u00famero cada vez mayor de fans con cada nueva temporada, est\u00e1 basada en la tambi\u00e9n exitosa trilog\u00eda de novelas de C\u00e9sar P\u00e9rez Gellida titulada \u00abVersos, canciones y trocitos de carne\u00bb. Creada por Marco A. Castillo (El Ministerio del Tiempo) y Fran Parra (Desaparecidos), la serie ha sabido conjugar diferentes elementos hasta dar forma a una producci\u00f3n de lo m\u00e1s correcta y que se ha ganado el derecho de ser considerada uno de los <strong>mejores thrillers patrios<\/strong> de los \u00faltimos tiempos.<\/p>\n<div class=\"v-c-cmp v-c-cmp--t1 \">\n<div class=\"v-cmp-rld v-cmp-rld--2 \">\n<div class=\"v-cnt-m v-cnt-m--m\">\n<div class=\"v-cnt-m__c\">\n<div class=\"v-cnt-m__w v-cnt-m__w--1\">\n<p class=\"v-cnt-m__t\">\nTAMBI\u00c9N TE INTERESA\n<\/p>\n<\/div>\n<\/div>\n<\/div>\n<div class=\"v-g v-g--2-c v-g--bdr-min-xs\">\n<div class=\"v-g__c \">\n<article class=\"v-a v-a--cmp-rld v-a--cmp-rld-2 v-a--p-l\">\n<div class=\"v-a-img-c\">\n<figure class=\"v-a-fig\">\n<a href=\"https:\/\/www.mujerhoy.com\/vivir\/ocio\/outlander-sangre-sangre-precuela-serie-movistar-de-que-trata-20250808142727-nt.html#vtm_modulosEngag=mod-rel:vivir:noticia:1:cmp:2-not\" class=\"v-a-link\" title=\"Outlander: Sangre de mi sangre, todo lo que tienes que saber de la precuela de la serie basada en los libros de Diana Gabald\u00f3n\"><br \/>\n<img loading=\"lazy\" class=\"v-a-img\" src=\"http:\/\/cordobainforma.info\/wp-content\/uploads\/2025\/08\/la-temporada-final-de-esta-serie-espanola-que-es-un-thriller-adictivo-ya-esta-arrasando-en-prime-video-1.jpg\" alt=\"Outlander: Sangre de mi sangre, todo lo que tienes que saber de la precuela de la serie basada en los libros de Diana Gabald\u00f3n\"><br \/>\n<\/a><br \/>\n<\/figure>\n<\/div>\n<\/article>\n<\/div>\n<div class=\"v-g__c \">\n<article class=\"v-a v-a--cmp-rld v-a--cmp-rld-2 v-a--p-l\">\n<div class=\"v-a-img-c\">\n<figure class=\"v-a-fig\">\n<a href=\"https:\/\/www.mujerhoy.com\/vivir\/ocio\/miercoles-netflix-estreno-segunda-temporada-novedades-jenna-ortega-20250806190240-nt.html#vtm_modulosEngag=mod-rel:vivir:noticia:2:cmp:2-not\" class=\"v-a-link\" title=\"Mi\u00e9rcoles ya est\u00e1 aqu\u00ed con una segunda temporada cargada de humor negro, m\u00e1s terror g\u00f3tico y Lady Gaga\"><br \/>\n<img loading=\"lazy\" class=\"v-a-img\" src=\"http:\/\/cordobainforma.info\/wp-content\/uploads\/2025\/08\/la-temporada-final-de-esta-serie-espanola-que-es-un-thriller-adictivo-ya-esta-arrasando-en-prime-video-2.jpg\" alt=\"Mi\u00e9rcoles ya est\u00e1 aqu\u00ed con una segunda temporada cargada de humor negro, m\u00e1s terror g\u00f3tico y Lady Gaga\"><br \/>\n<\/a><br \/>\n<\/figure>\n<\/div>\n<\/article>\n<\/div>\n<\/div>\n<\/div>\n<\/div>\n<p class=\"voc-paragraph\">Parte de ese \u00e9xito tambi\u00e9n viene basado por la enorme capacidad que ha demostrado el equipo detr\u00e1s de la ficci\u00f3n para captar de manera muy fiel <strong>las sensaciones que transmiten los libros<\/strong> gracias a los guiones de Luis Arranz (Zona hostil), Germ\u00e1n Aparicio (Cuando nadie nos ve), Abraham Sastre (Te quiero, imb\u00e9cil), Luis Moreno (Purgatorio) o Cristina Pons (Embarazados).<\/p>\n<p><h3 class=\"v-cmp-suh\">\nDe qu\u00e9 va la temporada 3 de Memento Mori<br \/>\n<\/h3>\n<\/p>\n<p class=\"voc-paragraph\">Como hemos dicho un poquito m\u00e1s arriba, esta tercera temporada es la que pondr\u00e1 punto y final a las andanzas del <strong>terror\u00f3fico y calculador Augusto Ledesma<\/strong> (Yon Gonz\u00e1lez), un asesino en serie que parece nacido de las peores pesadillas de Stephen King. Tras los eventos de la segunda temporada nos encontramos a un Sancho (Francisco Ortiz) preparado para dar caza al asesino con la ayuda de Violeta (Olivia Baglivi).<\/p>\n<p class=\"voc-paragraph\">Del mismo modo, el temido Augusto prepara su venganza final, al mismo tiempo que se encuentra una piedra en el camino con su <strong>reci\u00e9n descubierta debilidad hacia Violeta<\/strong>, lo que puede suponer un contratiempo a la hora de dise\u00f1ar sus planes. Al mismo tiempo, la joven comienza a indagar la misteriosa muerte de su madre, descubriendo que hay gato encerrado y que podr\u00eda haber algo m\u00e1s detr\u00e1s de sus fallecimiento.<\/p>\n<div class=\"v-c-cmp v-c-cmp--s\">\n<div class=\"v-cmp-m \">\n<article class=\"v-a v-a--cmp-m v-c-cmp--m-z\">\n<div class=\"v-a-img-c \">\n<div class=\"v-a-fig\">\n<button class=\"v-a-link\" popovertarget=\"photo-744\"><br \/>\n<img loading=\"lazy\" src=\"http:\/\/cordobainforma.info\/wp-content\/uploads\/2025\/08\/la-temporada-final-de-esta-serie-espanola-que-es-un-thriller-adictivo-ya-esta-arrasando-en-prime-video.png\" class=\"v-a-img\" width=\"650\" height=\"650\" alt=\"Augusto Ledesma (Yon Gonz\u00e1lez) prepara su golpe final en la tercera temporada de Memento Mori.\" data-voc-vtm-id=\"in-text-traffic\"> <\/button><figcaption class=\"v-fc\">\n<span class=\"v-fc__t\"><br \/>\nAugusto Ledesma (Yon Gonz\u00e1lez) prepara su golpe final en la tercera temporada de Memento Mori.<br \/>\n<\/span><br \/>\n<span class=\"v-fc__p\"><br \/>\nPRIME VIDEO<br \/>\n<\/span><br \/>\n<\/figcaption><\/div>\n<\/div>\n<div id=\"photo-744\" popover class=\"v-mdl v-mdl--fw\">\n<button class=\"v-x\" popovertarget=\"photo-744\" popovertargetaction=\"hide\"><br \/>\n<span class=\"v-i\"><br \/>\n<svg width=\"24\" height=\"23.996\" viewBox=\"0 0 24 23.996\">\n<path data-name=\"Uni\u00f3n 29\" d=\"M12,14.03,2.031,24,0,21.963,9.968,12,0,2.033,2.031,0,12,9.966,21.969,0,24,2.033,14.032,12,24,21.963,21.969,24Z\" \/>\n<\/svg><br \/>\n<\/span><br \/>\n<\/button><\/p>\n<div class=\"v-mdl__c\">\n<div class=\"v-mdl__w\">\n<img loading=\"lazy\" src=\"http:\/\/cordobainforma.info\/wp-content\/uploads\/2025\/08\/la-temporada-final-de-esta-serie-espanola-que-es-un-thriller-adictivo-ya-esta-arrasando-en-prime-video.png\" class=\"v-mdl__img-z\" width=\"650\" height=\"650\" alt>\n<\/div>\n<\/div>\n<\/div>\n<p><span class=\"v-bdp\"><\/span><br \/>\n<\/article>\n<\/div>\n<\/div>\n<p class=\"voc-paragraph\">Un conjunto de elementos que, unidos a la retah\u00edla de <strong>giros argumentales y sorpresas<\/strong> a las que nos tienen acostumbrados Castillo y Parra, dan forma a un cierre cargado de tensi\u00f3n que parece haber enganchado a miles de fans de nuestro pa\u00eds, ansiosos de ver el final de una de las series polic\u00edacas m\u00e1s adictivas que Prime Video ha lanzado en los \u00faltimos a\u00f1os.<\/p>\n<p><h3 class=\"v-cmp-suh\">\nUn \u00e9xito sin tapujos<br \/>\n<\/h3>\n<\/p>\n<p class=\"voc-paragraph\">Una cosa que ha quedado clara con la producci\u00f3n espa\u00f1ola es que se trata de una trama que<strong> est\u00e1 hecha para triunfar<\/strong>, ya que al \u00e9xito televisivo habr\u00eda que sumar el literario. Un fen\u00f3meno que pone de nuevo en evidencia el enorme inter\u00e9s que existe en nuestro pa\u00eds por este tipo de historias y por personajes tan enigm\u00e1ticos y atractivos como es el inquientante Augusto Ledesma.<\/p>\n<p class=\"voc-paragraph\">Con cada temporada, Memento Mori ha ido creciendo, demostr\u00e1ndose como una serie que ha sabido evolucionar y <strong>crecer con el inter\u00e9s del p\u00fablico<\/strong>. Por otro lado, tambi\u00e9n hay que mencionar que la serie ya ten\u00eda un camino muy bien marcado con la historia desarrollada en las novelas s\u00faper ventas de Gellida, pero tambi\u00e9n es igualmente cierto que ha sabido buscarse muy bien su propio camino para ofrecer una adaptaci\u00f3n a la altura y de lo m\u00e1s entretenida.<\/p>\n<div class=\"v-c-cmp v-c-cmp--s\">\n<div class=\"v-cmp-m \">\n<article class=\"v-a v-a--cmp-m v-c-cmp--m-z\">\n<div class=\"v-a-img-c \">\n<div class=\"v-a-fig\">\n<button class=\"v-a-link\" popovertarget=\"photo-782\"><br \/>\n<img loading=\"lazy\" src=\"http:\/\/cordobainforma.info\/wp-content\/uploads\/2025\/08\/la-temporada-final-de-esta-serie-espanola-que-es-un-thriller-adictivo-ya-esta-arrasando-en-prime-video-1.png\" class=\"v-a-img\" width=\"650\" height=\"650\" alt=\"Sancho (Francisco Ortiz) no se dentendr\u00e1 ante nada para tratar de detener de una vez por todas a Ledesma.\" data-voc-vtm-id=\"in-text-traffic\"> <\/button><figcaption class=\"v-fc\">\n<span class=\"v-fc__t\"><br \/>\nSancho (Francisco Ortiz) no se dentendr\u00e1 ante nada para tratar de detener de una vez por todas a Ledesma.<br \/>\n<\/span><br \/>\n<span class=\"v-fc__p\"><br \/>\nPRIME VIDEO<br \/>\n<\/span><br \/>\n<\/figcaption><\/div>\n<\/div>\n<div id=\"photo-782\" popover class=\"v-mdl v-mdl--fw\">\n<button class=\"v-x\" popovertarget=\"photo-782\" popovertargetaction=\"hide\"><br \/>\n<span class=\"v-i\"><br \/>\n<svg width=\"24\" height=\"23.996\" viewBox=\"0 0 24 23.996\">\n<path data-name=\"Uni\u00f3n 29\" d=\"M12,14.03,2.031,24,0,21.963,9.968,12,0,2.033,2.031,0,12,9.966,21.969,0,24,2.033,14.032,12,24,21.963,21.969,24Z\" \/>\n<\/svg><br \/>\n<\/span><br \/>\n<\/button><\/p>\n<div class=\"v-mdl__c\">\n<div class=\"v-mdl__w\">\n<img loading=\"lazy\" src=\"http:\/\/cordobainforma.info\/wp-content\/uploads\/2025\/08\/la-temporada-final-de-esta-serie-espanola-que-es-un-thriller-adictivo-ya-esta-arrasando-en-prime-video-1.png\" class=\"v-mdl__img-z\" width=\"650\" height=\"650\" alt>\n<\/div>\n<\/div>\n<\/div>\n<p><span class=\"v-bdp\"><\/span><br \/>\n<\/article>\n<\/div>\n<\/div>\n<p class=\"voc-paragraph\">Un \u00e9xito que apunta a tener tambi\u00e9n con su tercera temporada, solo superada por titanes de la plataforma de Prime Video como Ballard o El verano en que me enamor\u00e9. Memento Mori llega a su final con una temporada que <a href=\"https:\/\/www.mujerhoy.com\/vivir\/ocio\/nueva-serie-francesa-netflix-thriller-sol-negro-20250715131751-nt.html\" target=\"_self\" data-voc-vtm-id=\"in-text-traffic\" title=\"ha levantado un enorme inter\u00e9s\" data-mrf-link=\"www.mujerhoy.com\" rel=\"noopener noreferrer\">ha levantado un enorme inter\u00e9s<\/a> y que est\u00e1 cumpliendo con las expectativas de los much\u00edsimos fans que la serie tiene repartidos por toda la geograf\u00eda espa\u00f1ola.<\/p>\n<div class=\"v-c-cmp v-c-cmp--t1 \">\n<div class=\"v-cmp-rld v-cmp-rld--2 \">\n<div class=\"v-cnt-m v-cnt-m--m\">\n<div class=\"v-cnt-m__c\">\n<div class=\"v-cnt-m__w v-cnt-m__w--1\">\n<p class=\"v-cnt-m__t\">\nTAMBI\u00c9N TE INTERESA\n<\/p>\n<\/div>\n<\/div>\n<\/div>\n<div class=\"v-g v-g--2-c v-g--bdr-min-xs\">\n<div class=\"v-g__c \">\n<article class=\"v-a v-a--cmp-rld v-a--cmp-rld-2 v-a--p-l\">\n<div class=\"v-a-img-c\">\n<figure class=\"v-a-fig\">\n<a href=\"https:\/\/www.mujerhoy.com\/vivir\/ocio\/instituto-serie-terror-basada-novela-stephen-king-arrasa-mgm-20250729175624-nt.html#vtm_modulosEngag=mod-rel:vivir:noticia:1:cmp:2-not\" class=\"v-a-link\" title=\"La serie de terror del verano est\u00e1 basada en una novela de Stephen King y ha sorprendido a todo el mundo\"><br \/>\n<img loading=\"lazy\" class=\"v-a-img\" src=\"http:\/\/cordobainforma.info\/wp-content\/uploads\/2025\/08\/la-temporada-final-de-esta-serie-espanola-que-es-un-thriller-adictivo-ya-esta-arrasando-en-prime-video-3.jpg\" alt=\"La serie de terror del verano est\u00e1 basada en una novela de Stephen King y ha sorprendido a todo el mundo\"><br \/>\n<\/a><br \/>\n<\/figure>\n<\/div>\n<\/article>\n<\/div>\n<div class=\"v-g__c \">\n<article class=\"v-a v-a--cmp-rld v-a--cmp-rld-2 v-a--p-l\">\n<div class=\"v-a-img-c\">\n<figure class=\"v-a-fig\">\n<a href=\"https:\/\/www.mujerhoy.com\/vivir\/ocio\/eramos-mentirosos-serie-misterio-prime-video-intriga-thriller-exito-20250720131006-nt.html#vtm_modulosEngag=mod-rel:vivir:noticia:2:cmp:2-not\" class=\"v-a-link\" title=\"La serie de misterio que lleva semanas arrasando en Prime Video y de la que todo el mundo habla\"><br \/>\n<img loading=\"lazy\" class=\"v-a-img\" src=\"http:\/\/cordobainforma.info\/wp-content\/uploads\/2025\/08\/la-temporada-final-de-esta-serie-espanola-que-es-un-thriller-adictivo-ya-esta-arrasando-en-prime-video-4.jpg\" alt=\"La serie de misterio que lleva semanas arrasando en Prime Video y de la que todo el mundo habla\"><br \/>\n<\/a><br \/>\n<\/figure>\n<\/div>\n<\/article>\n<\/div>\n<\/div>\n<\/div>\n<\/div>\n","protected":false},"excerpt":{"rendered":"<p>Memento Mori se ha ganado, por derecho propio, el ser considerada como uno de los thrillers del momento. Prime Video estrena los cap\u00edtulos finales de la producci\u00f3n protagonizada por Yon Gonz\u00e1lez (Bajo sospecha) y Francisco Ortiz (Apocalipsis Z) sobre un tenebroso asesino en serie y el decidido polic\u00eda que no descansar\u00e1 hasta detenerle, cueste lo [&hellip;]<\/p>\n","protected":false},"author":1,"featured_media":164725,"comment_status":"open","ping_status":"closed","sticky":false,"template":"","format":"standard","meta":[],"categories":[18],"tags":[],"_links":{"self":[{"href":"http:\/\/cordobainforma.info\/index.php\/wp-json\/wp\/v2\/posts\/164724"}],"collection":[{"href":"http:\/\/cordobainforma.info\/index.php\/wp-json\/wp\/v2\/posts"}],"about":[{"href":"http:\/\/cordobainforma.info\/index.php\/wp-json\/wp\/v2\/types\/post"}],"author":[{"embeddable":true,"href":"http:\/\/cordobainforma.info\/index.php\/wp-json\/wp\/v2\/users\/1"}],"replies":[{"embeddable":true,"href":"http:\/\/cordobainforma.info\/index.php\/wp-json\/wp\/v2\/comments?post=164724"}],"version-history":[{"count":0,"href":"http:\/\/cordobainforma.info\/index.php\/wp-json\/wp\/v2\/posts\/164724\/revisions"}],"wp:featuredmedia":[{"embeddable":true,"href":"http:\/\/cordobainforma.info\/index.php\/wp-json\/wp\/v2\/media\/164725"}],"wp:attachment":[{"href":"http:\/\/cordobainforma.info\/index.php\/wp-json\/wp\/v2\/media?parent=164724"}],"wp:term":[{"taxonomy":"category","embeddable":true,"href":"http:\/\/cordobainforma.info\/index.php\/wp-json\/wp\/v2\/categories?post=164724"},{"taxonomy":"post_tag","embeddable":true,"href":"http:\/\/cordobainforma.info\/index.php\/wp-json\/wp\/v2\/tags?post=164724"}],"curies":[{"name":"wp","href":"https:\/\/api.w.org\/{rel}","templated":true}]}}