{"id":164720,"date":"2025-08-13T06:38:56","date_gmt":"2025-08-13T06:38:56","guid":{"rendered":"https:\/\/www.mujerhoy.com\/moda\/no-te-pierdas\/novedades-hym-basicos-look-oficina-tendencias-otono-20250813175514-nt.html"},"modified":"2025-08-13T06:38:56","modified_gmt":"2025-08-13T06:38:56","slug":"las-novedades-de-hm-tienen-la-mejor-ropa-para-estrenar-en-la-oficina-en-septiembre","status":"publish","type":"post","link":"http:\/\/cordobainforma.info\/index.php\/2025\/08\/13\/las-novedades-de-hm-tienen-la-mejor-ropa-para-estrenar-en-la-oficina-en-septiembre\/","title":{"rendered":"Las novedades de H&amp;M tienen la mejor ropa para estrenar en la oficina en septiembre"},"content":{"rendered":"<div class=\"media_block\"><\/div>\n<p><!-- AUTHOR --><\/p>\n<div class=\"voc-author-timesocial \">\n<!-- AUTHOR --><\/p>\n<div class=\"voc-author-timesocial__signature \">\n<!-- IMAGE AUTHOR -->\n<picture class=\"voc-image-signature\">\n<img class=\"voc-image-signature__img\" src=\"http:\/\/cordobainforma.info\/wp-content\/uploads\/2025\/08\/las-novedades-de-hm-tienen-la-mejor-ropa-para-estrenar-en-la-oficina-en-septiembre.jpg\" alt=\"Elena Olivero\">\n<\/picture>\n<!-- INFO AUTHOR --> <\/div><\/div>\n<p><!-- COMPONENTS --><\/p>\n<p class=\"voc-paragraph\">El <a href=\"https:\/\/www.mujerhoy.com\/moda\/no-te-pierdas\/mejores-looks-oficina-elegantes-basicos-armario-diario-copiar-influencers-20241217161001-nt.html\" data-voc-vtm-id=\"in-text-traffic\" title=\"look de oficina\" data-mrf-link=\"www.mujerhoy.com\">look de oficina<\/a> protagoniza la <strong>nueva colecci\u00f3n de H&amp;M<\/strong>. La marca sueca se prepara para la llegada de septiembre y la vuelta al trabajo con prendas b\u00e1sicas al estilo office con <a href=\"https:\/\/www.mujerhoy.com\/moda\/no-te-pierdas\/camisas-rayas-basicos-atemporales-armario-capsula-mujeres-mayores-50-anos-zara-hym-20250802081145-nt.html\" data-voc-vtm-id=\"in-text-traffic\" title=\"camisas de rayas\" data-mrf-link=\"www.mujerhoy.com\">camisas de rayas<\/a>, faldas de tubo, pantalones de traje y otros elementos cl\u00e1sicos del power dressing ideal para ir bien vestida a trabajar. As\u00ed, no tendr\u00e1s que pensar en qu\u00e9 te pones cada ma\u00f1ana y acertar\u00e1s seguro.<\/p>\n<p class=\"voc-paragraph\">Incluso aparecen complementos y calzado perfectos para acompa\u00f1ar a estos outfits diarios, como el regreso de los mocasines y tambi\u00e9n <a href=\"https:\/\/www.mujerhoy.com\/moda\/no-te-pierdas\/bolsos-tendencia-otono-2025-segun-street-style-20250812120126-nt.html\" data-voc-vtm-id=\"in-text-traffic\" title=\"bolsos elegantes\" data-mrf-link=\"www.mujerhoy.com\">bolsos elegantes<\/a> con los que elevarlos. Adem\u00e1s, tampoco se quedan fuera las tendencias como la del estilo rom\u00e1ntico que gozar\u00e1 de mucha popularidad en entretiempo y oto\u00f1o. As\u00ed que, para comenzar la rentr\u00e9e del mejor modo, tienes que fichar estas <strong>novedades de H&amp;M<\/strong>.<\/p>\n<div class=\"v-c-cmp v-c-cmp--t1 \">\n<div class=\"v-cmp-rld v-cmp-rld--2 \">\n<div class=\"v-cnt-m v-cnt-m--m\">\n<div class=\"v-cnt-m__c\">\n<div class=\"v-cnt-m__w v-cnt-m__w--1\">\n<p class=\"v-cnt-m__t\">\nTAMBI\u00c9N TE INTERESA\n<\/p>\n<\/div>\n<\/div>\n<\/div>\n<div class=\"v-g v-g--2-c v-g--bdr-min-xs\">\n<div class=\"v-g__c \">\n<article class=\"v-a v-a--cmp-rld v-a--cmp-rld-2 v-a--p-l\">\n<div class=\"v-a-img-c\">\n<figure class=\"v-a-fig\">\n<a href=\"https:\/\/www.mujerhoy.com\/moda\/no-te-pierdas\/mejores-trajes-clasicos-look-oficina-mujeres-mayores-50-anos-mango-20250812075206-nt.html#vtm_modulosEngag=mod-rel:moda:noticia:1:cmp:2-not\" class=\"v-a-link\" title=\"Los mejores&nbsp;trajes cl\u00e1sicos para mujeres +50 que solucionan el look&nbsp;de oficina\"><br \/>\n<img loading=\"lazy\" class=\"v-a-img\" src=\"http:\/\/cordobainforma.info\/wp-content\/uploads\/2025\/08\/las-novedades-de-hm-tienen-la-mejor-ropa-para-estrenar-en-la-oficina-en-septiembre-1.jpg\" alt=\"Los mejores&nbsp;trajes cl\u00e1sicos para mujeres +50 que solucionan el look&nbsp;de oficina\"><br \/>\n<\/a><br \/>\n<\/figure>\n<\/div>\n<\/article>\n<\/div>\n<div class=\"v-g__c \">\n<article class=\"v-a v-a--cmp-rld v-a--cmp-rld-2 v-a--p-l\">\n<div class=\"v-a-img-c\">\n<figure class=\"v-a-fig\">\n<a href=\"https:\/\/www.mujerhoy.com\/moda\/no-te-pierdas\/pantalones-vestir-low-cost-basicos-fondo-armario-oficina-stradivarius-hym-20250812193326-nt.html#vtm_modulosEngag=mod-rel:moda:noticia:2:cmp:2-not\" class=\"v-a-link\" title=\"Necesitas estos pantalones de vestir low cost para la vuelta a la oficina\"><br \/>\n<img loading=\"lazy\" class=\"v-a-img\" src=\"http:\/\/cordobainforma.info\/wp-content\/uploads\/2025\/08\/las-novedades-de-hm-tienen-la-mejor-ropa-para-estrenar-en-la-oficina-en-septiembre-2.jpg\" alt=\"Necesitas estos pantalones de vestir low cost para la vuelta a la oficina\"><br \/>\n<\/a><br \/>\n<\/figure>\n<\/div>\n<\/article>\n<\/div>\n<\/div>\n<\/div>\n<\/div>\n<div class=\"v-c-cmp v-c-cmp--s\">\n<div class=\"v-cmp-m \">\n<article class=\"v-a v-a--cmp-m v-c-cmp--m-z\">\n<div class=\"v-a-img-c \">\n<div class=\"v-a-fig\">\n<button class=\"v-a-link\" popovertarget=\"photo-715\"><br \/>\n<img loading=\"lazy\" src=\"http:\/\/cordobainforma.info\/wp-content\/uploads\/2025\/08\/las-novedades-de-hm-tienen-la-mejor-ropa-para-estrenar-en-la-oficina-en-septiembre-3.jpg\" class=\"v-a-img\" width=\"650\" height=\"650\" alt=\"Pantalones de vestir b\u00e1sicos\" data-voc-vtm-id=\"in-text-traffic\"> <\/button><figcaption class=\"v-fc\">\n<span class=\"v-fc__t\"><br \/>\nPantalones de vestir b\u00e1sicos<br \/>\n<\/span><br \/>\n<span class=\"v-fc__p\"><br \/>\nH&amp;M<br \/>\n<\/span><br \/>\n<\/figcaption><\/div>\n<\/div>\n<div id=\"photo-715\" popover class=\"v-mdl v-mdl--fw\">\n<button class=\"v-x\" popovertarget=\"photo-715\" popovertargetaction=\"hide\"><br \/>\n<span class=\"v-i\"><br \/>\n<svg width=\"24\" height=\"23.996\" viewBox=\"0 0 24 23.996\">\n<path data-name=\"Uni\u00f3n 29\" d=\"M12,14.03,2.031,24,0,21.963,9.968,12,0,2.033,2.031,0,12,9.966,21.969,0,24,2.033,14.032,12,24,21.963,21.969,24Z\" \/>\n<\/svg><br \/>\n<\/span><br \/>\n<\/button><\/p>\n<div class=\"v-mdl__c\">\n<div class=\"v-mdl__w\">\n<img loading=\"lazy\" src=\"http:\/\/cordobainforma.info\/wp-content\/uploads\/2025\/08\/las-novedades-de-hm-tienen-la-mejor-ropa-para-estrenar-en-la-oficina-en-septiembre-3.jpg\" class=\"v-mdl__img-z\" width=\"650\" height=\"650\" alt>\n<\/div>\n<\/div>\n<\/div>\n<p><span class=\"v-bdp\"><\/span><br \/>\n<\/article>\n<\/div>\n<\/div>\n<p><h3 class=\"v-cmp-suh\">\nPantal\u00f3n de vestir recto (27,99 euros)<br \/>\n<\/h3>\n<\/p>\n<p class=\"voc-paragraph\">La llegada de septiembre significa volver al trabajo para la gran mayor\u00eda y por eso, H&amp;M apuesta por el estilo office y su representativo <strong>estampado de raya diplom\u00e1tica<\/strong>. En especial, si quieres vestir formal y elegante para el trabajo, estos pantalones son perfectos y queda ideales con tus <a href=\"https:\/\/www.mujerhoy.com\/moda\/no-te-pierdas\/camisa-basica-fondo-armario-primavera-zara-20250325134614-nt.html\" data-voc-vtm-id=\"in-text-traffic\" title=\"camisas cl\u00e1sicas\" data-mrf-link=\"www.mujerhoy.com\">camisas cl\u00e1sicas<\/a> o camisetas.<\/p>\n<div class=\"v-c-cmp v-c-cmp--s\">\n<div class=\"v-cmp-m \">\n<article class=\"v-a v-a--cmp-m v-c-cmp--m-z\">\n<div class=\"v-a-img-c \">\n<div class=\"v-a-fig\">\n<button class=\"v-a-link\" popovertarget=\"photo-46\"><br \/>\n<img loading=\"lazy\" src=\"http:\/\/cordobainforma.info\/wp-content\/uploads\/2025\/08\/las-novedades-de-hm-tienen-la-mejor-ropa-para-estrenar-en-la-oficina-en-septiembre-4.jpg\" class=\"v-a-img\" width=\"650\" height=\"650\" alt=\"Falda de tubo midi\" data-voc-vtm-id=\"in-text-traffic\"> <\/button><figcaption class=\"v-fc\">\n<span class=\"v-fc__t\"><br \/>\nFalda de tubo midi<br \/>\n<\/span><br \/>\n<span class=\"v-fc__p\"><br \/>\nH&amp;M<br \/>\n<\/span><br \/>\n<\/figcaption><\/div>\n<\/div>\n<div id=\"photo-46\" popover class=\"v-mdl v-mdl--fw\">\n<button class=\"v-x\" popovertarget=\"photo-46\" popovertargetaction=\"hide\"><br \/>\n<span class=\"v-i\"><br \/>\n<svg width=\"24\" height=\"23.996\" viewBox=\"0 0 24 23.996\">\n<path data-name=\"Uni\u00f3n 29\" d=\"M12,14.03,2.031,24,0,21.963,9.968,12,0,2.033,2.031,0,12,9.966,21.969,0,24,2.033,14.032,12,24,21.963,21.969,24Z\" \/>\n<\/svg><br \/>\n<\/span><br \/>\n<\/button><\/p>\n<div class=\"v-mdl__c\">\n<div class=\"v-mdl__w\">\n<img loading=\"lazy\" src=\"http:\/\/cordobainforma.info\/wp-content\/uploads\/2025\/08\/las-novedades-de-hm-tienen-la-mejor-ropa-para-estrenar-en-la-oficina-en-septiembre-4.jpg\" class=\"v-mdl__img-z\" width=\"650\" height=\"650\" alt>\n<\/div>\n<\/div>\n<\/div>\n<p><span class=\"v-bdp\"><\/span><br \/>\n<\/article>\n<\/div>\n<\/div>\n<p><h3 class=\"v-cmp-suh\">\nFalda de tubo (27,99 euros)<br \/>\n<\/h3>\n<\/p>\n<p class=\"voc-paragraph\">Es otro de los <strong>b\u00e1sicos del vestuario de oficina<\/strong> que no pueden faltar en tu armario si quieres solucionar tu outfit de diario. Esta falda l\u00e1piz es un comod\u00edn f\u00e1cil de combinar con todo cuando no sepas qu\u00e9 ponerte y no quieras volver a llevar vaqueros. Adem\u00e1s, hace tipazo al estilizar la silueta y es perfecta para conjuntar con <a href=\"https:\/\/www.mujerhoy.com\/moda\/tendencias\/zapatos-comodos-elegantes-kitten-heels-primavera-20250510123528-nt.html\" data-voc-vtm-id=\"in-text-traffic\" title=\"kitten heels\" data-mrf-link=\"www.mujerhoy.com\">kitten heels<\/a>.<\/p>\n<div class=\"v-c-cmp v-c-cmp--s\">\n<div class=\"v-cmp-m \">\n<article class=\"v-a v-a--cmp-m v-c-cmp--m-z\">\n<div class=\"v-a-img-c \">\n<div class=\"v-a-fig\">\n<button class=\"v-a-link\" popovertarget=\"photo-853\"><br \/>\n<img loading=\"lazy\" src=\"http:\/\/cordobainforma.info\/wp-content\/uploads\/2025\/08\/las-novedades-de-hm-tienen-la-mejor-ropa-para-estrenar-en-la-oficina-en-septiembre-5.jpg\" class=\"v-a-img\" width=\"650\" height=\"650\" alt=\"Camisa con estampado de rayas\" data-voc-vtm-id=\"in-text-traffic\"> <\/button><figcaption class=\"v-fc\">\n<span class=\"v-fc__t\"><br \/>\nCamisa con estampado de rayas<br \/>\n<\/span><br \/>\n<span class=\"v-fc__p\"><br \/>\nH&amp;M<br \/>\n<\/span><br \/>\n<\/figcaption><\/div>\n<\/div>\n<div id=\"photo-853\" popover class=\"v-mdl v-mdl--fw\">\n<button class=\"v-x\" popovertarget=\"photo-853\" popovertargetaction=\"hide\"><br \/>\n<span class=\"v-i\"><br \/>\n<svg width=\"24\" height=\"23.996\" viewBox=\"0 0 24 23.996\">\n<path data-name=\"Uni\u00f3n 29\" d=\"M12,14.03,2.031,24,0,21.963,9.968,12,0,2.033,2.031,0,12,9.966,21.969,0,24,2.033,14.032,12,24,21.963,21.969,24Z\" \/>\n<\/svg><br \/>\n<\/span><br \/>\n<\/button><\/p>\n<div class=\"v-mdl__c\">\n<div class=\"v-mdl__w\">\n<img loading=\"lazy\" src=\"http:\/\/cordobainforma.info\/wp-content\/uploads\/2025\/08\/las-novedades-de-hm-tienen-la-mejor-ropa-para-estrenar-en-la-oficina-en-septiembre-5.jpg\" class=\"v-mdl__img-z\" width=\"650\" height=\"650\" alt>\n<\/div>\n<\/div>\n<\/div>\n<p><span class=\"v-bdp\"><\/span><br \/>\n<\/article>\n<\/div>\n<\/div>\n<p><h3 class=\"v-cmp-suh\">\nCamisa de rayas (29,99 euros)<br \/>\n<\/h3>\n<\/p>\n<p class=\"voc-paragraph\">Tambi\u00e9n es un cl\u00e1sico del <strong>armario c\u00e1psula<\/strong> que tienes que renovar para la nueva temporada. La camisa con estampado de rayas es un esencial que llevar\u00e1s con pantalones de traje o con <a href=\"https:\/\/www.mujerhoy.com\/moda\/no-te-pierdas\/faldas-vuelo-looks-elegantes-verano-mango-sfera-20250713112910-nt.html\" data-voc-vtm-id=\"in-text-traffic\" title=\"faldas midi\" data-mrf-link=\"www.mujerhoy.com\">faldas midi<\/a> e incluso por debajo de jers\u00e9is cuando empiece el fr\u00edo. Nunca falla y en especial, este original modelo con pu\u00f1o y cuello a contraste le aportar\u00e1 un plus de estilo a tu outfit.<\/p>\n<div class=\"v-c-cmp v-c-cmp--s\">\n<div class=\"v-cmp-m \">\n<article class=\"v-a v-a--cmp-m v-c-cmp--m-z\">\n<div class=\"v-a-img-c \">\n<div class=\"v-a-fig\">\n<button class=\"v-a-link\" popovertarget=\"photo-91\"><br \/>\n<img loading=\"lazy\" src=\"http:\/\/cordobainforma.info\/wp-content\/uploads\/2025\/08\/las-novedades-de-hm-tienen-la-mejor-ropa-para-estrenar-en-la-oficina-en-septiembre-6.jpg\" class=\"v-a-img\" width=\"650\" height=\"650\" alt=\"Vaqueros anchos con tiro alto\" data-voc-vtm-id=\"in-text-traffic\"> <\/button><figcaption class=\"v-fc\">\n<span class=\"v-fc__t\"><br \/>\nVaqueros anchos con tiro alto<br \/>\n<\/span><br \/>\n<span class=\"v-fc__p\"><br \/>\nH&amp;M<br \/>\n<\/span><br \/>\n<\/figcaption><\/div>\n<\/div>\n<div id=\"photo-91\" popover class=\"v-mdl v-mdl--fw\">\n<button class=\"v-x\" popovertarget=\"photo-91\" popovertargetaction=\"hide\"><br \/>\n<span class=\"v-i\"><br \/>\n<svg width=\"24\" height=\"23.996\" viewBox=\"0 0 24 23.996\">\n<path data-name=\"Uni\u00f3n 29\" d=\"M12,14.03,2.031,24,0,21.963,9.968,12,0,2.033,2.031,0,12,9.966,21.969,0,24,2.033,14.032,12,24,21.963,21.969,24Z\" \/>\n<\/svg><br \/>\n<\/span><br \/>\n<\/button><\/p>\n<div class=\"v-mdl__c\">\n<div class=\"v-mdl__w\">\n<img loading=\"lazy\" src=\"http:\/\/cordobainforma.info\/wp-content\/uploads\/2025\/08\/las-novedades-de-hm-tienen-la-mejor-ropa-para-estrenar-en-la-oficina-en-septiembre-6.jpg\" class=\"v-mdl__img-z\" width=\"650\" height=\"650\" alt>\n<\/div>\n<\/div>\n<\/div>\n<p><span class=\"v-bdp\"><\/span><br \/>\n<\/article>\n<\/div>\n<\/div>\n<p><h3 class=\"v-cmp-suh\">\nVaqueros wide ultra high (27,99 euros)<br \/>\n<\/h3>\n<\/p>\n<p class=\"voc-paragraph\">Disponibles en todos los tonos, estos <strong>vaqueros anchos<\/strong> se convierten en el modelo favorito de la pr\u00f3xima temporada, dicho por todas las expertas en moda. Son c\u00f3modos, modernos y quedan super estilosos, sobre todo si los llevas con zapatos de tac\u00f3n y blazers. Aunque, tambi\u00e9n te los puedes poner con tus <a href=\"https:\/\/www.mujerhoy.com\/moda\/no-te-pierdas\/portuguesas-obsesionadas-zapatillas-clasicas-suela-contraste-vans-20250812105445-nt.html\" data-voc-vtm-id=\"in-text-traffic\" title=\"zapatillas deportivas\" data-mrf-link=\"www.mujerhoy.com\">zapatillas deportivas<\/a> para ir super a gusto a diario.<\/p>\n<div class=\"v-c-cmp v-c-cmp--s\">\n<div class=\"v-cmp-m \">\n<article class=\"v-a v-a--cmp-m v-c-cmp--m-z\">\n<div class=\"v-a-img-c \">\n<div class=\"v-a-fig\">\n<button class=\"v-a-link\" popovertarget=\"photo-408\"><br \/>\n<img loading=\"lazy\" src=\"http:\/\/cordobainforma.info\/wp-content\/uploads\/2025\/08\/las-novedades-de-hm-tienen-la-mejor-ropa-para-estrenar-en-la-oficina-en-septiembre-7.jpg\" class=\"v-a-img\" width=\"650\" height=\"650\" alt=\"Abrigo oversize con bufanda\" data-voc-vtm-id=\"in-text-traffic\"> <\/button><figcaption class=\"v-fc\">\n<span class=\"v-fc__t\"><br \/>\nAbrigo oversize con bufanda<br \/>\n<\/span><br \/>\n<span class=\"v-fc__p\"><br \/>\nH&amp;M<br \/>\n<\/span><br \/>\n<\/figcaption><\/div>\n<\/div>\n<div id=\"photo-408\" popover class=\"v-mdl v-mdl--fw\">\n<button class=\"v-x\" popovertarget=\"photo-408\" popovertargetaction=\"hide\"><br \/>\n<span class=\"v-i\"><br \/>\n<svg width=\"24\" height=\"23.996\" viewBox=\"0 0 24 23.996\">\n<path data-name=\"Uni\u00f3n 29\" d=\"M12,14.03,2.031,24,0,21.963,9.968,12,0,2.033,2.031,0,12,9.966,21.969,0,24,2.033,14.032,12,24,21.963,21.969,24Z\" \/>\n<\/svg><br \/>\n<\/span><br \/>\n<\/button><\/p>\n<div class=\"v-mdl__c\">\n<div class=\"v-mdl__w\">\n<img loading=\"lazy\" src=\"http:\/\/cordobainforma.info\/wp-content\/uploads\/2025\/08\/las-novedades-de-hm-tienen-la-mejor-ropa-para-estrenar-en-la-oficina-en-septiembre-7.jpg\" class=\"v-mdl__img-z\" width=\"650\" height=\"650\" alt>\n<\/div>\n<\/div>\n<\/div>\n<p><span class=\"v-bdp\"><\/span><br \/>\n<\/article>\n<\/div>\n<\/div>\n<p><h3 class=\"v-cmp-suh\">\nAbrigo artesanal mezcla de lana (179 euros)<br \/>\n<\/h3>\n<\/p>\n<p class=\"voc-paragraph\">La pasarela lo adelant\u00f3 y H&amp;M lo confirma: la <strong>tendencia de los abrigos con bufanda<\/strong> vuelve para este oto\u00f1o-invierno. El wrapped coat ser\u00e1 lo m\u00e1s durante los meses de fr\u00edo y es que aparte de ser un dise\u00f1o super elegante, tambi\u00e9n es pr\u00e1ctico porque viene con complemento inclu\u00eddo para no pasar fr\u00edo. Ideal para llevar con tus <a href=\"https:\/\/www.mujerhoy.com\/moda\/tendencias\/botas-tendencia-otono-expertas-moda-massimo-dutti-mango-20240904124014-nt.html\" title=\"www.mujerhoy.com\" data-voc-vtm-id=\"in-text-traffic\" data-mrf-link=\"www.mujerhoy.com\">botas altas<\/a>.<\/p>\n<div class=\"v-c-cmp v-c-cmp--s\">\n<div class=\"v-cmp-m \">\n<article class=\"v-a v-a--cmp-m v-c-cmp--m-z\">\n<div class=\"v-a-img-c \">\n<div class=\"v-a-fig\">\n<button class=\"v-a-link\" popovertarget=\"photo-112\"><br \/>\n<img loading=\"lazy\" src=\"http:\/\/cordobainforma.info\/wp-content\/uploads\/2025\/08\/las-novedades-de-hm-tienen-la-mejor-ropa-para-estrenar-en-la-oficina-en-septiembre-8.jpg\" class=\"v-a-img\" width=\"650\" height=\"650\" alt=\"Minifalda tableada\" data-voc-vtm-id=\"in-text-traffic\"> <\/button><figcaption class=\"v-fc\">\n<span class=\"v-fc__t\"><br \/>\nMinifalda tableada<br \/>\n<\/span><br \/>\n<span class=\"v-fc__p\"><br \/>\nH&amp;M<br \/>\n<\/span><br \/>\n<\/figcaption><\/div>\n<\/div>\n<div id=\"photo-112\" popover class=\"v-mdl v-mdl--fw\">\n<button class=\"v-x\" popovertarget=\"photo-112\" popovertargetaction=\"hide\"><br \/>\n<span class=\"v-i\"><br \/>\n<svg width=\"24\" height=\"23.996\" viewBox=\"0 0 24 23.996\">\n<path data-name=\"Uni\u00f3n 29\" d=\"M12,14.03,2.031,24,0,21.963,9.968,12,0,2.033,2.031,0,12,9.966,21.969,0,24,2.033,14.032,12,24,21.963,21.969,24Z\" \/>\n<\/svg><br \/>\n<\/span><br \/>\n<\/button><\/p>\n<div class=\"v-mdl__c\">\n<div class=\"v-mdl__w\">\n<img loading=\"lazy\" src=\"http:\/\/cordobainforma.info\/wp-content\/uploads\/2025\/08\/las-novedades-de-hm-tienen-la-mejor-ropa-para-estrenar-en-la-oficina-en-septiembre-8.jpg\" class=\"v-mdl__img-z\" width=\"650\" height=\"650\" alt>\n<\/div>\n<\/div>\n<\/div>\n<p><span class=\"v-bdp\"><\/span><br \/>\n<\/article>\n<\/div>\n<\/div>\n<p><h3 class=\"v-cmp-suh\">\nFalda pantal\u00f3n tableada (27,99 euros)<br \/>\n<\/h3>\n<\/p>\n<p class=\"voc-paragraph\">Tambi\u00e9n regresa a las tendencias del momento otra prenda que lleva siendo viral varias temporadas. Es la cl\u00e1sica <strong>falda de tablas<\/strong> que nos recuerda a los uniformes escolares y que en la vuelta al trabajo no te puede faltar. La llevar\u00e1s tanto con camisas y <a href=\"https:\/\/www.mujerhoy.com\/moda\/no-te-pierdas\/tendencia-street-style-copenhague-mocasines-con-calcetines-ideas-looks-20240809105323-nt.html\" data-voc-vtm-id=\"in-text-traffic\" title=\"mocasines con calcetines\" data-mrf-link=\"www.mujerhoy.com\">mocasines con calcetines<\/a>, como con sudaderas y zapatillas.<\/p>\n<div class=\"v-c-cmp v-c-cmp--s\">\n<div class=\"v-cmp-m \">\n<article class=\"v-a v-a--cmp-m v-c-cmp--m-z\">\n<div class=\"v-a-img-c \">\n<div class=\"v-a-fig\">\n<button class=\"v-a-link\" popovertarget=\"photo-871\"><br \/>\n<img loading=\"lazy\" src=\"http:\/\/cordobainforma.info\/wp-content\/uploads\/2025\/08\/las-novedades-de-hm-tienen-la-mejor-ropa-para-estrenar-en-la-oficina-en-septiembre-9.jpg\" class=\"v-a-img\" width=\"650\" height=\"650\" alt=\"Vestido corto con detalles bordados\" data-voc-vtm-id=\"in-text-traffic\"> <\/button><figcaption class=\"v-fc\">\n<span class=\"v-fc__t\"><br \/>\nVestido corto con detalles bordados<br \/>\n<\/span><br \/>\n<span class=\"v-fc__p\"><br \/>\nH&amp;M<br \/>\n<\/span><br \/>\n<\/figcaption><\/div>\n<\/div>\n<div id=\"photo-871\" popover class=\"v-mdl v-mdl--fw\">\n<button class=\"v-x\" popovertarget=\"photo-871\" popovertargetaction=\"hide\"><br \/>\n<span class=\"v-i\"><br \/>\n<svg width=\"24\" height=\"23.996\" viewBox=\"0 0 24 23.996\">\n<path data-name=\"Uni\u00f3n 29\" d=\"M12,14.03,2.031,24,0,21.963,9.968,12,0,2.033,2.031,0,12,9.966,21.969,0,24,2.033,14.032,12,24,21.963,21.969,24Z\" \/>\n<\/svg><br \/>\n<\/span><br \/>\n<\/button><\/p>\n<div class=\"v-mdl__c\">\n<div class=\"v-mdl__w\">\n<img loading=\"lazy\" src=\"http:\/\/cordobainforma.info\/wp-content\/uploads\/2025\/08\/las-novedades-de-hm-tienen-la-mejor-ropa-para-estrenar-en-la-oficina-en-septiembre-9.jpg\" class=\"v-mdl__img-z\" width=\"650\" height=\"650\" alt>\n<\/div>\n<\/div>\n<\/div>\n<p><span class=\"v-bdp\"><\/span><br \/>\n<\/article>\n<\/div>\n<\/div>\n<p><h3 class=\"v-cmp-suh\">\nVestido rom\u00e1ntico (39,99 euros)<br \/>\n<\/h3>\n<\/p>\n<p class=\"voc-paragraph\">El <strong>vestido babydoll<\/strong> lo llevar\u00e1s con <a href=\"https:\/\/www.mujerhoy.com\/moda\/no-te-pierdas\/gabardinas-entretiempo-clasicas-atemporales-tendencia-chaqueta-fondo-armario-20250801112217-nt.html\" data-voc-vtm-id=\"in-text-traffic\" title=\"gabardinas cl\u00e1sicas\" data-mrf-link=\"www.mujerhoy.com\">gabardinas cl\u00e1sicas<\/a> y botas cowboy o con chaquetas oversize y botas moteras para este oto\u00f1o. Es una de las prendas m\u00e1s deseadas por su estilo rom\u00e1ntico y coqueto, adornada con bordados, encajes y volantes. Se lleva much\u00edsimo por el \u00e9xito de la est\u00e9tica boho chic y sienta de maravilla a cualquier edad.<\/p>\n<div class=\"v-c-cmp v-c-cmp--s\">\n<div class=\"v-cmp-m \">\n<article class=\"v-a v-a--cmp-m v-c-cmp--m-z\">\n<div class=\"v-a-img-c \">\n<div class=\"v-a-fig\">\n<button class=\"v-a-link\" popovertarget=\"photo-232\"><br \/>\n<img loading=\"lazy\" src=\"http:\/\/cordobainforma.info\/wp-content\/uploads\/2025\/08\/las-novedades-de-hm-tienen-la-mejor-ropa-para-estrenar-en-la-oficina-en-septiembre-10.jpg\" class=\"v-a-img\" width=\"650\" height=\"650\" alt=\"Blusa con encaje y volantes\" data-voc-vtm-id=\"in-text-traffic\"> <\/button><figcaption class=\"v-fc\">\n<span class=\"v-fc__t\"><br \/>\nBlusa con encaje y volantes<br \/>\n<\/span><br \/>\n<span class=\"v-fc__p\"><br \/>\nH&amp;M<br \/>\n<\/span><br \/>\n<\/figcaption><\/div>\n<\/div>\n<div id=\"photo-232\" popover class=\"v-mdl v-mdl--fw\">\n<button class=\"v-x\" popovertarget=\"photo-232\" popovertargetaction=\"hide\"><br \/>\n<span class=\"v-i\"><br \/>\n<svg width=\"24\" height=\"23.996\" viewBox=\"0 0 24 23.996\">\n<path data-name=\"Uni\u00f3n 29\" d=\"M12,14.03,2.031,24,0,21.963,9.968,12,0,2.033,2.031,0,12,9.966,21.969,0,24,2.033,14.032,12,24,21.963,21.969,24Z\" \/>\n<\/svg><br \/>\n<\/span><br \/>\n<\/button><\/p>\n<div class=\"v-mdl__c\">\n<div class=\"v-mdl__w\">\n<img loading=\"lazy\" src=\"http:\/\/cordobainforma.info\/wp-content\/uploads\/2025\/08\/las-novedades-de-hm-tienen-la-mejor-ropa-para-estrenar-en-la-oficina-en-septiembre-10.jpg\" class=\"v-mdl__img-z\" width=\"650\" height=\"650\" alt>\n<\/div>\n<\/div>\n<\/div>\n<p><span class=\"v-bdp\"><\/span><br \/>\n<\/article>\n<\/div>\n<\/div>\n<p><h3 class=\"v-cmp-suh\">\nBlusa de volantes (24,99 euros)<br \/>\n<\/h3>\n<\/p>\n<p class=\"voc-paragraph\">No te puede faltar en tu <strong>armario de oto\u00f1o 2025<\/strong>. Esta prenda es la pareja perfecta para ponerte con unos <a href=\"https:\/\/www.mujerhoy.com\/moda\/no-te-pierdas\/vaqueros-pantalones-mejor-sientan-mango-como-llevarlos-20250731123743-nt.html\" data-voc-vtm-id=\"in-text-traffic\" title=\"pantalones vaqueros\" data-mrf-link=\"www.mujerhoy.com\">pantalones vaqueros<\/a> y unos botines de serraje al m\u00e1s puro estilo bohemio. Porque la blusa de volantes con encaje, se ha convertido en una de las opciones favoritas de las mejores vestidas, sobre todo en entretiempo.<\/p>\n<div class=\"v-c-cmp v-c-cmp--s\">\n<div class=\"v-cmp-m \">\n<article class=\"v-a v-a--cmp-m v-c-cmp--m-z\">\n<div class=\"v-a-img-c \">\n<div class=\"v-a-fig\">\n<button class=\"v-a-link\" popovertarget=\"photo-302\"><br \/>\n<img loading=\"lazy\" src=\"http:\/\/cordobainforma.info\/wp-content\/uploads\/2025\/08\/las-novedades-de-hm-tienen-la-mejor-ropa-para-estrenar-en-la-oficina-en-septiembre-11.jpg\" class=\"v-a-img\" width=\"650\" height=\"650\" alt=\"Mocasines animal print efecto pelo\" data-voc-vtm-id=\"in-text-traffic\"> <\/button><figcaption class=\"v-fc\">\n<span class=\"v-fc__t\"><br \/>\nMocasines animal print efecto pelo<br \/>\n<\/span><br \/>\n<span class=\"v-fc__p\"><br \/>\nH&amp;M<br \/>\n<\/span><br \/>\n<\/figcaption><\/div>\n<\/div>\n<div id=\"photo-302\" popover class=\"v-mdl v-mdl--fw\">\n<button class=\"v-x\" popovertarget=\"photo-302\" popovertargetaction=\"hide\"><br \/>\n<span class=\"v-i\"><br \/>\n<svg width=\"24\" height=\"23.996\" viewBox=\"0 0 24 23.996\">\n<path data-name=\"Uni\u00f3n 29\" d=\"M12,14.03,2.031,24,0,21.963,9.968,12,0,2.033,2.031,0,12,9.966,21.969,0,24,2.033,14.032,12,24,21.963,21.969,24Z\" \/>\n<\/svg><br \/>\n<\/span><br \/>\n<\/button><\/p>\n<div class=\"v-mdl__c\">\n<div class=\"v-mdl__w\">\n<img loading=\"lazy\" src=\"http:\/\/cordobainforma.info\/wp-content\/uploads\/2025\/08\/las-novedades-de-hm-tienen-la-mejor-ropa-para-estrenar-en-la-oficina-en-septiembre-11.jpg\" class=\"v-mdl__img-z\" width=\"650\" height=\"650\" alt>\n<\/div>\n<\/div>\n<\/div>\n<p><span class=\"v-bdp\"><\/span><br \/>\n<\/article>\n<\/div>\n<\/div>\n<p><h3 class=\"v-cmp-suh\">\nMocasines animal print (29,99 euros)<br \/>\n<\/h3>\n<\/p>\n<p class=\"voc-paragraph\">El cl\u00e1sico calzado de oficina regresa a nuestros armarios con la vuelta a la rutina. Nos despedimos de las <a href=\"https:\/\/www.mujerhoy.com\/moda\/no-te-pierdas\/sandalias-planas-minimalistas-comodas-verano-20250810190457-nt.html\" data-voc-vtm-id=\"in-text-traffic\" title=\"sandalias planas\" data-mrf-link=\"www.mujerhoy.com\">sandalias planas<\/a> y damos la bienvenida a los mocasines planos, de todos los estilos. Puedes optar por los cl\u00e1sicos. Pero, tambi\u00e9n se llevar\u00e1n mucho aquellos efecto ante o los de <strong>estampado animal<\/strong>, porque ser\u00e1 el print de moda esta temporada.<\/p>\n<div class=\"v-c-cmp v-c-cmp--s\">\n<div class=\"v-cmp-m \">\n<article class=\"v-a v-a--cmp-m v-c-cmp--m-z\">\n<div class=\"v-a-img-c \">\n<div class=\"v-a-fig\">\n<button class=\"v-a-link\" popovertarget=\"photo-914\"><br \/>\n<img loading=\"lazy\" src=\"http:\/\/cordobainforma.info\/wp-content\/uploads\/2025\/08\/las-novedades-de-hm-tienen-la-mejor-ropa-para-estrenar-en-la-oficina-en-septiembre-12.jpg\" class=\"v-a-img\" width=\"650\" height=\"650\" alt=\"Bolso efecto ante burdeos\" data-voc-vtm-id=\"in-text-traffic\"> <\/button><figcaption class=\"v-fc\">\n<span class=\"v-fc__t\"><br \/>\nBolso efecto ante burdeos<br \/>\n<\/span><br \/>\n<span class=\"v-fc__p\"><br \/>\nH&amp;M<br \/>\n<\/span><br \/>\n<\/figcaption><\/div>\n<\/div>\n<div id=\"photo-914\" popover class=\"v-mdl v-mdl--fw\">\n<button class=\"v-x\" popovertarget=\"photo-914\" popovertargetaction=\"hide\"><br \/>\n<span class=\"v-i\"><br \/>\n<svg width=\"24\" height=\"23.996\" viewBox=\"0 0 24 23.996\">\n<path data-name=\"Uni\u00f3n 29\" d=\"M12,14.03,2.031,24,0,21.963,9.968,12,0,2.033,2.031,0,12,9.966,21.969,0,24,2.033,14.032,12,24,21.963,21.969,24Z\" \/>\n<\/svg><br \/>\n<\/span><br \/>\n<\/button><\/p>\n<div class=\"v-mdl__c\">\n<div class=\"v-mdl__w\">\n<img loading=\"lazy\" src=\"http:\/\/cordobainforma.info\/wp-content\/uploads\/2025\/08\/las-novedades-de-hm-tienen-la-mejor-ropa-para-estrenar-en-la-oficina-en-septiembre-12.jpg\" class=\"v-mdl__img-z\" width=\"650\" height=\"650\" alt>\n<\/div>\n<\/div>\n<\/div>\n<p><span class=\"v-bdp\"><\/span><br \/>\n<\/article>\n<\/div>\n<\/div>\n<p><h3 class=\"v-cmp-suh\">\nBolso de hombro en U (29,99 euros)<br \/>\n<\/h3>\n<\/p>\n<p class=\"voc-paragraph\">Los <strong>bolsos en tejido de ante<\/strong> van a ser lo m\u00e1s en las tendencias de complementos para oto\u00f1o 2025. Por eso, tienes que hacerte con un modelo para acompa\u00f1ar a tus looks y cu\u00e1l mejor que este tan elegante y original con forma de media luna y color burdeos, que te har\u00e1 mejorar autom\u00e1ticamente los <a href=\"https:\/\/www.mujerhoy.com\/moda\/no-te-pierdas\/cinco-blazers-basicas-asequibles-renovar-armario-20250802090230-nt.html\" data-voc-vtm-id=\"in-text-traffic\" title=\"outfits de americanas\" data-mrf-link=\"www.mujerhoy.com\">outfits de americanas<\/a> con vaqueros.<\/p>\n<div class=\"v-c-cmp v-c-cmp--t1 \">\n<div class=\"v-cmp-rld v-cmp-rld--2 \">\n<div class=\"v-cnt-m v-cnt-m--m\">\n<div class=\"v-cnt-m__c\">\n<div class=\"v-cnt-m__w v-cnt-m__w--1\">\n<p class=\"v-cnt-m__t\">\nTAMBI\u00c9N TE INTERESA\n<\/p>\n<\/div>\n<\/div>\n<\/div>\n<div class=\"v-g v-g--2-c v-g--bdr-min-xs\">\n<div class=\"v-g__c \">\n<article class=\"v-a v-a--cmp-rld v-a--cmp-rld-2 v-a--p-l\">\n<div class=\"v-a-img-c\">\n<figure class=\"v-a-fig\">\n<a href=\"https:\/\/www.mujerhoy.com\/moda\/no-te-pierdas\/conjunto-dos-piezas-look-oficina-verano-elegante-comodo-fresco-20250716125413-nt.html#vtm_modulosEngag=mod-rel:moda:noticia:1:cmp:2-not\" class=\"v-a-link\" title=\"Estoy obsesionada con estos conjuntos de dos piezas para ir a la oficina en verano: elegantes, c\u00f3modos y fresquitos\"><br \/>\n<img loading=\"lazy\" class=\"v-a-img\" src=\"http:\/\/cordobainforma.info\/wp-content\/uploads\/2025\/08\/las-novedades-de-hm-tienen-la-mejor-ropa-para-estrenar-en-la-oficina-en-septiembre-13.jpg\" alt=\"Estoy obsesionada con estos conjuntos de dos piezas para ir a la oficina en verano: elegantes, c\u00f3modos y fresquitos\"><br \/>\n<\/a><br \/>\n<\/figure>\n<\/div>\n<\/article>\n<\/div>\n<div class=\"v-g__c \">\n<article class=\"v-a v-a--cmp-rld v-a--cmp-rld-2 v-a--p-l\">\n<div class=\"v-a-img-c\">\n<figure class=\"v-a-fig\">\n<a href=\"https:\/\/www.mujerhoy.com\/moda\/no-te-pierdas\/mallas-modelos-bonitos-llevar-look-oficina-diario-deporte-20250718092052-nt.html#vtm_modulosEngag=mod-rel:moda:noticia:2:cmp:2-not\" class=\"v-a-link\" title=\"Las mallas no son solo para hacer deporte: los modelos m\u00e1s bonitos para llevar en un look de diario\"><br \/>\n<img loading=\"lazy\" class=\"v-a-img\" src=\"http:\/\/cordobainforma.info\/wp-content\/uploads\/2025\/08\/las-novedades-de-hm-tienen-la-mejor-ropa-para-estrenar-en-la-oficina-en-septiembre-14.jpg\" alt=\"Las mallas no son solo para hacer deporte: los modelos m\u00e1s bonitos para llevar en un look de diario\"><br \/>\n<\/a><br \/>\n<\/figure>\n<\/div>\n<\/article>\n<\/div>\n<\/div>\n<\/div>\n<\/div>\n","protected":false},"excerpt":{"rendered":"<p>El look de oficina protagoniza la nueva colecci\u00f3n de H&amp;M. La marca sueca se prepara para la llegada de septiembre y la vuelta al trabajo con prendas b\u00e1sicas al estilo office con camisas de rayas, faldas de tubo, pantalones de traje y otros elementos cl\u00e1sicos del power dressing ideal para ir bien vestida a trabajar. [&hellip;]<\/p>\n","protected":false},"author":1,"featured_media":164721,"comment_status":"closed","ping_status":"closed","sticky":false,"template":"","format":"standard","meta":[],"categories":[24],"tags":[],"_links":{"self":[{"href":"http:\/\/cordobainforma.info\/index.php\/wp-json\/wp\/v2\/posts\/164720"}],"collection":[{"href":"http:\/\/cordobainforma.info\/index.php\/wp-json\/wp\/v2\/posts"}],"about":[{"href":"http:\/\/cordobainforma.info\/index.php\/wp-json\/wp\/v2\/types\/post"}],"author":[{"embeddable":true,"href":"http:\/\/cordobainforma.info\/index.php\/wp-json\/wp\/v2\/users\/1"}],"replies":[{"embeddable":true,"href":"http:\/\/cordobainforma.info\/index.php\/wp-json\/wp\/v2\/comments?post=164720"}],"version-history":[{"count":0,"href":"http:\/\/cordobainforma.info\/index.php\/wp-json\/wp\/v2\/posts\/164720\/revisions"}],"wp:featuredmedia":[{"embeddable":true,"href":"http:\/\/cordobainforma.info\/index.php\/wp-json\/wp\/v2\/media\/164721"}],"wp:attachment":[{"href":"http:\/\/cordobainforma.info\/index.php\/wp-json\/wp\/v2\/media?parent=164720"}],"wp:term":[{"taxonomy":"category","embeddable":true,"href":"http:\/\/cordobainforma.info\/index.php\/wp-json\/wp\/v2\/categories?post=164720"},{"taxonomy":"post_tag","embeddable":true,"href":"http:\/\/cordobainforma.info\/index.php\/wp-json\/wp\/v2\/tags?post=164720"}],"curies":[{"name":"wp","href":"https:\/\/api.w.org\/{rel}","templated":true}]}}