{"id":164718,"date":"2025-08-13T00:19:34","date_gmt":"2025-08-13T00:19:34","guid":{"rendered":"https:\/\/playfmradio.com\/?p=11787"},"modified":"2025-08-13T00:19:34","modified_gmt":"2025-08-13T00:19:34","slug":"nonpalidece-regresa-a-cordoba-con-su-inconfundible-reggae","status":"publish","type":"post","link":"http:\/\/cordobainforma.info\/index.php\/2025\/08\/13\/nonpalidece-regresa-a-cordoba-con-su-inconfundible-reggae\/","title":{"rendered":"Nonpalidece regresa a C\u00f3rdoba con su inconfundible reggae"},"content":{"rendered":"<p>Este jueves 14 de agosto, el escenario de Club Paraguay ser\u00e1 el punto de encuentro para los amantes del reggae, cuando Nonpalidece vuelva a presentarse en la ciudad.<\/p>\n<p>Formada en 1996 en Tigre, Buenos Aires, la banda se ha consolidado como una de las referentes indiscutidas del g\u00e9nero en Argentina y Latinoam\u00e9rica. Con una trayectoria que supera los 25 a\u00f1os, Nonpalidece ha sabido combinar letras conscientes, groove contagioso<br \/>y un sonido que invita tanto a la reflexi\u00f3n como al baile.<\/p>\n<p>En esta ocasi\u00f3n, el grupo llegar\u00e1 a C\u00f3rdoba en el marco de una nueva gira nacional, repasando los cl\u00e1sicos que marcaron a m\u00e1s de una generaci\u00f3n y presentando material reciente que mantiene vivo su esp\u00edritu creativo.<br \/><img loading=\"lazy\" fetchpriority=\"high\" decoding=\"async\" src=\"http:\/\/cordobainforma.info\/wp-content\/uploads\/2025\/08\/nonpalidece-regresa-a-cordoba-con-su-inconfundible-reggae.png\" alt width=\"300\" height=\"300\" class=\"alignnone size-medium wp-image-11788\" srcset=\"http:\/\/cordobainforma.info\/wp-content\/uploads\/2025\/08\/nonpalidece-regresa-a-cordoba-con-su-inconfundible-reggae.png 300w, http:\/\/cordobainforma.info\/wp-content\/uploads\/2025\/08\/nonpalidece-regresa-a-cordoba-con-su-inconfundible-reggae-1.png 150w, http:\/\/cordobainforma.info\/wp-content\/uploads\/2025\/08\/nonpalidece-regresa-a-cordoba-con-su-inconfundible-reggae-2.png 170w, http:\/\/cordobainforma.info\/wp-content\/uploads\/2025\/08\/nonpalidece-regresa-a-cordoba-con-su-inconfundible-reggae-3.png 500w\" sizes=\"(max-width: 300px) 100vw, 300px\"><br \/>La cita ser\u00e1 en Marcelo T. de Alvear 651, donde el p\u00fablico podr\u00e1 disfrutar de una noche en la que el reggae ser\u00e1 protagonista absoluto.<\/p>\n<p><strong>Las entradas se encuentran a la venta a trav\u00e9s de Alpogo.<\/strong><\/p>\n<p> <!-- AUTHOR PART ========================= --> <!-- AUTHOR PART END ========================= --> <\/p>\n","protected":false},"excerpt":{"rendered":"<p>Este jueves 14 de agosto, el escenario de Club Paraguay ser\u00e1 el punto de encuentro para los amantes del reggae, cuando Nonpalidece vuelva a presentarse en la ciudad. Formada en 1996 en Tigre, Buenos Aires, la banda se ha consolidado como una de las referentes indiscutidas del g\u00e9nero en Argentina y Latinoam\u00e9rica. Con una trayectoria [&hellip;]<\/p>\n","protected":false},"author":1,"featured_media":164719,"comment_status":"closed","ping_status":"closed","sticky":false,"template":"","format":"standard","meta":[],"categories":[23,2],"tags":[],"_links":{"self":[{"href":"http:\/\/cordobainforma.info\/index.php\/wp-json\/wp\/v2\/posts\/164718"}],"collection":[{"href":"http:\/\/cordobainforma.info\/index.php\/wp-json\/wp\/v2\/posts"}],"about":[{"href":"http:\/\/cordobainforma.info\/index.php\/wp-json\/wp\/v2\/types\/post"}],"author":[{"embeddable":true,"href":"http:\/\/cordobainforma.info\/index.php\/wp-json\/wp\/v2\/users\/1"}],"replies":[{"embeddable":true,"href":"http:\/\/cordobainforma.info\/index.php\/wp-json\/wp\/v2\/comments?post=164718"}],"version-history":[{"count":0,"href":"http:\/\/cordobainforma.info\/index.php\/wp-json\/wp\/v2\/posts\/164718\/revisions"}],"wp:featuredmedia":[{"embeddable":true,"href":"http:\/\/cordobainforma.info\/index.php\/wp-json\/wp\/v2\/media\/164719"}],"wp:attachment":[{"href":"http:\/\/cordobainforma.info\/index.php\/wp-json\/wp\/v2\/media?parent=164718"}],"wp:term":[{"taxonomy":"category","embeddable":true,"href":"http:\/\/cordobainforma.info\/index.php\/wp-json\/wp\/v2\/categories?post=164718"},{"taxonomy":"post_tag","embeddable":true,"href":"http:\/\/cordobainforma.info\/index.php\/wp-json\/wp\/v2\/tags?post=164718"}],"curies":[{"name":"wp","href":"https:\/\/api.w.org\/{rel}","templated":true}]}}