{"id":164712,"date":"2025-08-12T22:09:25","date_gmt":"2025-08-12T22:09:25","guid":{"rendered":"https:\/\/cordoba.gob.ar\/?p=80094"},"modified":"2025-08-12T22:09:25","modified_gmt":"2025-08-12T22:09:25","slug":"incendio-en-los-basurales-de-spilimbergo-y-roque-arias-defensa-civil-asiste-a-bomberos-en-la-contencion-del-fuego","status":"publish","type":"post","link":"http:\/\/cordobainforma.info\/index.php\/2025\/08\/12\/incendio-en-los-basurales-de-spilimbergo-y-roque-arias-defensa-civil-asiste-a-bomberos-en-la-contencion-del-fuego\/","title":{"rendered":"Incendio en los basurales de Spilimbergo y Roque Arias: Defensa Civil asiste a bomberos en la contenci\u00f3n del fuego"},"content":{"rendered":"<div><img src=\"http:\/\/cordobainforma.info\/wp-content\/uploads\/2025\/08\/incendio-en-los-basurales-de-spilimbergo-y-roque-arias-defensa-civil-asiste-a-bomberos-en-la-contencion-del-fuego.jpg\" class=\"ff-og-image-inserted\"><\/div>\n<p><strong>\u2022 Se trata de dos espacios de arrojo clandestino de residuos que fueron encendidos intencionalmente. La Municipalidad limpia recurrentemente ambos puntos.<\/strong><br \/><strong>\u2022 Advierten condiciones meteorol\u00f3gicas con alta incidencia de incendios hasta el jueves 14. Ma\u00f1ana el riesgo ser\u00e1 extremo.<\/strong><\/p>\n<hr>\n<p>En este momento, Defensa Civil de la Municipalidad de C\u00f3rdoba acompa\u00f1a a los Bomberos de Villa Allende y a los de la Provincia de C\u00f3rdoba en la contenci\u00f3n del fuego de dos macrobasurales sobre las avenidas Spilimbergo y Roque Arias.<\/p>\n<p>Ambos espacios son limpiados recurrentemente por el Municipio, debido al imprudente accionar de ciudadanos que arrojan residuos de manera constante. Los due\u00f1os de estos espacios fueron denunciados por el Ejecutivo debido a la inacci\u00f3n frente a la generaci\u00f3n de estos focos infecciosos y con riesgo ambiental.<\/p>\n<p>En lo que va del mes, Defensa Civil acompa\u00f1\u00f3 y asisti\u00f3 a los Bomberos de la Provincia en la contenci\u00f3n de incendios de pastizales en cinco locaciones y otros cinco basurales de la ciudad.<\/p>\n<p><strong>Riesgo extremo por incendios<\/strong><\/p>\n<p>La Secretar\u00eda de Gesti\u00f3n de Riesgo Clim\u00e1tico, Cat\u00e1strofes y Protecci\u00f3n Civil de la Provincia de C\u00f3rdoba alerta a la poblaci\u00f3n a extremar los cuidados ante el riesgo de incendios en toda la provincia. Ma\u00f1ana tendr\u00e1 car\u00e1cter de \u201cextremo\u201d y su gravedad se extiende hasta el jueves 14.<\/p>\n<p>Se recuerda a la poblaci\u00f3n que est\u00e1 en vigencia la emergencia ambiental por lo que est\u00e1 prohibido prender fuego en lugares p\u00fablicos, quemar basura y restos de poda, arrojar f\u00f3sforos o colillas de cigarrillos prendidos, asados en zonas prohibidas, dejar veh\u00edculos en marcha en zonas secas, apilar troncos\/ramas cerca de viviendas o realizar cualquier actividad que genere un incendio forestal.<\/p>\n<p>Tambi\u00e9n, se solicita a los vecinos que apenas detecten alg\u00fan tipo de incendio o columnas de humo se comuniquen al 103 de Defensa Civil, al 0800-88-FUEGO o al 100 correspondiente a la divisi\u00f3n Bomberos. Del mismo modo, se pide mantener corto el pasto de jardines, lotes bald\u00edos y denunciar microbasurales o macrobasurales para evitar cualquier tipo de incendios.<\/p>\n","protected":false},"excerpt":{"rendered":"<p>\u2022 Se trata de dos espacios de arrojo clandestino de residuos que fueron encendidos intencionalmente. La Municipalidad limpia recurrentemente ambos puntos.\u2022 Advierten condiciones meteorol\u00f3gicas con alta incidencia de incendios hasta el jueves 14. Ma\u00f1ana el riesgo ser\u00e1 extremo. En este momento, Defensa Civil de la Municipalidad de C\u00f3rdoba acompa\u00f1a a los Bomberos de Villa Allende [&hellip;]<\/p>\n","protected":false},"author":1,"featured_media":164713,"comment_status":"closed","ping_status":"closed","sticky":false,"template":"","format":"standard","meta":[],"categories":[2],"tags":[],"_links":{"self":[{"href":"http:\/\/cordobainforma.info\/index.php\/wp-json\/wp\/v2\/posts\/164712"}],"collection":[{"href":"http:\/\/cordobainforma.info\/index.php\/wp-json\/wp\/v2\/posts"}],"about":[{"href":"http:\/\/cordobainforma.info\/index.php\/wp-json\/wp\/v2\/types\/post"}],"author":[{"embeddable":true,"href":"http:\/\/cordobainforma.info\/index.php\/wp-json\/wp\/v2\/users\/1"}],"replies":[{"embeddable":true,"href":"http:\/\/cordobainforma.info\/index.php\/wp-json\/wp\/v2\/comments?post=164712"}],"version-history":[{"count":0,"href":"http:\/\/cordobainforma.info\/index.php\/wp-json\/wp\/v2\/posts\/164712\/revisions"}],"wp:featuredmedia":[{"embeddable":true,"href":"http:\/\/cordobainforma.info\/index.php\/wp-json\/wp\/v2\/media\/164713"}],"wp:attachment":[{"href":"http:\/\/cordobainforma.info\/index.php\/wp-json\/wp\/v2\/media?parent=164712"}],"wp:term":[{"taxonomy":"category","embeddable":true,"href":"http:\/\/cordobainforma.info\/index.php\/wp-json\/wp\/v2\/categories?post=164712"},{"taxonomy":"post_tag","embeddable":true,"href":"http:\/\/cordobainforma.info\/index.php\/wp-json\/wp\/v2\/tags?post=164712"}],"curies":[{"name":"wp","href":"https:\/\/api.w.org\/{rel}","templated":true}]}}