{"id":164710,"date":"2025-08-13T11:05:49","date_gmt":"2025-08-13T11:05:49","guid":{"rendered":"https:\/\/cordoba.gob.ar\/?p=80098"},"modified":"2025-08-13T11:05:49","modified_gmt":"2025-08-13T11:05:49","slug":"olimpiada-matematica-nandu-54-estudiantes-municipales-viajan-a-la-instancia-provincial-en-valle-hermoso","status":"publish","type":"post","link":"http:\/\/cordobainforma.info\/index.php\/2025\/08\/13\/olimpiada-matematica-nandu-54-estudiantes-municipales-viajan-a-la-instancia-provincial-en-valle-hermoso\/","title":{"rendered":"Olimpiada Matem\u00e1tica \u00d1and\u00fa: 54 estudiantes municipales viajan a la instancia provincial en Valle Hermoso"},"content":{"rendered":"<div><img src=\"http:\/\/cordobainforma.info\/wp-content\/uploads\/2025\/08\/olimpiada-matematica-nandu-54-estudiantes-municipales-viajan-a-la-instancia-provincial-en-valle-hermoso.jpg\" class=\"ff-og-image-inserted\"><\/div>\n<ul>\n<li><strong>La competencia comienza hoy y ma\u00f1ana, <span dir=\"ltr\">14 de agosto<\/span>, se entregar\u00e1n los reconocimientos.<\/strong><\/li>\n<\/ul>\n<hr>\n<p dir=\"auto\">\u200cEstudiantes de quinto y sexto a\u00f1o del sistema educativo municipal viajaron para participar de la instancia provincial de la Olimpiada Matem\u00e1tica \u00d1and\u00fa, que se desarrolla en la localidad de Valle Hermoso.<\/p>\n<p dir=\"auto\">De un total de 126 participantes de toda la provincia, 54 pertenecen a 20 escuelas municipales, representando el 43 % del total.<\/p>\n<p dir=\"auto\">Los estudiantes municipales fueron preparados a trav\u00e9s de tres talleres desarrollados en el espacio Plaza Cielo Tierra. En cada encuentro, trabajaron en colaboraci\u00f3n, compartieron hip\u00f3tesis, compararon estrategias, formularon teor\u00edas y construyeron conocimientos significativos a trav\u00e9s de la interacci\u00f3n.<\/p>\n<p dir=\"auto\">La competencia provincial se desarrolla en dos jornadas, con desaf\u00edos y actividades que promueven el aprendizaje, el trabajo colaborativo y el intercambio. Ma\u00f1ana, <span dir=\"ltr\">14 de agosto<\/span>, se entregar\u00e1n reconocimientos a los estudiantes destacados.<\/p>\n<p dir=\"auto\">Quienes acceden a esta etapa tambi\u00e9n podr\u00e1n participar de la ronda regional, prevista para <span dir=\"ltr\">el 28 de agosto<\/span> en la Universidad Siglo XXI. De all\u00ed saldr\u00e1n los representantes de la regi\u00f3n centro que competir\u00e1n en la gran final nacional.<\/p>\n<p dir=\"auto\">La instancia nacional de la Olimpiada \u00d1and\u00fa, prevista para el mes de octubre, reunir\u00e1 a los 100 mejores estudiantes de 5to y 6to grado del pa\u00eds.<\/p>\n","protected":false},"excerpt":{"rendered":"<p>La competencia comienza hoy y ma\u00f1ana, 14 de agosto, se entregar\u00e1n los reconocimientos. \u200cEstudiantes de quinto y sexto a\u00f1o del sistema educativo municipal viajaron para participar de la instancia provincial de la Olimpiada Matem\u00e1tica \u00d1and\u00fa, que se desarrolla en la localidad de Valle Hermoso. De un total de 126 participantes de toda la provincia, 54 [&hellip;]<\/p>\n","protected":false},"author":1,"featured_media":164711,"comment_status":"closed","ping_status":"closed","sticky":false,"template":"","format":"standard","meta":[],"categories":[2],"tags":[],"_links":{"self":[{"href":"http:\/\/cordobainforma.info\/index.php\/wp-json\/wp\/v2\/posts\/164710"}],"collection":[{"href":"http:\/\/cordobainforma.info\/index.php\/wp-json\/wp\/v2\/posts"}],"about":[{"href":"http:\/\/cordobainforma.info\/index.php\/wp-json\/wp\/v2\/types\/post"}],"author":[{"embeddable":true,"href":"http:\/\/cordobainforma.info\/index.php\/wp-json\/wp\/v2\/users\/1"}],"replies":[{"embeddable":true,"href":"http:\/\/cordobainforma.info\/index.php\/wp-json\/wp\/v2\/comments?post=164710"}],"version-history":[{"count":0,"href":"http:\/\/cordobainforma.info\/index.php\/wp-json\/wp\/v2\/posts\/164710\/revisions"}],"wp:featuredmedia":[{"embeddable":true,"href":"http:\/\/cordobainforma.info\/index.php\/wp-json\/wp\/v2\/media\/164711"}],"wp:attachment":[{"href":"http:\/\/cordobainforma.info\/index.php\/wp-json\/wp\/v2\/media?parent=164710"}],"wp:term":[{"taxonomy":"category","embeddable":true,"href":"http:\/\/cordobainforma.info\/index.php\/wp-json\/wp\/v2\/categories?post=164710"},{"taxonomy":"post_tag","embeddable":true,"href":"http:\/\/cordobainforma.info\/index.php\/wp-json\/wp\/v2\/tags?post=164710"}],"curies":[{"name":"wp","href":"https:\/\/api.w.org\/{rel}","templated":true}]}}