{"id":164709,"date":"2025-08-13T03:40:23","date_gmt":"2025-08-13T03:40:23","guid":{"rendered":"http:\/\/cordobainforma.info\/index.php\/2025\/08\/13\/jorge-petete-martinez-lo-escribio-y-dijo-al-aire-que-argentina-atraviesa-una-brutal-recesion\/"},"modified":"2025-08-13T03:40:23","modified_gmt":"2025-08-13T03:40:23","slug":"jorge-petete-martinez-lo-escribio-y-dijo-al-aire-que-argentina-atraviesa-una-brutal-recesion","status":"publish","type":"post","link":"http:\/\/cordobainforma.info\/index.php\/2025\/08\/13\/jorge-petete-martinez-lo-escribio-y-dijo-al-aire-que-argentina-atraviesa-una-brutal-recesion\/","title":{"rendered":"Jorge \u201cPetete\u201d Mart\u00ednez lo escribi\u00f3 y dijo al aire que Argentina atraviesa \u201cuna brutal recesi\u00f3n &#8230;"},"content":{"rendered":"<p>En <b>econom\u00eda<\/b>, siempre todo es discutible sobre todo en materia de causas &#8230; Una pista: estar\u00e1 en <b>Nueva C\u00f3rdoba<\/b>. InfoEnerg\u00eda &middot; YPF adquiere dos&nbsp;&#8230; <\/p>\n","protected":false},"excerpt":{"rendered":"<p>En econom\u00eda, siempre todo es discutible sobre todo en materia de causas &#8230; Una pista: estar\u00e1 en Nueva C\u00f3rdoba. InfoEnerg\u00eda &middot; YPF adquiere dos&nbsp;&#8230;<\/p>\n","protected":false},"author":1,"featured_media":0,"comment_status":"closed","ping_status":"closed","sticky":false,"template":"","format":"standard","meta":[],"categories":[23],"tags":[],"_links":{"self":[{"href":"http:\/\/cordobainforma.info\/index.php\/wp-json\/wp\/v2\/posts\/164709"}],"collection":[{"href":"http:\/\/cordobainforma.info\/index.php\/wp-json\/wp\/v2\/posts"}],"about":[{"href":"http:\/\/cordobainforma.info\/index.php\/wp-json\/wp\/v2\/types\/post"}],"author":[{"embeddable":true,"href":"http:\/\/cordobainforma.info\/index.php\/wp-json\/wp\/v2\/users\/1"}],"replies":[{"embeddable":true,"href":"http:\/\/cordobainforma.info\/index.php\/wp-json\/wp\/v2\/comments?post=164709"}],"version-history":[{"count":0,"href":"http:\/\/cordobainforma.info\/index.php\/wp-json\/wp\/v2\/posts\/164709\/revisions"}],"wp:attachment":[{"href":"http:\/\/cordobainforma.info\/index.php\/wp-json\/wp\/v2\/media?parent=164709"}],"wp:term":[{"taxonomy":"category","embeddable":true,"href":"http:\/\/cordobainforma.info\/index.php\/wp-json\/wp\/v2\/categories?post=164709"},{"taxonomy":"post_tag","embeddable":true,"href":"http:\/\/cordobainforma.info\/index.php\/wp-json\/wp\/v2\/tags?post=164709"}],"curies":[{"name":"wp","href":"https:\/\/api.w.org\/{rel}","templated":true}]}}