{"id":164708,"date":"2025-08-13T04:28:14","date_gmt":"2025-08-13T04:28:14","guid":{"rendered":"http:\/\/cordobainforma.info\/index.php\/2025\/08\/13\/villa-general-belgrano-avanza-en-su-nueva-terminal-de-omnibus-y-un-puente-que-sera-el\/"},"modified":"2025-08-13T04:28:14","modified_gmt":"2025-08-13T04:28:14","slug":"villa-general-belgrano-avanza-en-su-nueva-terminal-de-omnibus-y-un-puente-que-sera-el","status":"publish","type":"post","link":"http:\/\/cordobainforma.info\/index.php\/2025\/08\/13\/villa-general-belgrano-avanza-en-su-nueva-terminal-de-omnibus-y-un-puente-que-sera-el\/","title":{"rendered":"Villa General Belgrano avanza en su <b>nueva<\/b> terminal de \u00f3mnibus y un puente que ser\u00e1 el &#8230;"},"content":{"rendered":"<p>El equipamiento del hospital municipal tambi\u00e9n demanda un esfuerzo econ\u00f3mico &#8230; Una pista: estar\u00e1 en <b>Nueva C\u00f3rdoba<\/b>. InfoEnerg\u00eda &middot; Neuqu\u00e9n present\u00f3 su&nbsp;&#8230; <\/p>\n","protected":false},"excerpt":{"rendered":"<p>El equipamiento del hospital municipal tambi\u00e9n demanda un esfuerzo econ\u00f3mico &#8230; Una pista: estar\u00e1 en Nueva C\u00f3rdoba. InfoEnerg\u00eda &middot; Neuqu\u00e9n present\u00f3 su&nbsp;&#8230;<\/p>\n","protected":false},"author":1,"featured_media":0,"comment_status":"closed","ping_status":"closed","sticky":false,"template":"","format":"standard","meta":[],"categories":[23],"tags":[],"_links":{"self":[{"href":"http:\/\/cordobainforma.info\/index.php\/wp-json\/wp\/v2\/posts\/164708"}],"collection":[{"href":"http:\/\/cordobainforma.info\/index.php\/wp-json\/wp\/v2\/posts"}],"about":[{"href":"http:\/\/cordobainforma.info\/index.php\/wp-json\/wp\/v2\/types\/post"}],"author":[{"embeddable":true,"href":"http:\/\/cordobainforma.info\/index.php\/wp-json\/wp\/v2\/users\/1"}],"replies":[{"embeddable":true,"href":"http:\/\/cordobainforma.info\/index.php\/wp-json\/wp\/v2\/comments?post=164708"}],"version-history":[{"count":0,"href":"http:\/\/cordobainforma.info\/index.php\/wp-json\/wp\/v2\/posts\/164708\/revisions"}],"wp:attachment":[{"href":"http:\/\/cordobainforma.info\/index.php\/wp-json\/wp\/v2\/media?parent=164708"}],"wp:term":[{"taxonomy":"category","embeddable":true,"href":"http:\/\/cordobainforma.info\/index.php\/wp-json\/wp\/v2\/categories?post=164708"},{"taxonomy":"post_tag","embeddable":true,"href":"http:\/\/cordobainforma.info\/index.php\/wp-json\/wp\/v2\/tags?post=164708"}],"curies":[{"name":"wp","href":"https:\/\/api.w.org\/{rel}","templated":true}]}}