{"id":164674,"date":"2025-08-12T14:45:38","date_gmt":"2025-08-12T14:45:38","guid":{"rendered":"https:\/\/cordobabeat.com\/?p=13007"},"modified":"2025-08-12T14:45:38","modified_gmt":"2025-08-12T14:45:38","slug":"cerca-de-vos-celebra-su-5-aniversario-con-quivver-como-invitado-internacional","status":"publish","type":"post","link":"http:\/\/cordobainforma.info\/index.php\/2025\/08\/12\/cerca-de-vos-celebra-su-5-aniversario-con-quivver-como-invitado-internacional\/","title":{"rendered":"Cerca de Vos celebra su 5\u00b0 aniversario con Quivver como invitado internacional"},"content":{"rendered":"<div><img src=\"http:\/\/cordobainforma.info\/wp-content\/uploads\/2025\/08\/cerca-de-vos-celebra-su-5-aniversario-con-quivver-como-invitado-internacional.jpg\" class=\"ff-og-image-inserted\"><\/div>\n<p><b>La productora Cerca de Vos festeja su quinto aniversario con un evento especial que marcar\u00e1 un hito en su historia: la llegada de su primer artista internacional.&nbsp;<\/b><\/p>\n<p><b>El pr\u00f3ximo 16 de agosto, el reconocido DJ y productor brit\u00e1nico Quivver ser\u00e1 el encargado de encender la pista, en el marco de una noche que promete una experiencia musical de alto nivel.<\/b><\/p>\n<p><b>Radicada en La Falda, en pleno Valle de Punilla, Cerca de Vos es parte activa de uno de los puntos tur\u00edsticos m\u00e1s importantes de C\u00f3rdoba<\/b>, una regi\u00f3n que combina el constante movimiento de visitantes con un fuerte aporte a la vida cultural.<\/p>\n<p>Con cada evento, la productora contribuye a enriquecer la oferta art\u00edstica local, del norte de Punilla, posicionando al sector como un destino m\u00e1s para los amantes de la m\u00fasica electr\u00f3nica.<\/p>\n<p>La celebraci\u00f3n contar\u00e1 tambi\u00e9n con la participaci\u00f3n de<b> David Calo, experimentado DJ argentino con casi dos d\u00e9cadas de trayectoria, quien acompa\u00f1a la gira de Quivver.<\/b><\/p>\n<p>Calo, cuyo talento lo llev\u00f3 a ser parte del prestigioso programa Transitions de John Digweed, compartir\u00e1 cabina con Mateo Balsa, uno de los nombres emergentes m\u00e1s fuertes de la escena local. Balsa viene de recibir el respaldo de figuras internacionales, luego de que Digweed incluyera su m\u00fasica en su \u00faltima presentaci\u00f3n en Forja.<\/p>\n<p>El line up se completa con los <b>DJs locales Carpin Og y Juan Lacouts, referentes de la escena cordobesa que aportar\u00e1n su estilo y energ\u00eda al festejo.<\/b><\/p>\n<p>Desde su creaci\u00f3n, Cerca de Vos ha experimentado un crecimiento sostenido en la producci\u00f3n de eventos, priorizando siempre la calidad musical y la puesta en escena. <b>En su cabina han pasado algunos de los DJs m\u00e1s destacados del pa\u00eds, como Pampa, Sergio Safe, Discip, Nacho Bolognani, Greta Meier y el propio David Calo.<\/b><\/p>\n<p>Las entradas para el evento ya est\u00e1n disponibles de manera online a trav\u00e9s de Alpogo.<\/p>\n","protected":false},"excerpt":{"rendered":"<p>La productora Cerca de Vos festeja su quinto aniversario con un evento especial que marcar\u00e1 un hito en su historia: la llegada de su primer artista internacional.&nbsp; El pr\u00f3ximo 16 de agosto, el reconocido DJ y productor brit\u00e1nico Quivver ser\u00e1 el encargado de encender la pista, en el marco de una noche que promete una [&hellip;]<\/p>\n","protected":false},"author":1,"featured_media":164675,"comment_status":"closed","ping_status":"closed","sticky":false,"template":"","format":"standard","meta":[],"categories":[24],"tags":[],"_links":{"self":[{"href":"http:\/\/cordobainforma.info\/index.php\/wp-json\/wp\/v2\/posts\/164674"}],"collection":[{"href":"http:\/\/cordobainforma.info\/index.php\/wp-json\/wp\/v2\/posts"}],"about":[{"href":"http:\/\/cordobainforma.info\/index.php\/wp-json\/wp\/v2\/types\/post"}],"author":[{"embeddable":true,"href":"http:\/\/cordobainforma.info\/index.php\/wp-json\/wp\/v2\/users\/1"}],"replies":[{"embeddable":true,"href":"http:\/\/cordobainforma.info\/index.php\/wp-json\/wp\/v2\/comments?post=164674"}],"version-history":[{"count":0,"href":"http:\/\/cordobainforma.info\/index.php\/wp-json\/wp\/v2\/posts\/164674\/revisions"}],"wp:featuredmedia":[{"embeddable":true,"href":"http:\/\/cordobainforma.info\/index.php\/wp-json\/wp\/v2\/media\/164675"}],"wp:attachment":[{"href":"http:\/\/cordobainforma.info\/index.php\/wp-json\/wp\/v2\/media?parent=164674"}],"wp:term":[{"taxonomy":"category","embeddable":true,"href":"http:\/\/cordobainforma.info\/index.php\/wp-json\/wp\/v2\/categories?post=164674"},{"taxonomy":"post_tag","embeddable":true,"href":"http:\/\/cordobainforma.info\/index.php\/wp-json\/wp\/v2\/tags?post=164674"}],"curies":[{"name":"wp","href":"https:\/\/api.w.org\/{rel}","templated":true}]}}