{"id":164672,"date":"2025-08-13T02:48:58","date_gmt":"2025-08-13T02:48:58","guid":{"rendered":"https:\/\/www.clarin.com\/deportes\/cardona-noche-terror-libertadores-erro-penales-frente-san-pablo-crespo-complico-atletico-nacional_0_kw6oH4MY6G.html"},"modified":"2025-08-13T02:48:58","modified_gmt":"2025-08-13T02:48:58","slug":"cardona-tuvo-una-noche-de-terror-en-la-libertadores-erro-dos-penales-frente-al-san-pablo-de-crespo-y-complico-a-atletico-nacional","status":"publish","type":"post","link":"http:\/\/cordobainforma.info\/index.php\/2025\/08\/13\/cardona-tuvo-una-noche-de-terror-en-la-libertadores-erro-dos-penales-frente-al-san-pablo-de-crespo-y-complico-a-atletico-nacional\/","title":{"rendered":"Cardona tuvo una noche de terror en la Libertadores: err\u00f3 dos penales frente al San Pablo de Crespo y complic\u00f3 a Atl\u00e9tico Nacional"},"content":{"rendered":"<p><img src=\"http:\/\/cordobainforma.info\/wp-content\/uploads\/2025\/08\/cardona-tuvo-una-noche-de-terror-en-la-libertadores-erro-dos-penales-frente-al-san-pablo-de-crespo-y-complico-a-atletico-nacional.jpg\"><\/p>\n<div><img src=\"http:\/\/cordobainforma.info\/wp-content\/uploads\/2025\/08\/cardona-tuvo-una-noche-de-terror-en-la-libertadores-erro-dos-penales-frente-al-san-pablo-de-crespo-y-complico-a-atletico-nacional-2.jpg\" class=\"ff-og-image-inserted\"><\/div>\n<div id=\"element-body-0\" readability=\"60\">\n<p><strong>Edwin Cardona tuvo una noche de terror en la Copa Libertadores<\/strong>. El talentoso mediocampista colombiano err\u00f3 dos penales para <strong>Atl\u00e9tico Nacional <\/strong>frente al <strong>San Pablo <\/strong>dirigido por el argentino <strong>Hern\u00e1n Crespo<\/strong>, para el <strong>empate 0-0<\/strong> en la ida de los octavos de final.<\/p>\n<\/div>\n<div id=\"element-body-1\" readability=\"60\">\n<p>Durante el primer tiempo, el conjunto de Medell\u00edn tuvo la oportunidad de quebrar la igualdad en el marcador para ponerse en ventaja de penal, pero un error de<strong> <\/strong>Cardona los conden\u00f3.<\/p>\n<\/div>\n<div id=\"element-body-2\" readability=\"23.774193548387\">\n<blockquote class=\"twitter-tweet\" readability=\"6.4838709677419\">\n<p lang=\"es\" dir=\"ltr\">NOOO, EDWIN: Cardona fall\u00f3 el penal para Atl\u00e9tico Nacional ante San Pablo en la ida de los octavos de final de la CONMEBOL <a href=\"https:\/\/twitter.com\/hashtag\/Libertadores?src=hash&amp;ref_src=twsrc%5Etfw\">#Libertadores<\/a>.<\/p>\n<p>\ud83d\udcfa Mir\u00e1 TODA la CONMEBOL <a href=\"https:\/\/twitter.com\/hashtag\/Libertadores?src=hash&amp;ref_src=twsrc%5Etfw\">#Libertadores<\/a> por <a href=\"https:\/\/twitter.com\/hashtag\/DisneyPlus?src=hash&amp;ref_src=twsrc%5Etfw\">#DisneyPlus<\/a> Plan Premium <a href=\"https:\/\/t.co\/u7kVxjyqFe\">pic.twitter.com\/u7kVxjyqFe<\/a><\/p>\n<p>\u2014 SportsCenter (@SC_ESPN) <a href=\"https:\/\/twitter.com\/SC_ESPN\/status\/1955430676305420755?ref_src=twsrc%5Etfw\">August 13, 2025<\/a><\/p><\/blockquote><\/div>\n<div id=\"element-body-3\" readability=\"62\">\n<p>El colombiano fue el encargado de patear, pero la mand\u00f3 afuera. Aunque estuvo cerca de entrar, <strong>la pelota roz\u00f3 el palo <\/strong>y sac\u00f3 del apuro al arquero, quien se hab\u00eda tirado correctamente y hubiese evitado el gol de todas formas.<\/p>\n<\/div>\n<div id=\"element-body-4\" readability=\"61\">\n<p>Ya en el complemento (cuando todo parec\u00eda indicar que el mal trago hab\u00eda pasado) el Verde tuvo una segunda chance, tambi\u00e9n desde los 12 pasos. El volante volvi\u00f3 a hacerse cargo de la ejecuci\u00f3n y <strong>fall\u00f3 su tiro nuevamente<\/strong>, situaci\u00f3n que despert\u00f3 la burla de varios de sus rivales.<\/p>\n<\/div>\n<div id=\"element-body-5\" readability=\"27.442136498516\">\n<blockquote class=\"twitter-tweet\" readability=\"8.8783382789317\">\n<p lang=\"es\" dir=\"ltr\">DE NO CREER, EDWIN: Cardona, quien ya hab\u00eda errado un penal en el PT, volvi\u00f3 a hacerse cargo de una ejecuci\u00f3n en el ST y se lo ataj\u00f3 Rafael. Todo sigue 0-0 entre Atl\u00e9tico Nacional y San Pablo.<\/p>\n<p>\ud83d\udcfa Mir\u00e1 TODA la CONMEBOL <a href=\"https:\/\/twitter.com\/hashtag\/Libertadores?src=hash&amp;ref_src=twsrc%5Etfw\">#Libertadores<\/a> por <a href=\"https:\/\/twitter.com\/hashtag\/DisneyPlus?src=hash&amp;ref_src=twsrc%5Etfw\">#DisneyPlus<\/a> Plan Premium <a href=\"https:\/\/t.co\/FVyuWYCl3y\">pic.twitter.com\/FVyuWYCl3y<\/a><\/p>\n<p>\u2014 SportsCenter (@SC_ESPN) <a href=\"https:\/\/twitter.com\/SC_ESPN\/status\/1955448904385777802?ref_src=twsrc%5Etfw\">August 13, 2025<\/a><\/p><\/blockquote><\/div>\n<div id=\"element-body-6\" readability=\"60\">\n<p>Esta vez, aunque eligi\u00f3 el mismo palo, el remate de Cardona fue desviado por el arquero de San Pablo al c\u00f3rner.<\/p>\n<\/div>\n<p><h2>\u00bfCu\u00e1ndo fue la \u00faltima vez que un jugador err\u00f3 dos penales seguidos en un mismo partido de Copa Libertadores?<\/h2>\n<\/p>\n<div id=\"element-body-8\" readability=\"61\">\n<p>Seg\u00fan el estadista <em>MisterChip<\/em>, la \u00faltima vez que un jugador err\u00f3 dos penales seguidos en un mismo partido de la Copa Libertadores fue el 6 de marzo de 2012, momento en el que <strong>Alecsandro Barbosa<\/strong> de <strong>Vasco da Gama<\/strong> fall\u00f3 contra <strong>Alianza Lima<\/strong>.<\/p>\n<\/div>\n","protected":false},"excerpt":{"rendered":"<p>Edwin Cardona tuvo una noche de terror en la Copa Libertadores. El talentoso mediocampista colombiano err\u00f3 dos penales para Atl\u00e9tico Nacional frente al San Pablo dirigido por el argentino Hern\u00e1n Crespo, para el empate 0-0 en la ida de los octavos de final. Durante el primer tiempo, el conjunto de Medell\u00edn tuvo la oportunidad de [&hellip;]<\/p>\n","protected":false},"author":1,"featured_media":164673,"comment_status":"closed","ping_status":"closed","sticky":false,"template":"","format":"standard","meta":[],"categories":[20],"tags":[],"_links":{"self":[{"href":"http:\/\/cordobainforma.info\/index.php\/wp-json\/wp\/v2\/posts\/164672"}],"collection":[{"href":"http:\/\/cordobainforma.info\/index.php\/wp-json\/wp\/v2\/posts"}],"about":[{"href":"http:\/\/cordobainforma.info\/index.php\/wp-json\/wp\/v2\/types\/post"}],"author":[{"embeddable":true,"href":"http:\/\/cordobainforma.info\/index.php\/wp-json\/wp\/v2\/users\/1"}],"replies":[{"embeddable":true,"href":"http:\/\/cordobainforma.info\/index.php\/wp-json\/wp\/v2\/comments?post=164672"}],"version-history":[{"count":0,"href":"http:\/\/cordobainforma.info\/index.php\/wp-json\/wp\/v2\/posts\/164672\/revisions"}],"wp:featuredmedia":[{"embeddable":true,"href":"http:\/\/cordobainforma.info\/index.php\/wp-json\/wp\/v2\/media\/164673"}],"wp:attachment":[{"href":"http:\/\/cordobainforma.info\/index.php\/wp-json\/wp\/v2\/media?parent=164672"}],"wp:term":[{"taxonomy":"category","embeddable":true,"href":"http:\/\/cordobainforma.info\/index.php\/wp-json\/wp\/v2\/categories?post=164672"},{"taxonomy":"post_tag","embeddable":true,"href":"http:\/\/cordobainforma.info\/index.php\/wp-json\/wp\/v2\/tags?post=164672"}],"curies":[{"name":"wp","href":"https:\/\/api.w.org\/{rel}","templated":true}]}}