{"id":164670,"date":"2025-08-13T02:56:09","date_gmt":"2025-08-13T02:56:09","guid":{"rendered":"https:\/\/www.clarin.com\/deportes\/marcos-rojo-debuto-racing-derrota-frente-penarol-dejo-mensaje-hinchas-darlo-vuelta_0_2cjQ0bY4VV.html"},"modified":"2025-08-13T02:56:09","modified_gmt":"2025-08-13T02:56:09","slug":"marcos-rojo-debuto-en-racing-en-la-derrota-frente-a-penarol-y-le-dejo-un-mensaje-a-los-hinchas-hay-que-darlo-vuelta","status":"publish","type":"post","link":"http:\/\/cordobainforma.info\/index.php\/2025\/08\/13\/marcos-rojo-debuto-en-racing-en-la-derrota-frente-a-penarol-y-le-dejo-un-mensaje-a-los-hinchas-hay-que-darlo-vuelta\/","title":{"rendered":"Marcos Rojo debut\u00f3 en Racing en la derrota frente a Pe\u00f1arol y le dej\u00f3 un mensaje a los hinchas: \u00abHay que darlo vuelta\u00bb"},"content":{"rendered":"<p><img src=\"http:\/\/cordobainforma.info\/wp-content\/uploads\/2025\/08\/marcos-rojo-debuto-en-racing-en-la-derrota-frente-a-penarol-y-le-dejo-un-mensaje-a-los-hinchas-hay-que-darlo-vuelta.jpg\"><\/p>\n<div><img src=\"http:\/\/cordobainforma.info\/wp-content\/uploads\/2025\/08\/marcos-rojo-debuto-en-racing-en-la-derrota-frente-a-penarol-y-le-dejo-un-mensaje-a-los-hinchas-hay-que-darlo-vuelta-2.jpg\" class=\"ff-og-image-inserted\"><\/div>\n<div id=\"element-body-0\" readability=\"64\">\n<p><strong>Marcos Rojo<\/strong> -o Marcos R., como le estamparon en su camiseta en la espalda, para evitar poner el apellido que coincide con el apodo del cl\u00e1sico rival- <strong>debut\u00f3 en Racing<\/strong>. El ex defensor de Boca ingres\u00f3 cuando <strong>faltaban 10 minutos <\/strong>para tratar de ayudar a sostener a la &#8216;Academia&#8217; a que no sufriera otro gol ya que cuando entr\u00f3, Pe\u00f1arol ganaba 1 a 0. Dos d\u00edas despu\u00e9s de su primer entrenamiento, sum\u00f3 minutos y reemplaz\u00f3 a Colombo que estuvo al borde de la expulsi\u00f3n.<\/p>\n<\/div>\n<div id=\"element-body-1\" readability=\"65\">\n<p><strong>\u201cEstoy muy contento por haber debutado en un club tan grande y en Copa Libertadores\u201d<\/strong>, afirm\u00f3 Rojo, quien, tras el encuentro, asegur\u00f3 que <strong>Gustavo Costas <\/strong>le pidi\u00f3 que estuviera concentrado, sobre todo en las pelotas paradas, una v\u00eda por la que Pe\u00f1arol pod\u00eda complicar a Racing.<\/p>\n<\/div>\n<div id=\"element-body-2\" readability=\"22.400398406375\">\n<blockquote class=\"twitter-tweet\" readability=\"5.5139442231076\">\n<p lang=\"es\" dir=\"ltr\">\u00abESTOY MUY CONTENTO&#8230;\u00bb Marcos R. habl\u00f3 sobre su debut con la camiseta de Racing en la CONMEBOL <a href=\"https:\/\/twitter.com\/hashtag\/Libertadores?src=hash&amp;ref_src=twsrc%5Etfw\">#Libertadores<\/a>.<\/p>\n<p>\ud83d\udcfa Mir\u00e1 TODA la CONMEBOL <a href=\"https:\/\/twitter.com\/hashtag\/Libertadores?src=hash&amp;ref_src=twsrc%5Etfw\">#Libertadores<\/a> por <a href=\"https:\/\/twitter.com\/hashtag\/DisneyPlus?src=hash&amp;ref_src=twsrc%5Etfw\">#DisneyPlus<\/a> Plan Premium <a href=\"https:\/\/t.co\/8XsbWZoRpp\">pic.twitter.com\/8XsbWZoRpp<\/a><\/p>\n<p>\u2014 SportsCenter (@SC_ESPN) <a href=\"https:\/\/twitter.com\/SC_ESPN\/status\/1955460039642153014?ref_src=twsrc%5Etfw\">August 13, 2025<\/a><\/p><\/blockquote><\/div>\n<div id=\"element-body-3\" readability=\"65\">\n<p>El defensor zurdo, que se quej\u00f3 del estado del campo de juego ya que \u201cno ayud\u00f3 mucho e hizo que el partido saliera friccionado y con muchos duelos\u201d, asegur\u00f3 que el encuentro en el Campe\u00f3n del Siglo fue \u201cun t\u00edpico partido de Copa\u201d. Pero no se achic\u00f3 y, de cara a la revancha, afirm\u00f3: <strong>\u201cHay que sacarlo adelante y darlo vuelta\u201d<\/strong>. A su vez, consider\u00f3 que puede aportarle a Racing su experiencia y <strong>\u201clos a\u00f1os que viv\u00ed en el f\u00fatbol para apoyar a mis compa\u00f1eros de la mejor manera\u201d<\/strong>.<\/p>\n<\/div>\n<div id=\"element-body-4\" readability=\"65\">\n<p><strong>Racing tuvo muchas dificultades atr\u00e1s<\/strong>. Jug\u00f3 con la l\u00ednea de tres de siempre pero el \u00fanico que se destac\u00f3 fue Santiago Soso que se la banc\u00f3 bien ante Silvera, pero los problemas estuvieron a los costados. Tanto con Di Cesare, que sufri\u00f3 bastante y fue reemplazado por Bruno Zuculini, como con Colombo, un diestro que jug\u00f3 sobre el sector izquierdo y padeci\u00f3 mucho tambi\u00e9n, que termin\u00f3 jugando regalado ya que no fue amonestado cuando sac\u00f3 de la cancha a Leo Fern\u00e1ndez y le saca amarilla reci\u00e9n por una falta en la que se le sube encima a Silvera.<\/p>\n<\/div>\n<div id=\"element-body-5\" readability=\"20.696517412935\">\n<blockquote class=\"twitter-tweet\" readability=\"4.5273631840796\">\n<p lang=\"es\" dir=\"ltr\"><a href=\"https:\/\/twitter.com\/hashtag\/AHORA?src=hash&amp;ref_src=twsrc%5Etfw\">#AHORA<\/a> &#8211; ROJO DEBUTA CON LA CAMISETA DE RACING ANTE PE\u00d1AROL.<\/p>\n<p>\ud83d\udcfa Mir\u00e1 TODA la CONMEBOL <a href=\"https:\/\/twitter.com\/hashtag\/Libertadores?src=hash&amp;ref_src=twsrc%5Etfw\">#Libertadores<\/a> por <a href=\"https:\/\/twitter.com\/hashtag\/DisneyPlus?src=hash&amp;ref_src=twsrc%5Etfw\">#DisneyPlus<\/a> Plan Premium <a href=\"https:\/\/t.co\/ssefLjzr97\">pic.twitter.com\/ssefLjzr97<\/a><\/p>\n<p>\u2014 SportsCenter (@SC_ESPN) <a href=\"https:\/\/twitter.com\/SC_ESPN\/status\/1955453458871390593?ref_src=twsrc%5Etfw\">August 13, 2025<\/a><\/p><\/blockquote><\/div>\n<div id=\"element-body-6\" readability=\"64\">\n<p>Rojo entr\u00f3 justamente por Colombo cuando faltaban apenas ocho minutos para el final del encuentro. El ex Boca, que por ahora puede jugar la Copa Libertadores y la Copa Argentina -pero no as\u00ed en el Torneo Clausura-, y cobrar\u00e1 un sueldo b\u00e1sico por productividad, debut\u00f3 con la camiseta de Racing y <strong>volvi\u00f3 a jugar despu\u00e9s de casi tres meses<\/strong>. Su \u00faltimo partido fue con el Xeneize, ante Lan\u00fas el 10 de mayo en la Bombonera.<\/p>\n<\/div>\n","protected":false},"excerpt":{"rendered":"<p>Marcos Rojo -o Marcos R., como le estamparon en su camiseta en la espalda, para evitar poner el apellido que coincide con el apodo del cl\u00e1sico rival- debut\u00f3 en Racing. El ex defensor de Boca ingres\u00f3 cuando faltaban 10 minutos para tratar de ayudar a sostener a la &#8216;Academia&#8217; a que no sufriera otro gol [&hellip;]<\/p>\n","protected":false},"author":1,"featured_media":164671,"comment_status":"closed","ping_status":"closed","sticky":false,"template":"","format":"standard","meta":[],"categories":[20],"tags":[],"_links":{"self":[{"href":"http:\/\/cordobainforma.info\/index.php\/wp-json\/wp\/v2\/posts\/164670"}],"collection":[{"href":"http:\/\/cordobainforma.info\/index.php\/wp-json\/wp\/v2\/posts"}],"about":[{"href":"http:\/\/cordobainforma.info\/index.php\/wp-json\/wp\/v2\/types\/post"}],"author":[{"embeddable":true,"href":"http:\/\/cordobainforma.info\/index.php\/wp-json\/wp\/v2\/users\/1"}],"replies":[{"embeddable":true,"href":"http:\/\/cordobainforma.info\/index.php\/wp-json\/wp\/v2\/comments?post=164670"}],"version-history":[{"count":0,"href":"http:\/\/cordobainforma.info\/index.php\/wp-json\/wp\/v2\/posts\/164670\/revisions"}],"wp:featuredmedia":[{"embeddable":true,"href":"http:\/\/cordobainforma.info\/index.php\/wp-json\/wp\/v2\/media\/164671"}],"wp:attachment":[{"href":"http:\/\/cordobainforma.info\/index.php\/wp-json\/wp\/v2\/media?parent=164670"}],"wp:term":[{"taxonomy":"category","embeddable":true,"href":"http:\/\/cordobainforma.info\/index.php\/wp-json\/wp\/v2\/categories?post=164670"},{"taxonomy":"post_tag","embeddable":true,"href":"http:\/\/cordobainforma.info\/index.php\/wp-json\/wp\/v2\/tags?post=164670"}],"curies":[{"name":"wp","href":"https:\/\/api.w.org\/{rel}","templated":true}]}}