{"id":164668,"date":"2025-08-13T05:11:58","date_gmt":"2025-08-13T05:11:58","guid":{"rendered":"https:\/\/somoscordobeses.com\/2025\/08\/13\/nuevas-subas-en-bioetanol-y-biodiesel-mas-presion-a-los-precios-de-los-combustibles\/"},"modified":"2025-08-13T05:11:58","modified_gmt":"2025-08-13T05:11:58","slug":"nuevas-subas-en-bioetanol-y-biodiesel-mas-presion-a-los-precios-de-los-combustibles","status":"publish","type":"post","link":"http:\/\/cordobainforma.info\/index.php\/2025\/08\/13\/nuevas-subas-en-bioetanol-y-biodiesel-mas-presion-a-los-precios-de-los-combustibles\/","title":{"rendered":"Nuevas subas en bioetanol y biodiesel, m\u00e1s presi\u00f3n a los precios de los combustibles"},"content":{"rendered":"<div><img src=\"http:\/\/cordobainforma.info\/wp-content\/uploads\/2025\/08\/nuevas-subas-en-bioetanol-y-biodiesel-mas-presion-a-los-precios-de-los-combustibles.jpg\" class=\"ff-og-image-inserted\"><\/div>\n<div id=\"note-body\">\n<p>El gobierno de <strong>Javier Milei <\/strong>actualiz\u00f3 este lunes los precios del bioetanol y del biodiesel que se utilizan para la mezcla obligatoria con la nafta y el gasoil y<strong> se espera una nueva suba de los combustibles en el surtidor <\/strong>ya que las pretroleras trasladan el impacto de estos aumentos de manera directa a los precios que pagan los automovilistas y camioneros.<\/p>\n<\/div>\n<div id>\n<p>Estos valores corresponden a operaciones de comercializaci\u00f3n en el mercado interno y se aplican exclusivamente al bioetanol destinado a su mezcla obligatoria con nafta, seg\u00fan lo dispuesto por la Ley 27.640, que regula toda la cadena de producci\u00f3n, almacenamiento, comercializaci\u00f3n y mezcla de biocombustibles en el pa\u00eds.<\/p>\n<div contenteditable=\"false\" id=\"7994315-Libre-401103336_wrap\" readability=\"8\">\n<p>Mar\u00eda Tettamanti <span onclick=\"parent.parent.TinyMCETdcuerpo.preview_embed('7994315-Libre-401103336')\" id=\"7994315-Libre-401103336_colapse\"><\/span> <span onclick=\"parent.parent.TinyMCETdcuerpo.delete_embed('7994315-Libre-401103336')\" id=\"7994315-Libre-401103336_delete\"><\/span><\/p>\n<p> Mar\u00eda Tettamanti, secretaria de Energ\u00eda de la Naci\u00f3n.<\/p>\n<\/div>\n<p>La resoluci\u00f3n tambi\u00e9n aclara que el plazo de pago para la compra de bioetanol no podr\u00e1 superar los 30 d\u00edas corridos desde la fecha de emisi\u00f3n de la factura correspondiente.<\/p>\n<p>En tanto la Resoluci\u00f3n 342\/2025 fij\u00f3 en 1.354.507 pesos por tonelada el precio m\u00ednimo de adquisici\u00f3n del biodiesel destinado a su mezcla obligatoria con gasoil para las operaciones a llevarse a cabo durante el mes de agosto de 2025 y hasta la publicaci\u00f3n de un nuevo precio que lo reemplace.<\/p>\n<p>El plazo de pago del biodiesel no podr\u00e1 exceder, en ning\u00fan caso, los 7 d\u00edas corridos a contar desde la fecha de la factura correspondiente.<\/p>\n<p><strong>Resoluci\u00f3n 341\/2025:<\/strong><\/p>\n<p><strong> Resoluci\u00f3n 342\/2025:<\/strong><\/p>\n<\/p><\/div>\n","protected":false},"excerpt":{"rendered":"<p>El gobierno de Javier Milei actualiz\u00f3 este lunes los precios del bioetanol y del biodiesel que se utilizan para la mezcla obligatoria con la nafta y el gasoil y se espera una nueva suba de los combustibles en el surtidor ya que las pretroleras trasladan el impacto de estos aumentos de manera directa a los [&hellip;]<\/p>\n","protected":false},"author":1,"featured_media":164669,"comment_status":"closed","ping_status":"closed","sticky":false,"template":"","format":"standard","meta":[],"categories":[2],"tags":[],"_links":{"self":[{"href":"http:\/\/cordobainforma.info\/index.php\/wp-json\/wp\/v2\/posts\/164668"}],"collection":[{"href":"http:\/\/cordobainforma.info\/index.php\/wp-json\/wp\/v2\/posts"}],"about":[{"href":"http:\/\/cordobainforma.info\/index.php\/wp-json\/wp\/v2\/types\/post"}],"author":[{"embeddable":true,"href":"http:\/\/cordobainforma.info\/index.php\/wp-json\/wp\/v2\/users\/1"}],"replies":[{"embeddable":true,"href":"http:\/\/cordobainforma.info\/index.php\/wp-json\/wp\/v2\/comments?post=164668"}],"version-history":[{"count":0,"href":"http:\/\/cordobainforma.info\/index.php\/wp-json\/wp\/v2\/posts\/164668\/revisions"}],"wp:featuredmedia":[{"embeddable":true,"href":"http:\/\/cordobainforma.info\/index.php\/wp-json\/wp\/v2\/media\/164669"}],"wp:attachment":[{"href":"http:\/\/cordobainforma.info\/index.php\/wp-json\/wp\/v2\/media?parent=164668"}],"wp:term":[{"taxonomy":"category","embeddable":true,"href":"http:\/\/cordobainforma.info\/index.php\/wp-json\/wp\/v2\/categories?post=164668"},{"taxonomy":"post_tag","embeddable":true,"href":"http:\/\/cordobainforma.info\/index.php\/wp-json\/wp\/v2\/tags?post=164668"}],"curies":[{"name":"wp","href":"https:\/\/api.w.org\/{rel}","templated":true}]}}