{"id":164664,"date":"2025-08-12T11:38:19","date_gmt":"2025-08-12T11:38:19","guid":{"rendered":"https:\/\/somoscordobeses.com\/2025\/08\/12\/los-franco-justifican-el-vaciado-de-la-casa-cornide-por-problemas-de-humedad\/"},"modified":"2025-08-12T11:38:19","modified_gmt":"2025-08-12T11:38:19","slug":"los-franco-justifican-el-vaciado-de-la-casa-cornide-por-problemas-de-humedad","status":"publish","type":"post","link":"http:\/\/cordobainforma.info\/index.php\/2025\/08\/12\/los-franco-justifican-el-vaciado-de-la-casa-cornide-por-problemas-de-humedad\/","title":{"rendered":"Los Franco justifican el vaciado de la Casa Cornide \u00abpor problemas de humedad\u00bb"},"content":{"rendered":"<div><img src=\"http:\/\/cordobainforma.info\/wp-content\/uploads\/2025\/08\/los-franco-justifican-el-vaciado-de-la-casa-cornide-por-problemas-de-humedad.jpg\" class=\"ff-og-image-inserted\"><\/div>\n<p>El alicatado de los <strong>trece cuartos de ba\u00f1o<\/strong> \u2014ornamentados, algunos, con s\u00edmbolos <strong>franquistas<\/strong>\u2014 el papel pintado de las paredes, algunas estanter\u00edas, bombillas sueltas, una estatua de <strong>Santiago Peregrino<\/strong> y un bajo relieve. Es m\u00e1s o menos la cuenta final de atractivos interiores que presenta la <strong>casa Cornide<\/strong>, en A Coru\u00f1a, abierta al fin a visitas tras a\u00f1os de recursos judiciales y una multa de la Xunta de Galicia a <strong>los Franco<\/strong> por negarse a abrir al p\u00fablico el palacete que <strong>ocupan <\/strong>desde los a\u00f1os 60. Un <strong>cascar\u00f3n vac\u00edo<\/strong> que llama la atenci\u00f3n a los 20 visitantes que pueden acceder por semana, el m\u00ednimo al que obliga la ley a titulares de <strong>Bienes de Inter\u00e9s Cultural<\/strong>. La completa \u2018nada\u2019 ha llamado tanto la atenci\u00f3n que hasta los Franco han intentado justificarse. Lo ha hecho uno de los nietos del dictador, <strong>Jaime Mart\u00ednez Bordi\u00fa<\/strong>, que atribuye el vaciado total del inmueble a \u00abproblemas de humedad\u00bb, entre otras coyunturas.<\/p>\n<p>\u00abEn esa casa ya no pasamos tiempo. Tuvimos que vaciarla por problemas de humedad, se hicieron obras y, tras el fallecimiento de mi madre<strong>, repartimos las pertenencias como es habitual\u00bb<\/strong>, coment\u00f3 a los medios en un evento en Madrid.<strong> Carmen Franco<\/strong>, \u00fanica hija del dictador, falleci\u00f3 en 2017. Tres a\u00f1os despu\u00e9s, en diciembre de 2020, este peri\u00f3dico capt\u00f3 a operarios contratados por la familia vaciando las dependencias, ayudados de una furgoneta apostada frente a la entrada principal. Curiosamente, el traslado de los bienes se produjo en paralelo al impulso de la declaraci\u00f3n BIC por parte del Ayuntamiento para la casa, y muy pocos meses despu\u00e9s de la sentencia de primera instancia que reconoc\u00eda al estado como titular del <strong>pazo de Meir\u00e1s<\/strong>, otra de las propiedades coru\u00f1esas expoliadas por la familia.<\/p>\n<p>As\u00ed como los bienes interiores del pazo sadense s\u00ed fueron inventariados y objeto de un proceso judicial independiente, nada se sabe del mobiliario que, hasta hace poco, decoraba la casa Cornide. Las \u00fanicas im\u00e1genes del interior que salieron a la luz p\u00fablica en los \u00faltimos a\u00f1os las comparti\u00f3 la web de la inmobiliaria de lujo a trav\u00e9s de la que la familia quiso poner a la venta la propiedad, sin \u00e9xito por el momento, por <strong>3,5 millones de euros. <\/strong><\/p>\n<p>La ausencia de registros gr\u00e1ficos, como el hecho de que la familia <strong>nunca permiti\u00f3 a t\u00e9cnicos de patrimonio<\/strong> entrar a evaluar el estado interior de la propiedad, hace imposible elucubrar qu\u00e9 objetos se llev\u00f3 de la casa, y si estos pertenec\u00edan o no al patrimonio nacional. Para el nieto del dictador, la explicaci\u00f3n es mucho m\u00e1s sencilla. \u00abEs la casa de mi abuela, ahora se muestra porque as\u00ed lo establece la ley. Hemos alcanzado un acuerdo y creo que se puede visitar un d\u00eda a la semana\u00bb, coment\u00f3. En realidad, fue necesario que la Xunta impusiese a los Franco una <strong>multa de 3.000 euros <\/strong>para que se decidiesen a abrirla. Un paso que tendr\u00edan que haber dado en 2023, cuando el inmueble fue declarado BIC de forma oficial. Mientras tanto, el Concello mantiene su intenci\u00f3n de reclamar su titularidad en los tribunales. Una reclamaci\u00f3n de la que el Estado ya se ha desmarcado al considerar desafectado del dominio p\u00fablico el bien. Para iniciar la v\u00eda civil, el Concello deber\u00e1 anular los acuerdos plenarios que hicieron posible el traspaso de la propiedad a la mujer del dictador, un proceso en el que ya trabaja.<\/p>\n","protected":false},"excerpt":{"rendered":"<p>El alicatado de los trece cuartos de ba\u00f1o \u2014ornamentados, algunos, con s\u00edmbolos franquistas\u2014 el papel pintado de las paredes, algunas estanter\u00edas, bombillas sueltas, una estatua de Santiago Peregrino y un bajo relieve. Es m\u00e1s o menos la cuenta final de atractivos interiores que presenta la casa Cornide, en A Coru\u00f1a, abierta al fin a visitas [&hellip;]<\/p>\n","protected":false},"author":1,"featured_media":164665,"comment_status":"closed","ping_status":"closed","sticky":false,"template":"","format":"standard","meta":[],"categories":[2],"tags":[],"_links":{"self":[{"href":"http:\/\/cordobainforma.info\/index.php\/wp-json\/wp\/v2\/posts\/164664"}],"collection":[{"href":"http:\/\/cordobainforma.info\/index.php\/wp-json\/wp\/v2\/posts"}],"about":[{"href":"http:\/\/cordobainforma.info\/index.php\/wp-json\/wp\/v2\/types\/post"}],"author":[{"embeddable":true,"href":"http:\/\/cordobainforma.info\/index.php\/wp-json\/wp\/v2\/users\/1"}],"replies":[{"embeddable":true,"href":"http:\/\/cordobainforma.info\/index.php\/wp-json\/wp\/v2\/comments?post=164664"}],"version-history":[{"count":0,"href":"http:\/\/cordobainforma.info\/index.php\/wp-json\/wp\/v2\/posts\/164664\/revisions"}],"wp:featuredmedia":[{"embeddable":true,"href":"http:\/\/cordobainforma.info\/index.php\/wp-json\/wp\/v2\/media\/164665"}],"wp:attachment":[{"href":"http:\/\/cordobainforma.info\/index.php\/wp-json\/wp\/v2\/media?parent=164664"}],"wp:term":[{"taxonomy":"category","embeddable":true,"href":"http:\/\/cordobainforma.info\/index.php\/wp-json\/wp\/v2\/categories?post=164664"},{"taxonomy":"post_tag","embeddable":true,"href":"http:\/\/cordobainforma.info\/index.php\/wp-json\/wp\/v2\/tags?post=164664"}],"curies":[{"name":"wp","href":"https:\/\/api.w.org\/{rel}","templated":true}]}}