{"id":164628,"date":"2025-08-11T21:18:59","date_gmt":"2025-08-11T21:18:59","guid":{"rendered":"https:\/\/www.escribiendocine.com\/noticias\/2025\/08\/11\/20216-critica-de-una-sombra-voraz-patricio-aramburu-y-diego-velazquez-escalan-la-misma-historia"},"modified":"2025-08-11T21:18:59","modified_gmt":"2025-08-11T21:18:59","slug":"critica-de-una-sombra-voraz-patricio-aramburu-y-diego-velazquez-escalan-la-misma-historia","status":"publish","type":"post","link":"http:\/\/cordobainforma.info\/index.php\/2025\/08\/11\/critica-de-una-sombra-voraz-patricio-aramburu-y-diego-velazquez-escalan-la-misma-historia\/","title":{"rendered":"Cr\u00edtica de \u00abUna sombra voraz\u00bb: Patricio Aramburu y Diego Vel\u00e1zquez escalan la misma historia"},"content":{"rendered":"<div class=\"media_block\"><\/div>\n<div><img src=\"http:\/\/cordobainforma.info\/wp-content\/uploads\/2025\/08\/critica-de-una-sombra-voraz-patricio-aramburu-y-diego-velazquez-escalan-la-misma-historia.jpg\" class=\"ff-og-image-inserted\"><\/div>\n<div readability=\"15.228070175439\">\n<div class=\"col-xs-12 col-sm-6 col-md-12 col-lg-3 no-padding col-der\" readability=\"7\">\n<p> <span class=\"fecha\">lunes 11 de agosto de 2025 <\/span> <\/p>\n<\/p><\/div><\/div>\n<div readability=\"55\">\n<p>Juli\u00e1n Vidal (Patricio Aramburu) y Manuel Rojas (Diego Vel\u00e1zquez) comparten por primera vez el mismo espacio. Uno es escalador; el otro, actor. Uno carg\u00f3 sobre su cuerpo la altura, el fr\u00edo y el vac\u00edo del Annapurna; el otro repiti\u00f3 esos pasos frente a una c\u00e1mara. La misma historia circula entre ellos, pero ninguno la posee por completo. Lo que se dice, lo que se recuerda y lo que se inventa se entrelazan, como si la monta\u00f1a tuviera m\u00faltiples rutas y ninguna fuera definitiva.<\/p>\n<p><strong>Una sombra voraz<\/strong>, la m\u00e1s reciente obra de Mariano Pensotti, alterna dos ascensos: el de Vidal, hijo de un alpinista desaparecido en 1989 que intenta completar la traves\u00eda inconclusa como forma de cerrar un ciclo; y el de Rojas, un int\u00e9rprete en pausa que, al encarnar a ese hombre, encuentra correspondencias con su propia vida. La tensi\u00f3n entre original y copia deja de ser un ejercicio actoral para convertirse en un intercambio \u00edntimo: la representaci\u00f3n no solo reescribe la biograf\u00eda del otro, tambi\u00e9n altera la propia.<\/p>\n<p>La puesta en escena, con escenograf\u00eda dise\u00f1ada por Mariana Tirantte, propone un espacio despojado atravesado por recursos que evocan el ascenso: arneses, desplazamientos, cambios de luz que delimitan tiempos y lugares. No busca ilustrar la monta\u00f1a, sino instalar al espectador en un tercer territorio donde lo vivido y lo filmado se cruzan, se corrigen y se contaminan.<\/p>\n<p>En ese di\u00e1logo, Juli\u00e1n se convierte en un personaje y Manuel en una versi\u00f3n distinta de s\u00ed mismo. Ambos encuentran en la historia compartida una forma de enfrentar el mandato familiar, la figura ausente o presente del padre, la necesidad de emularlo o contradecirlo. La obra no pretende decidir cu\u00e1l relato es m\u00e1s fiel, sino mostrar que toda narraci\u00f3n \u2014en la monta\u00f1a, en el cine o en el escenario\u2014 es una construcci\u00f3n, y que en ese proceso verdad y ficci\u00f3n ascienden juntas.<\/p>\n<p>En su tramo final, <strong>Una sombra voraz<\/strong> alcanza esa altura en la que todo encaja: la precisi\u00f3n de las actuaciones, el pulso firme de la puesta y la claridad con la que Pensotti teje un relato que respira en lo \u00edntimo y se proyecta en lo colectivo.<\/p>\n<\/p><\/div>\n","protected":false},"excerpt":{"rendered":"<p>lunes 11 de agosto de 2025 Juli\u00e1n Vidal (Patricio Aramburu) y Manuel Rojas (Diego Vel\u00e1zquez) comparten por primera vez el mismo espacio. Uno es escalador; el otro, actor. Uno carg\u00f3 sobre su cuerpo la altura, el fr\u00edo y el vac\u00edo del Annapurna; el otro repiti\u00f3 esos pasos frente a una c\u00e1mara. La misma historia circula [&hellip;]<\/p>\n","protected":false},"author":1,"featured_media":164629,"comment_status":"open","ping_status":"closed","sticky":false,"template":"","format":"standard","meta":[],"categories":[21],"tags":[],"_links":{"self":[{"href":"http:\/\/cordobainforma.info\/index.php\/wp-json\/wp\/v2\/posts\/164628"}],"collection":[{"href":"http:\/\/cordobainforma.info\/index.php\/wp-json\/wp\/v2\/posts"}],"about":[{"href":"http:\/\/cordobainforma.info\/index.php\/wp-json\/wp\/v2\/types\/post"}],"author":[{"embeddable":true,"href":"http:\/\/cordobainforma.info\/index.php\/wp-json\/wp\/v2\/users\/1"}],"replies":[{"embeddable":true,"href":"http:\/\/cordobainforma.info\/index.php\/wp-json\/wp\/v2\/comments?post=164628"}],"version-history":[{"count":0,"href":"http:\/\/cordobainforma.info\/index.php\/wp-json\/wp\/v2\/posts\/164628\/revisions"}],"wp:featuredmedia":[{"embeddable":true,"href":"http:\/\/cordobainforma.info\/index.php\/wp-json\/wp\/v2\/media\/164629"}],"wp:attachment":[{"href":"http:\/\/cordobainforma.info\/index.php\/wp-json\/wp\/v2\/media?parent=164628"}],"wp:term":[{"taxonomy":"category","embeddable":true,"href":"http:\/\/cordobainforma.info\/index.php\/wp-json\/wp\/v2\/categories?post=164628"},{"taxonomy":"post_tag","embeddable":true,"href":"http:\/\/cordobainforma.info\/index.php\/wp-json\/wp\/v2\/tags?post=164628"}],"curies":[{"name":"wp","href":"https:\/\/api.w.org\/{rel}","templated":true}]}}