{"id":164618,"date":"2025-08-12T10:16:19","date_gmt":"2025-08-12T10:16:19","guid":{"rendered":"https:\/\/www.mujerhoy.com\/moda\/novias\/georgina-rodriguez-grace-kelly-anillos-compromiso-mas-caros-mundo-20250812120933-nt.html"},"modified":"2025-08-12T10:16:19","modified_gmt":"2025-08-12T10:16:19","slug":"de-georgina-rodriguez-a-grace-kelly-cuales-son-los-anillos-de-compromiso-mas-caros-del-mundo","status":"publish","type":"post","link":"http:\/\/cordobainforma.info\/index.php\/2025\/08\/12\/de-georgina-rodriguez-a-grace-kelly-cuales-son-los-anillos-de-compromiso-mas-caros-del-mundo\/","title":{"rendered":"De Georgina Rodr\u00edguez a Grace Kelly: cu\u00e1les son los anillos de compromiso m\u00e1s caros del mundo"},"content":{"rendered":"<div class=\"media_block\"><\/div>\n<p><!-- AUTHOR --><\/p>\n<div class=\"voc-author-timesocial \">\n<!-- AUTHOR --><\/p>\n<div class=\"voc-author-timesocial__signature \">\n<!-- IMAGE AUTHOR -->\n<picture class=\"voc-image-signature\">\n<img class=\"voc-image-signature__img\" src=\"http:\/\/cordobainforma.info\/wp-content\/uploads\/2025\/08\/de-georgina-rodriguez-a-grace-kelly-cuales-son-los-anillos-de-compromiso-mas-caros-del-mundo.jpg\" alt=\"Raquel Rodr\u00edguez\">\n<\/picture>\n<!-- INFO AUTHOR --> <\/div><\/div>\n<p><!-- COMPONENTS --><\/p>\n<p class=\"voc-paragraph\">Una foto. Dos manos. Y un <a href=\"https:\/\/www.mujerhoy.com\/celebrities\/cuanto-cuesta-anillo-compromiso-georgina-rodriguez-ordinariez-boda-cristiano-20250812100559-nt.html\" data-voc-vtm-id=\"in-text-traffic\" title=\"anillo de compromiso\" data-mrf-link=\"www.mujerhoy.com\">anillo de compromiso<\/a>. Esto es lo que le ha hecho falta a<a href=\"https:\/\/www.mujerhoy.com\/temas\/personajes\/georgina-rodriguez.html\" title=\"www.mujerhoy.com\" data-voc-vtm-id=\"in-text-traffic\" data-mrf-link=\"www.mujerhoy.com\"> Georgina Rodr\u00edguez<\/a> para convertirse en uno de los temas m\u00e1s comentados del d\u00eda. As\u00ed ha anunciado a trav\u00e9s de su viral perfil de Instagram que Cristiano Ronaldo le hab\u00eda pedido matrimonio tras nueve a\u00f1os de relaci\u00f3n y cinco hijos en com\u00fan. Sin embargo, la sorpresa no reside en la inesperada noticia, sino en la semejante joya que la de Jaca luce en su mano: un<strong> imponente anillo<\/strong> que, como era de esperar, no est\u00e1 exento de <strong>pol\u00e9mica<\/strong>.<\/p>\n<p class=\"voc-paragraph\">La sencillez y el minimalismo brillan por su ausencia y como todo lo que rodea a la pareja formada por el futbolista portugu\u00e9s y la protagonista del reality de Netflix, el lujo a raudales y el presumir en redes de un poder adquisitivo que est\u00e1 muy lejos de la realidad de la mayor\u00eda han quedado concentrados en una pieza de la que todo el mundo habla. El anillo, que supera con creces la cifra de los seis ceros, ya se ha colado en el <strong>top cinco de los anillos de compromiso m\u00e1s caros del mundo<\/strong>. \u00bfQuieres saber cu\u00e1les son?<\/p>\n<div class=\"v-c-cmp v-c-cmp--t1 \">\n<div class=\"v-cmp-rld v-cmp-rld--2 \">\n<div class=\"v-cnt-m v-cnt-m--m\">\n<div class=\"v-cnt-m__c\">\n<div class=\"v-cnt-m__w v-cnt-m__w--1\">\n<p class=\"v-cnt-m__t\">\nTAMBI\u00c9N TE INTERESA\n<\/p>\n<\/div>\n<\/div>\n<\/div>\n<div class=\"v-g v-g--2-c v-g--bdr-min-xs\">\n<div class=\"v-g__c \">\n<article class=\"v-a v-a--cmp-rld v-a--cmp-rld-2 v-a--p-l\">\n<div class=\"v-a-img-c\">\n<figure class=\"v-a-fig\">\n<a href=\"https:\/\/www.mujerhoy.com\/moda\/no-te-pierdas\/georgina-rodriguez-gala-met-2025-primera-vez-vestido-lencero-vetements-20250506070022-nt.html#vtm_modulosEngag=mod-rel:moda:noticia:1:cmp:2-not\" class=\"v-a-link\" title=\"La primera vez de Georgina Rodr\u00edguez en la Gala MET 2025: vestidazo lencero de Vetements y espectacular collar de diamantes\"><br \/>\n<img loading=\"lazy\" class=\"v-a-img\" src=\"http:\/\/cordobainforma.info\/wp-content\/uploads\/2025\/08\/de-georgina-rodriguez-a-grace-kelly-cuales-son-los-anillos-de-compromiso-mas-caros-del-mundo-1.jpg\" alt=\"La primera vez de Georgina Rodr\u00edguez en la Gala MET 2025: vestidazo lencero de Vetements y espectacular collar de diamantes\"><br \/>\n<\/a><br \/>\n<\/figure>\n<\/div>\n<\/article>\n<\/div>\n<div class=\"v-g__c \">\n<article class=\"v-a v-a--cmp-rld v-a--cmp-rld-2 v-a--p-l\">\n<div class=\"v-a-img-c\">\n<figure class=\"v-a-fig\">\n<a href=\"https:\/\/www.mujerhoy.com\/belleza\/tratamientos\/georgina-rodriguez-lanza-perfume-arabe-sense-laverne-flores-20241002111057-nt.html#vtm_modulosEngag=mod-rel:moda:noticia:2:cmp:2-not\" class=\"v-a-link\" title=\"El perfume de Georgina Rodr\u00edguez que se suma a la tendencia de la perfumer\u00eda \u00e1rabe y que puedes conseguir barat\u00edsimo\"><br \/>\n<img loading=\"lazy\" class=\"v-a-img\" src=\"http:\/\/cordobainforma.info\/wp-content\/uploads\/2025\/08\/de-georgina-rodriguez-a-grace-kelly-cuales-son-los-anillos-de-compromiso-mas-caros-del-mundo-2.jpg\" alt=\"El perfume de Georgina Rodr\u00edguez que se suma a la tendencia de la perfumer\u00eda \u00e1rabe y que puedes conseguir barat\u00edsimo\"><br \/>\n<\/a><br \/>\n<\/figure>\n<\/div>\n<\/article>\n<\/div>\n<\/div>\n<\/div>\n<\/div>\n<div class=\"v-c-cmp v-c-cmp--s\">\n<div class=\"v-cmp-m \">\n<article class=\"v-a v-a--cmp-m v-c-cmp--m-z\">\n<div class=\"v-a-img-c \">\n<div class=\"v-a-fig\">\n<button class=\"v-a-link\" popovertarget=\"photo-15\"><br \/>\n<img loading=\"lazy\" src=\"http:\/\/cordobainforma.info\/wp-content\/uploads\/2025\/08\/de-georgina-rodriguez-a-grace-kelly-cuales-son-los-anillos-de-compromiso-mas-caros-del-mundo-3.jpg\" class=\"v-a-img\" width=\"650\" height=\"650\" alt data-voc-vtm-id=\"in-text-traffic\"> <\/button><figcaption class=\"v-fc\">\n<span class=\"v-fc__p\"><br \/>\n@georginagio<br \/>\n<\/span><br \/>\n<\/figcaption><\/div>\n<\/div>\n<div id=\"photo-15\" popover class=\"v-mdl v-mdl--fw\">\n<button class=\"v-x\" popovertarget=\"photo-15\" popovertargetaction=\"hide\"><br \/>\n<span class=\"v-i\"><br \/>\n<svg width=\"24\" height=\"23.996\" viewBox=\"0 0 24 23.996\">\n<path data-name=\"Uni\u00f3n 29\" d=\"M12,14.03,2.031,24,0,21.963,9.968,12,0,2.033,2.031,0,12,9.966,21.969,0,24,2.033,14.032,12,24,21.963,21.969,24Z\" \/>\n<\/svg><br \/>\n<\/span><br \/>\n<\/button><\/p>\n<div class=\"v-mdl__c\">\n<div class=\"v-mdl__w\">\n<img loading=\"lazy\" src=\"http:\/\/cordobainforma.info\/wp-content\/uploads\/2025\/08\/de-georgina-rodriguez-a-grace-kelly-cuales-son-los-anillos-de-compromiso-mas-caros-del-mundo-3.jpg\" class=\"v-mdl__img-z\" width=\"650\" height=\"650\" alt>\n<\/div>\n<\/div>\n<\/div>\n<p><span class=\"v-bdp\"><\/span><br \/>\n<\/article>\n<\/div>\n<\/div>\n<p><h3 class=\"v-cmp-suh\">\nGeorgina Rodr\u00edguez<br \/>\n<\/h3>\n<\/p>\n<p class=\"voc-paragraph\">A pocas horas de haberse publicado la imagen, son varias las estimaciones que se han hecho de cu\u00e1nto podr\u00eda costar el anillo de pedida de Georgina. Se hablan de cifras que van desde los tres millones de euros hasta los 12. Sea como fuere, la pieza elegida por Cristiano Ronaldo es un monumental diamante talla oval, acompa\u00f1ado por dos diamantes a cada lado. La piedra central debe rondar los 40 quilates, con un valor estimado entre 10 y 12 millones de euros.<\/p>\n<div class=\"v-c-cmp v-c-cmp--s\">\n<div class=\"v-cmp-m \">\n<article class=\"v-a v-a--cmp-m v-c-cmp--m-z\">\n<div class=\"v-a-img-c \">\n<div class=\"v-a-fig\">\n<button class=\"v-a-link\" popovertarget=\"photo-148\"><br \/>\n<img loading=\"lazy\" src=\"http:\/\/cordobainforma.info\/wp-content\/uploads\/2025\/08\/de-georgina-rodriguez-a-grace-kelly-cuales-son-los-anillos-de-compromiso-mas-caros-del-mundo-4.jpg\" class=\"v-a-img\" width=\"650\" height=\"650\" alt data-voc-vtm-id=\"in-text-traffic\"> <\/button><figcaption class=\"v-fc\">\n<span class=\"v-fc__p\"><br \/>\ngtres<br \/>\n<\/span><br \/>\n<\/figcaption><\/div>\n<\/div>\n<div id=\"photo-148\" popover class=\"v-mdl v-mdl--fw\">\n<button class=\"v-x\" popovertarget=\"photo-148\" popovertargetaction=\"hide\"><br \/>\n<span class=\"v-i\"><br \/>\n<svg width=\"24\" height=\"23.996\" viewBox=\"0 0 24 23.996\">\n<path data-name=\"Uni\u00f3n 29\" d=\"M12,14.03,2.031,24,0,21.963,9.968,12,0,2.033,2.031,0,12,9.966,21.969,0,24,2.033,14.032,12,24,21.963,21.969,24Z\" \/>\n<\/svg><br \/>\n<\/span><br \/>\n<\/button><\/p>\n<div class=\"v-mdl__c\">\n<div class=\"v-mdl__w\">\n<img loading=\"lazy\" src=\"http:\/\/cordobainforma.info\/wp-content\/uploads\/2025\/08\/de-georgina-rodriguez-a-grace-kelly-cuales-son-los-anillos-de-compromiso-mas-caros-del-mundo-4.jpg\" class=\"v-mdl__img-z\" width=\"650\" height=\"650\" alt>\n<\/div>\n<\/div>\n<\/div>\n<p><span class=\"v-bdp\"><\/span><br \/>\n<\/article>\n<\/div>\n<\/div>\n<p><h3 class=\"v-cmp-suh\">\nMariah Carey<br \/>\n<\/h3>\n<\/p>\n<p class=\"voc-paragraph\">El anillo de Mariah Carey era una esmeralda de 35 quilates que le que le regal\u00f3 el empresario James Packer y que ten\u00eda un valor aproxima de 10 millones, aunque ella nunca lleg\u00f3 al altar y termin\u00f3 vendi\u00e9ndolo tras la ruptura a un joyero por 2,1 millones. El joyero, a su vez, lo puso a la venta.<\/p>\n<div class=\"v-c-cmp v-c-cmp--s\">\n<div class=\"v-cmp-m \">\n<article class=\"v-a v-a--cmp-m v-c-cmp--m-z\">\n<div class=\"v-a-img-c \">\n<div class=\"v-a-fig\">\n<button class=\"v-a-link\" popovertarget=\"photo-463\"><br \/>\n<img loading=\"lazy\" src=\"http:\/\/cordobainforma.info\/wp-content\/uploads\/2025\/08\/de-georgina-rodriguez-a-grace-kelly-cuales-son-los-anillos-de-compromiso-mas-caros-del-mundo-5.jpg\" class=\"v-a-img\" width=\"650\" height=\"650\" alt=\"Beyonc\u00e9 con su anillo.\" data-voc-vtm-id=\"in-text-traffic\"> <\/button><figcaption class=\"v-fc\">\n<span class=\"v-fc__t\"><br \/>\nBeyonc\u00e9 con su anillo.<br \/>\n<\/span><br \/>\n<span class=\"v-fc__p\"><br \/>\ngtres<br \/>\n<\/span><br \/>\n<\/figcaption><\/div>\n<\/div>\n<div id=\"photo-463\" popover class=\"v-mdl v-mdl--fw\">\n<button class=\"v-x\" popovertarget=\"photo-463\" popovertargetaction=\"hide\"><br \/>\n<span class=\"v-i\"><br \/>\n<svg width=\"24\" height=\"23.996\" viewBox=\"0 0 24 23.996\">\n<path data-name=\"Uni\u00f3n 29\" d=\"M12,14.03,2.031,24,0,21.963,9.968,12,0,2.033,2.031,0,12,9.966,21.969,0,24,2.033,14.032,12,24,21.963,21.969,24Z\" \/>\n<\/svg><br \/>\n<\/span><br \/>\n<\/button><\/p>\n<div class=\"v-mdl__c\">\n<div class=\"v-mdl__w\">\n<img loading=\"lazy\" src=\"http:\/\/cordobainforma.info\/wp-content\/uploads\/2025\/08\/de-georgina-rodriguez-a-grace-kelly-cuales-son-los-anillos-de-compromiso-mas-caros-del-mundo-5.jpg\" class=\"v-mdl__img-z\" width=\"650\" height=\"650\" alt>\n<\/div>\n<\/div>\n<\/div>\n<p><span class=\"v-bdp\"><\/span><br \/>\n<\/article>\n<\/div>\n<\/div>\n<p><h3 class=\"v-cmp-suh\">\nBeyonce<br \/>\n<\/h3>\n<\/p>\n<p class=\"voc-paragraph\">El anillo de compromiso que le regal\u00f3 Jay-Z a Beyonc\u00e9 es una esmeralda de 24 quilates que cost\u00f3 5 millones. Se col\u00f3 en el top cinco de los anillos de pedida m\u00e1s caros por el tama\u00f1o y pureza de la piedra. A pesar de su gran valor, la cantante lo ha lucido en varias ocasiones.<\/p>\n<div class=\"v-c-cmp v-c-cmp--s\">\n<div class=\"v-cmp-m \">\n<article class=\"v-a v-a--cmp-m v-c-cmp--m-z\">\n<div class=\"v-a-img-c \">\n<div class=\"v-a-fig\">\n<button class=\"v-a-link\" popovertarget=\"photo-850\"><br \/>\n<img loading=\"lazy\" src=\"http:\/\/cordobainforma.info\/wp-content\/uploads\/2025\/08\/de-georgina-rodriguez-a-grace-kelly-cuales-son-los-anillos-de-compromiso-mas-caros-del-mundo-6.jpg\" class=\"v-a-img\" width=\"650\" height=\"650\" alt=\"Elizabeth Taylor y Richard Burton en 1968.\" data-voc-vtm-id=\"in-text-traffic\"> <\/button><figcaption class=\"v-fc\">\n<span class=\"v-fc__t\"><br \/>\nElizabeth Taylor y Richard Burton en 1968.<br \/>\n<\/span><br \/>\n<span class=\"v-fc__p\"><br \/>\ngtres<br \/>\n<\/span><br \/>\n<\/figcaption><\/div>\n<\/div>\n<div id=\"photo-850\" popover class=\"v-mdl v-mdl--fw\">\n<button class=\"v-x\" popovertarget=\"photo-850\" popovertargetaction=\"hide\"><br \/>\n<span class=\"v-i\"><br \/>\n<svg width=\"24\" height=\"23.996\" viewBox=\"0 0 24 23.996\">\n<path data-name=\"Uni\u00f3n 29\" d=\"M12,14.03,2.031,24,0,21.963,9.968,12,0,2.033,2.031,0,12,9.966,21.969,0,24,2.033,14.032,12,24,21.963,21.969,24Z\" \/>\n<\/svg><br \/>\n<\/span><br \/>\n<\/button><\/p>\n<div class=\"v-mdl__c\">\n<div class=\"v-mdl__w\">\n<img loading=\"lazy\" src=\"http:\/\/cordobainforma.info\/wp-content\/uploads\/2025\/08\/de-georgina-rodriguez-a-grace-kelly-cuales-son-los-anillos-de-compromiso-mas-caros-del-mundo-6.jpg\" class=\"v-mdl__img-z\" width=\"650\" height=\"650\" alt>\n<\/div>\n<\/div>\n<\/div>\n<p><span class=\"v-bdp\"><\/span><br \/>\n<\/article>\n<\/div>\n<\/div>\n<p><h3 class=\"v-cmp-suh\">\nElizabeth Taylor<br \/>\n<\/h3>\n<\/p>\n<p class=\"voc-paragraph\">Elizabeth Taylor adquiri\u00f3 al menos unos 10 anillos de compromiso a lo largo de su agitada vida sentimental. Entre ellos, un diamante de 33 quilates, que se vendi\u00f3 en subasta por 8.8 millones, y que es fruto de su matrimonio con Richard Burton. Se trata de una pieza que es s\u00edmbolo del lujo y romance hollywoodiense.<\/p>\n<div class=\"v-c-cmp v-c-cmp--s\">\n<div class=\"v-cmp-m \">\n<article class=\"v-a v-a--cmp-m v-c-cmp--m-z\">\n<div class=\"v-a-img-c \">\n<div class=\"v-a-fig\">\n<button class=\"v-a-link\" popovertarget=\"photo-577\"><br \/>\n<img loading=\"lazy\" src=\"http:\/\/cordobainforma.info\/wp-content\/uploads\/2025\/08\/de-georgina-rodriguez-a-grace-kelly-cuales-son-los-anillos-de-compromiso-mas-caros-del-mundo-7.jpg\" class=\"v-a-img\" width=\"650\" height=\"650\" alt=\"Grace Kelly en la pel\u00edcula Alta sociedad, en 1956.\" data-voc-vtm-id=\"in-text-traffic\"> <\/button><figcaption class=\"v-fc\">\n<span class=\"v-fc__t\"><br \/>\nGrace Kelly en la pel\u00edcula Alta sociedad, en 1956.<br \/>\n<\/span><br \/>\n<span class=\"v-fc__p\"><br \/>\ngtres<br \/>\n<\/span><br \/>\n<\/figcaption><\/div>\n<\/div>\n<div id=\"photo-577\" popover class=\"v-mdl v-mdl--fw\">\n<button class=\"v-x\" popovertarget=\"photo-577\" popovertargetaction=\"hide\"><br \/>\n<span class=\"v-i\"><br \/>\n<svg width=\"24\" height=\"23.996\" viewBox=\"0 0 24 23.996\">\n<path data-name=\"Uni\u00f3n 29\" d=\"M12,14.03,2.031,24,0,21.963,9.968,12,0,2.033,2.031,0,12,9.966,21.969,0,24,2.033,14.032,12,24,21.963,21.969,24Z\" \/>\n<\/svg><br \/>\n<\/span><br \/>\n<\/button><\/p>\n<div class=\"v-mdl__c\">\n<div class=\"v-mdl__w\">\n<img loading=\"lazy\" src=\"http:\/\/cordobainforma.info\/wp-content\/uploads\/2025\/08\/de-georgina-rodriguez-a-grace-kelly-cuales-son-los-anillos-de-compromiso-mas-caros-del-mundo-7.jpg\" class=\"v-mdl__img-z\" width=\"650\" height=\"650\" alt>\n<\/div>\n<\/div>\n<\/div>\n<p><span class=\"v-bdp\"><\/span><br \/>\n<\/article>\n<\/div>\n<\/div>\n<p><h3 class=\"v-cmp-suh\">\nGrace Kelly<br \/>\n<\/h3>\n<\/p>\n<p class=\"voc-paragraph\">El primer puesto sigue siendo para Grace Kelly. Su legendario diamante Cartier de 10 quilates, con una pureza inigualable y excepcional tiene un valor actual de 38 millones de d\u00f3lares. Es considerado uno de los anillos m\u00e1s ic\u00f3nicos de la historia, ya que lo luci\u00f3 la ic\u00f3nica actriz en la \u00faltima pel\u00edcula que protagoniz\u00f3: Alta sociedad, dirigida en 1956 por Charles Walters.<\/p>\n<div class=\"v-c-cmp v-c-cmp--s\">\n<div class=\"v-cmp-m \">\n<article class=\"v-a v-a--cmp-m v-c-cmp--m-z\">\n<div class=\"v-a-img-c \">\n<div class=\"v-a-fig\">\n<button class=\"v-a-link\" popovertarget=\"photo-447\"><br \/>\n<img loading=\"lazy\" src=\"http:\/\/cordobainforma.info\/wp-content\/uploads\/2025\/08\/de-georgina-rodriguez-a-grace-kelly-cuales-son-los-anillos-de-compromiso-mas-caros-del-mundo-8.jpg\" class=\"v-a-img\" width=\"650\" height=\"650\" alt data-voc-vtm-id=\"in-text-traffic\"> <\/button><figcaption class=\"v-fc\">\n<span class=\"v-fc__p\"><br \/>\ngtres<br \/>\n<\/span><br \/>\n<\/figcaption><\/div>\n<\/div>\n<div id=\"photo-447\" popover class=\"v-mdl v-mdl--fw\">\n<button class=\"v-x\" popovertarget=\"photo-447\" popovertargetaction=\"hide\"><br \/>\n<span class=\"v-i\"><br \/>\n<svg width=\"24\" height=\"23.996\" viewBox=\"0 0 24 23.996\">\n<path data-name=\"Uni\u00f3n 29\" d=\"M12,14.03,2.031,24,0,21.963,9.968,12,0,2.033,2.031,0,12,9.966,21.969,0,24,2.033,14.032,12,24,21.963,21.969,24Z\" \/>\n<\/svg><br \/>\n<\/span><br \/>\n<\/button><\/p>\n<div class=\"v-mdl__c\">\n<div class=\"v-mdl__w\">\n<img loading=\"lazy\" src=\"http:\/\/cordobainforma.info\/wp-content\/uploads\/2025\/08\/de-georgina-rodriguez-a-grace-kelly-cuales-son-los-anillos-de-compromiso-mas-caros-del-mundo-8.jpg\" class=\"v-mdl__img-z\" width=\"650\" height=\"650\" alt>\n<\/div>\n<\/div>\n<\/div>\n<p><span class=\"v-bdp\"><\/span><br \/>\n<\/article>\n<\/div>\n<\/div>\n<p><h3 class=\"v-cmp-suh\">\nKim Kardashian<br \/>\n<\/h3>\n<\/p>\n<p class=\"voc-paragraph\">Otra de las mujeres ejemplo del lujo desmedido. Kim recibi\u00f3 un diamante de talla oval con, aproximadamente, 40 quilates. Tiene un valor estimado de entre 10 y 12 millones de euros y es un dise\u00f1o que destaca por su tama\u00f1o y elegancia, que lo hace ideal para dedos m\u00e1s cortos.<\/p>\n<p class=\"voc-paragraph\">Se trata de piezas con un valor definido por varios factores. El corte y la calidad influyen much\u00edsimo en el precio, ya que los<strong> diamantes talla oval suelen tener 58 facetas<\/strong>, optimizando brillo y tama\u00f1o aparente. Por otro lado, la procedencia de la piedra y la marca del joyero (Cartier, Tiffany, Harry Winston) tambi\u00e9n suben el valor.<\/p>\n<div class=\"v-c-cmp v-c-cmp--t1 \">\n<div class=\"v-cmp-rld v-cmp-rld--2 \">\n<div class=\"v-cnt-m v-cnt-m--m\">\n<div class=\"v-cnt-m__c\">\n<div class=\"v-cnt-m__w v-cnt-m__w--1\">\n<p class=\"v-cnt-m__t\">\nTAMBI\u00c9N TE INTERESA\n<\/p>\n<\/div>\n<\/div>\n<\/div>\n<div class=\"v-g v-g--2-c v-g--bdr-min-xs\">\n<div class=\"v-g__c \">\n<article class=\"v-a v-a--cmp-rld v-a--cmp-rld-2 v-a--p-l\">\n<div class=\"v-a-img-c\">\n<figure class=\"v-a-fig\">\n<a href=\"https:\/\/www.mujerhoy.com\/moda\/no-te-pierdas\/anillos-compromiso-baratos-el-corte-ingles-20250508134245-nt.html#vtm_modulosEngag=mod-rel:moda:noticia:1:cmp:2-not\" class=\"v-a-link\" title=\"Anillos dorados y plateados de compromiso por menos de 200 euros que puedes comprar en El Corte Ingl\u00e9s\"><br \/>\n<img loading=\"lazy\" class=\"v-a-img\" src=\"http:\/\/cordobainforma.info\/wp-content\/uploads\/2025\/08\/de-georgina-rodriguez-a-grace-kelly-cuales-son-los-anillos-de-compromiso-mas-caros-del-mundo-9.jpg\" alt=\"Anillos dorados y plateados de compromiso por menos de 200 euros que puedes comprar en El Corte Ingl\u00e9s\"><br \/>\n<\/a><br \/>\n<\/figure>\n<\/div>\n<\/article>\n<\/div>\n<div class=\"v-g__c \">\n<article class=\"v-a v-a--cmp-rld v-a--cmp-rld-2 v-a--p-l\">\n<div class=\"v-a-img-c\">\n<figure class=\"v-a-fig\">\n<a href=\"https:\/\/www.mujerhoy.com\/celebrities\/realeza\/nicolas-grecia-novia-anillo-compromiso-clasico-chrysi-vardinogianni-20250129135816-nt.html#vtm_modulosEngag=mod-rel:moda:noticia:2:cmp:2-not\" class=\"v-a-link\" title=\"El original anillo de compromiso de Chrysi Vardinogianni, la prometida de Nicol\u00e1s de Grecia: minimalista y cl\u00e1sico\"><br \/>\n<img loading=\"lazy\" class=\"v-a-img\" src=\"http:\/\/cordobainforma.info\/wp-content\/uploads\/2025\/08\/de-georgina-rodriguez-a-grace-kelly-cuales-son-los-anillos-de-compromiso-mas-caros-del-mundo-10.jpg\" alt=\"El original anillo de compromiso de Chrysi Vardinogianni, la prometida de Nicol\u00e1s de Grecia: minimalista y cl\u00e1sico\"><br \/>\n<\/a><br \/>\n<\/figure>\n<\/div>\n<\/article>\n<\/div>\n<\/div>\n<\/div>\n<\/div>\n","protected":false},"excerpt":{"rendered":"<p>Una foto. Dos manos. Y un anillo de compromiso. Esto es lo que le ha hecho falta a Georgina Rodr\u00edguez para convertirse en uno de los temas m\u00e1s comentados del d\u00eda. As\u00ed ha anunciado a trav\u00e9s de su viral perfil de Instagram que Cristiano Ronaldo le hab\u00eda pedido matrimonio tras nueve a\u00f1os de relaci\u00f3n y [&hellip;]<\/p>\n","protected":false},"author":1,"featured_media":164619,"comment_status":"closed","ping_status":"closed","sticky":false,"template":"","format":"standard","meta":[],"categories":[24],"tags":[],"_links":{"self":[{"href":"http:\/\/cordobainforma.info\/index.php\/wp-json\/wp\/v2\/posts\/164618"}],"collection":[{"href":"http:\/\/cordobainforma.info\/index.php\/wp-json\/wp\/v2\/posts"}],"about":[{"href":"http:\/\/cordobainforma.info\/index.php\/wp-json\/wp\/v2\/types\/post"}],"author":[{"embeddable":true,"href":"http:\/\/cordobainforma.info\/index.php\/wp-json\/wp\/v2\/users\/1"}],"replies":[{"embeddable":true,"href":"http:\/\/cordobainforma.info\/index.php\/wp-json\/wp\/v2\/comments?post=164618"}],"version-history":[{"count":0,"href":"http:\/\/cordobainforma.info\/index.php\/wp-json\/wp\/v2\/posts\/164618\/revisions"}],"wp:featuredmedia":[{"embeddable":true,"href":"http:\/\/cordobainforma.info\/index.php\/wp-json\/wp\/v2\/media\/164619"}],"wp:attachment":[{"href":"http:\/\/cordobainforma.info\/index.php\/wp-json\/wp\/v2\/media?parent=164618"}],"wp:term":[{"taxonomy":"category","embeddable":true,"href":"http:\/\/cordobainforma.info\/index.php\/wp-json\/wp\/v2\/categories?post=164618"},{"taxonomy":"post_tag","embeddable":true,"href":"http:\/\/cordobainforma.info\/index.php\/wp-json\/wp\/v2\/tags?post=164618"}],"curies":[{"name":"wp","href":"https:\/\/api.w.org\/{rel}","templated":true}]}}