{"id":164606,"date":"2025-08-12T11:05:39","date_gmt":"2025-08-12T11:05:39","guid":{"rendered":"http:\/\/cordobainforma.info\/index.php\/2025\/08\/12\/la-justicia-de-eeuu-define-que-pasara-en-el-juicio-millonario-por-ypf-las-3-posibilidades\/"},"modified":"2025-08-12T11:05:39","modified_gmt":"2025-08-12T11:05:39","slug":"la-justicia-de-eeuu-define-que-pasara-en-el-juicio-millonario-por-ypf-las-3-posibilidades","status":"publish","type":"post","link":"http:\/\/cordobainforma.info\/index.php\/2025\/08\/12\/la-justicia-de-eeuu-define-que-pasara-en-el-juicio-millonario-por-ypf-las-3-posibilidades\/","title":{"rendered":"La justicia de EEUU define qu\u00e9 pasar\u00e1 en el juicio millonario por YPF: las 3 posibilidades"},"content":{"rendered":"<div class=\"media_block\"><\/div>\n<div><img src=\"http:\/\/cordobainforma.info\/wp-content\/uploads\/2025\/08\/la-justicia-de-eeuu-define-que-pasara-en-el-juicio-millonario-por-ypf-las-3-posibilidades.jpg\" class=\"ff-og-image-inserted\"><\/div>\n<p>Diez a\u00f1os despu\u00e9s de iniciada la causa, este martes 12 de agosto, la <strong>Corte de Apelaciones de Nueva York debe <\/strong>resolver si mantiene en suspenso la orden de la <strong>jueza Loretta Preska<\/strong> de que la Argentina entregue las acciones de la petrolera YPF como pago por la expropiaci\u00f3n \u201cmal realizada\u201d por <strong>Cristina Kirchner en el 2012<\/strong>, o si obliga a la Argentina a depositar ese activo, u otros.<\/p>\n<h2><strong>Cu\u00e1les son las 3 alternativas que pueden surgir de la decisi\u00f3n de la corte de apelaciones de EEUU por el caso YPF<\/strong><\/h2>\n<section class=\"article__unorderlist\" readability=\"46\">\n<p>Que se le conceda a la Argentina continuar la medida cautelar que suspende el traspaso de las acciones. La jueza Preska, encargada del caso, determin\u00f3 en junio pasado que el juicio de US$ 16.100 millones se cancele con el 51% de las acciones que el Estado argentino tiene en la petrolera.<\/p>\n<p>Que la Corte niegue la cautelar presentada por el Estado y, por lo tanto, Preska pida la ejecuci\u00f3n de las acciones. Ya el financista de los demandantes, Burford Capital, anticip\u00f3 que no liquidar\u00e1 ese pago, como \u201cacto de buena fe\u201d.<\/p>\n<p>Que la Corte conceda la medida en suspenso, pero entienda que pagar con acciones es casi imposible para la Argentina. En este caso puede definir que el Gobierno ponga a cambio otros activos que representen las acciones de YPF, por ejemplo bonos de mediano o largo plazo.<\/p>\n<\/section>\n<p>Si la Corte de Apelaciones mantiene en suspenso la orden de la jueza Preska de entregar el 51% de acciones de YPF como pago del juicio, habr\u00e1 otra instancia en la que se definir\u00e1 sobre esa orden en s\u00ed.<\/p>\n<p>Si la Corte no concede la suspensi\u00f3n total del traspaso de las acciones, es decir, se define por cualquiera de las otras dos opciones, se abren dos caminos:<\/p>\n<section class=\"article__unorderlist\" readability=\"27\">\n<p>Llegar a un acuerdo con los acreedores. <\/p>\n<p>No cumplir el fallo. <\/p>\n<\/section>\n<p>En el segundo caso, la Argentina <em><strong>corre riesgo de entrar en desacato<\/strong><\/em>, y arriesgarse a sufrir el embargo de reservas del Banco Central (BCRA), intervenir para que el pa\u00eds no pueda salir a los mercados de capitales o que se le embarguen activos a YPF.<\/p>\n<h3><strong>Cu\u00e1l es el origen de este juicio multimillonario<\/strong><\/h3>\n<p>El juicio es por la expropiaci\u00f3n de la petrolera, por el cual la jueza Preska dispuso que la Argentina debe indemnizar a los demandantes en US$ 16.100 millones, a los cuales se les suman m\u00e1s de US$ 2 millones diarios de intereses.<\/p>\n<p>En el juicio no se discute si la Argentina ten\u00eda derecho a expropiar o no la compa\u00f1\u00eda, ni un tema de soberan\u00eda del pa\u00eds.<\/p>\n<p>La demanda es porque el gobierno de Cristina Kirchner no realiz\u00f3 la Oferta P\u00fablica de Adquisici\u00f3n que indica el estatuto de YPF, omisi\u00f3n que perjudic\u00f3 derechos de inversores que compraron las acciones en Nueva York -donde cotiza YPF-, y que por lo tanto da lugar a que el litigio se produzca en Nueva York. <\/p>\n<p>Seg\u00fan record\u00f3 <strong>Clar\u00edn<\/strong>, el litigio surge del incumplimiento de una promesa realizada por el gobierno de Carlos Sa\u00fal Menem en 1993, cuando acudi\u00f3 a Wall Street para privatizar la empresa, recaudando US$ 1.100 millones bajo las leyes y regulaciones del mercado de capitales de Estados Unidos.<\/p>\n<p><em>En desarrollo&#8230;<\/em><\/p>\n","protected":false},"excerpt":{"rendered":"<p>Diez a\u00f1os despu\u00e9s de iniciada la causa, este martes 12 de agosto, la Corte de Apelaciones de Nueva York debe resolver si mantiene en suspenso la orden de la jueza Loretta Preska de que la Argentina entregue las acciones de la petrolera YPF como pago por la expropiaci\u00f3n \u201cmal realizada\u201d por Cristina Kirchner en el [&hellip;]<\/p>\n","protected":false},"author":1,"featured_media":164607,"comment_status":"closed","ping_status":"closed","sticky":false,"template":"","format":"standard","meta":[],"categories":[2],"tags":[],"_links":{"self":[{"href":"http:\/\/cordobainforma.info\/index.php\/wp-json\/wp\/v2\/posts\/164606"}],"collection":[{"href":"http:\/\/cordobainforma.info\/index.php\/wp-json\/wp\/v2\/posts"}],"about":[{"href":"http:\/\/cordobainforma.info\/index.php\/wp-json\/wp\/v2\/types\/post"}],"author":[{"embeddable":true,"href":"http:\/\/cordobainforma.info\/index.php\/wp-json\/wp\/v2\/users\/1"}],"replies":[{"embeddable":true,"href":"http:\/\/cordobainforma.info\/index.php\/wp-json\/wp\/v2\/comments?post=164606"}],"version-history":[{"count":0,"href":"http:\/\/cordobainforma.info\/index.php\/wp-json\/wp\/v2\/posts\/164606\/revisions"}],"wp:featuredmedia":[{"embeddable":true,"href":"http:\/\/cordobainforma.info\/index.php\/wp-json\/wp\/v2\/media\/164607"}],"wp:attachment":[{"href":"http:\/\/cordobainforma.info\/index.php\/wp-json\/wp\/v2\/media?parent=164606"}],"wp:term":[{"taxonomy":"category","embeddable":true,"href":"http:\/\/cordobainforma.info\/index.php\/wp-json\/wp\/v2\/categories?post=164606"},{"taxonomy":"post_tag","embeddable":true,"href":"http:\/\/cordobainforma.info\/index.php\/wp-json\/wp\/v2\/tags?post=164606"}],"curies":[{"name":"wp","href":"https:\/\/api.w.org\/{rel}","templated":true}]}}