{"id":164602,"date":"2025-08-11T18:42:51","date_gmt":"2025-08-11T18:42:51","guid":{"rendered":"https:\/\/cordoba.gob.ar\/?p=80065"},"modified":"2025-08-11T18:42:51","modified_gmt":"2025-08-11T18:42:51","slug":"jornadas-de-alimentacion-saludable-para-ninos-y-ninas-en-los-parques-educativos","status":"publish","type":"post","link":"http:\/\/cordobainforma.info\/index.php\/2025\/08\/11\/jornadas-de-alimentacion-saludable-para-ninos-y-ninas-en-los-parques-educativos\/","title":{"rendered":"Jornadas de alimentaci\u00f3n saludable para ni\u00f1os y ni\u00f1as en los Parques Educativos"},"content":{"rendered":"<div><img src=\"http:\/\/cordobainforma.info\/wp-content\/uploads\/2025\/08\/jornadas-de-alimentacion-saludable-para-ninos-y-ninas-en-los-parques-educativos.jpg\" class=\"ff-og-image-inserted\"><\/div>\n<ul>\n<li><strong>La pr\u00f3xima presentaci\u00f3n se realizar\u00e1 este martes en el Parque Educativo Norte de 10:00 a 14:00 horas.<\/strong><\/li>\n<\/ul>\n<hr>\n<p>Con el objetivo de fomentar h\u00e1bitos saludables desde la ni\u00f1ez, se llevan adelante jornadas de alimentaci\u00f3n saludable en los Parques Educativos de la ciudad.<\/p>\n<p>La propuesta incluye la obra teatral \u201cCocina con Giorgio\u201d, presentada por la Asociaci\u00f3n Civil Supersaludable, que combina humor, m\u00fasica y educaci\u00f3n alimentaria.<\/p>\n<p>A trav\u00e9s de la historia de Giorgio, ni\u00f1os y ni\u00f1as aprenden sobre alimentos con mejor perfil nutricional, regionalidad y estacionalidad, porciones y frecuencias saludables, inocuidad alimentaria y t\u00e9cnicas culinarias simples que mejoran la calidad de recetas tradicionales, aprovechando al m\u00e1ximo los productos locales.<\/p>\n<p>Las funciones se desarrollar\u00e1n en los seis Parques Educativos, en el marco de las actividades por el Mes de las Infancias.<\/p>\n<p>La pr\u00f3xima jornada se realizar\u00e1 este martes en el Parque Educativo Norte de 10:00 a 14:00 horas. El mi\u00e9rcoles se trasladar\u00e1 al Parque Educativo Sureste y el jueves se presentar\u00e1 en el Parque Educativo Noroeste.<\/p>\n<p>La propuesta es organizada por la Municipalidad de C\u00f3rdoba, a trav\u00e9s de la Subsecretar\u00eda de Educaci\u00f3n Social, Cient\u00edfica y Tecnol\u00f3gica de la Secretar\u00eda de Educaci\u00f3n.<\/p>\n","protected":false},"excerpt":{"rendered":"<p>La pr\u00f3xima presentaci\u00f3n se realizar\u00e1 este martes en el Parque Educativo Norte de 10:00 a 14:00 horas. Con el objetivo de fomentar h\u00e1bitos saludables desde la ni\u00f1ez, se llevan adelante jornadas de alimentaci\u00f3n saludable en los Parques Educativos de la ciudad. La propuesta incluye la obra teatral \u201cCocina con Giorgio\u201d, presentada por la Asociaci\u00f3n Civil [&hellip;]<\/p>\n","protected":false},"author":1,"featured_media":164603,"comment_status":"closed","ping_status":"closed","sticky":false,"template":"","format":"standard","meta":[],"categories":[2],"tags":[],"_links":{"self":[{"href":"http:\/\/cordobainforma.info\/index.php\/wp-json\/wp\/v2\/posts\/164602"}],"collection":[{"href":"http:\/\/cordobainforma.info\/index.php\/wp-json\/wp\/v2\/posts"}],"about":[{"href":"http:\/\/cordobainforma.info\/index.php\/wp-json\/wp\/v2\/types\/post"}],"author":[{"embeddable":true,"href":"http:\/\/cordobainforma.info\/index.php\/wp-json\/wp\/v2\/users\/1"}],"replies":[{"embeddable":true,"href":"http:\/\/cordobainforma.info\/index.php\/wp-json\/wp\/v2\/comments?post=164602"}],"version-history":[{"count":0,"href":"http:\/\/cordobainforma.info\/index.php\/wp-json\/wp\/v2\/posts\/164602\/revisions"}],"wp:featuredmedia":[{"embeddable":true,"href":"http:\/\/cordobainforma.info\/index.php\/wp-json\/wp\/v2\/media\/164603"}],"wp:attachment":[{"href":"http:\/\/cordobainforma.info\/index.php\/wp-json\/wp\/v2\/media?parent=164602"}],"wp:term":[{"taxonomy":"category","embeddable":true,"href":"http:\/\/cordobainforma.info\/index.php\/wp-json\/wp\/v2\/categories?post=164602"},{"taxonomy":"post_tag","embeddable":true,"href":"http:\/\/cordobainforma.info\/index.php\/wp-json\/wp\/v2\/tags?post=164602"}],"curies":[{"name":"wp","href":"https:\/\/api.w.org\/{rel}","templated":true}]}}