{"id":164598,"date":"2025-08-12T09:31:18","date_gmt":"2025-08-12T09:31:18","guid":{"rendered":"http:\/\/cordobainforma.info\/index.php\/2025\/08\/12\/relevamiento-en-cordoba-la-mitad-de-los-hogares-suspendio-una-comida-diaria\/"},"modified":"2025-08-12T09:31:18","modified_gmt":"2025-08-12T09:31:18","slug":"relevamiento-en-cordoba-la-mitad-de-los-hogares-suspendio-una-comida-diaria","status":"publish","type":"post","link":"http:\/\/cordobainforma.info\/index.php\/2025\/08\/12\/relevamiento-en-cordoba-la-mitad-de-los-hogares-suspendio-una-comida-diaria\/","title":{"rendered":"Relevamiento en <b>C\u00f3rdoba<\/b>: la mitad de los hogares suspendi\u00f3 una comida diaria"},"content":{"rendered":"<p>&#8230; econ\u00f3mico de los hogares y con mayor impulso de los m\u00e1s vulnerables. &#8230; Villa <b>Nueva<\/b>: Inauguraron espacio de salud en barrio Malvinas Argentinas. <\/p>\n","protected":false},"excerpt":{"rendered":"<p>&#8230; econ\u00f3mico de los hogares y con mayor impulso de los m\u00e1s vulnerables. &#8230; Villa Nueva: Inauguraron espacio de salud en barrio Malvinas Argentinas.<\/p>\n","protected":false},"author":1,"featured_media":0,"comment_status":"closed","ping_status":"closed","sticky":false,"template":"","format":"standard","meta":[],"categories":[23],"tags":[],"_links":{"self":[{"href":"http:\/\/cordobainforma.info\/index.php\/wp-json\/wp\/v2\/posts\/164598"}],"collection":[{"href":"http:\/\/cordobainforma.info\/index.php\/wp-json\/wp\/v2\/posts"}],"about":[{"href":"http:\/\/cordobainforma.info\/index.php\/wp-json\/wp\/v2\/types\/post"}],"author":[{"embeddable":true,"href":"http:\/\/cordobainforma.info\/index.php\/wp-json\/wp\/v2\/users\/1"}],"replies":[{"embeddable":true,"href":"http:\/\/cordobainforma.info\/index.php\/wp-json\/wp\/v2\/comments?post=164598"}],"version-history":[{"count":0,"href":"http:\/\/cordobainforma.info\/index.php\/wp-json\/wp\/v2\/posts\/164598\/revisions"}],"wp:attachment":[{"href":"http:\/\/cordobainforma.info\/index.php\/wp-json\/wp\/v2\/media?parent=164598"}],"wp:term":[{"taxonomy":"category","embeddable":true,"href":"http:\/\/cordobainforma.info\/index.php\/wp-json\/wp\/v2\/categories?post=164598"},{"taxonomy":"post_tag","embeddable":true,"href":"http:\/\/cordobainforma.info\/index.php\/wp-json\/wp\/v2\/tags?post=164598"}],"curies":[{"name":"wp","href":"https:\/\/api.w.org\/{rel}","templated":true}]}}